{"id":11420,"date":"2026-04-27T15:26:05","date_gmt":"2026-04-27T18:26:05","guid":{"rendered":"https:\/\/historiaintelectual.com.ar\/?p=11420"},"modified":"2026-04-27T15:43:27","modified_gmt":"2026-04-27T18:43:27","slug":"premios-konex-2026-en-humanidades","status":"publish","type":"post","link":"https:\/\/historiaintelectual.com.ar\/eng\/premios-konex-2026-en-humanidades\/","title":{"rendered":"Premios Konex 2026 en Humanidades"},"content":{"rendered":"<div data-elementor-type=\"wp-post\" data-elementor-id=\"11420\" class=\"elementor elementor-11420\" data-elementor-post-type=\"post\">\n\t\t\t\t<div class=\"elementor-element elementor-element-08ed315 e-con-full e-flex e-con e-parent\" data-id=\"08ed315\" data-element_type=\"container\" data-e-type=\"container\">\n\t\t\t\t<div class=\"elementor-element elementor-element-9cb12fb elementor-widget elementor-widget-theme-post-title elementor-page-title elementor-widget-heading\" data-id=\"9cb12fb\" data-element_type=\"widget\" data-e-type=\"widget\" data-widget_type=\"theme-post-title.default\">\n\t\t\t\t<div class=\"elementor-widget-container\">\n\t\t\t\t\t<h2 class=\"elementor-heading-title elementor-size-default\">Premios Konex 2026 en Humanidades<\/h2>\t\t\t\t<\/div>\n\t\t\t\t<\/div>\n\t\t\t\t<div class=\"elementor-element elementor-element-0170ac0 elementor-widget__width-inherit elementor-widget elementor-widget-image\" data-id=\"0170ac0\" data-element_type=\"widget\" data-e-type=\"widget\" data-widget_type=\"image.default\">\n\t\t\t\t<div class=\"elementor-widget-container\">\n\t\t\t\t\t\t\t\t\t\t\t\t\t\t\t<img fetchpriority=\"high\" decoding=\"async\" width=\"427\" height=\"167\" src=\"https:\/\/historiaintelectual.com.ar\/wp-content\/uploads\/2026\/04\/KonexWEB.png\" class=\"attachment-medium_large size-medium_large wp-image-11427\" alt=\"\" srcset=\"https:\/\/historiaintelectual.com.ar\/wp-content\/uploads\/2026\/04\/KonexWEB.png 427w, https:\/\/historiaintelectual.com.ar\/wp-content\/uploads\/2026\/04\/KonexWEB-300x117.png 300w, https:\/\/historiaintelectual.com.ar\/wp-content\/uploads\/2026\/04\/KonexWEB-18x7.png 18w\" sizes=\"(max-width: 427px) 100vw, 427px\" \/>\t\t\t\t\t\t\t\t\t\t\t\t\t\t\t<\/div>\n\t\t\t\t<\/div>\n\t\t\t\t<div class=\"elementor-element elementor-element-4a4018c elementor-widget elementor-widget-text-editor\" data-id=\"4a4018c\" data-element_type=\"widget\" data-e-type=\"widget\" data-widget_type=\"text-editor.default\">\n\t\t\t\t<div class=\"elementor-widget-container\">\n\t\t\t\t\t\t\t\t\t<p><span style=\"font-weight: 400;\">La Fundaci\u00f3n Konex anunci\u00f3 los Diplomas al M\u00e9rito correspondientes a la edici\u00f3n 2026 en el \u00e1rea <\/span><b>Humanidades<\/b><span style=\"font-weight: 400;\">. Entre los distinguidos se encuentran tres investigadores del Centro de Historia Intelectual: Adri\u00e1n Gorelik y El\u00edas Palti, en la disciplina Historia Pol\u00edtica, Cultura e Intelectual, y Roy Hora, en Historia Econ\u00f3mica y Social.<\/span><\/p><p><span style=\"font-weight: 400;\">El <strong>jurado<\/strong> de esta 47\u00b0 edici\u00f3n de los Premios Konex est\u00e1 integrado por veinte personalidades destacadas y es presidido por A\u00edda Kemelmajer, con Pablo Gerchunoff como secretario general y Jos\u00e9 Emilio Buruc\u00faa como invitado especial. En esta oportunidad, las disciplinas vinculadas a la <strong>Historia<\/strong> fueron incluidas en Humanidades (hasta 2014 formaban parte de Letras).<\/span><\/p><p><span style=\"font-weight: 400;\">En ediciones anteriores, tambi\u00e9n fueron distinguidos investigadores del Centro de Historia Intelectual, como <a href=\"https:\/\/historiaintelectual.com.ar\/eng\/carlos-altamirano\/\" target=\"_blank\" rel=\"noopener\"><strong>Carlos Altamirano<\/strong> <\/a>(Konex de Platino en 2014) y <a href=\"https:\/\/historiaintelectual.com.ar\/eng\/sebastian-carassai\/\" target=\"_blank\" rel=\"noopener\"><strong>Sebasti\u00e1n Carassai<\/strong><\/a> (Diploma al M\u00e9rito, 2016).<\/span><\/p><h5><b>Sobre los investigadores distinguidos<\/b><\/h5><p><a href=\"https:\/\/historiaintelectual.com.ar\/eng\/adrian-gorelik\/\" target=\"_blank\" rel=\"noopener\"><b>Adri\u00e1n Gorelik<\/b><\/a><span style=\"font-weight: 400;\"> es arquitecto y doctor en Historia por la Universidad de Buenos Aires. Es investigador principal del CONICET y fue profesor titular de la Universidad Nacional de Quilmes hasta 2024. Integra el consejo de direcci\u00f3n de <\/span><i><span style=\"font-weight: 400;\">Prismas.Revista de Historia Intelectual<\/span><\/i><span style=\"font-weight: 400;\">. Entre sus libros se destaca<\/span><i><span style=\"font-weight: 400;\"> La grilla y el parque. Espacio p\u00fablico y cultura urbana en Buenos Aires, 1887-1936<\/span><\/i><span style=\"font-weight: 400;\"> (1998) y <em>La ciudad latinoamericana. Una figura de la imaginaci\u00f3n social del siglo XX\u00a0<\/em>(2022). Sus investigaciones se centran en la <strong>historia cultural urbana, la historia de las ideas<\/strong> de ciudad en Am\u00e9rica Latina y las relaciones entre historia intelectual, ciudad y arquitectura.<\/span><\/p><p><a href=\"https:\/\/historiaintelectual.com.ar\/eng\/elias-palti\/\" target=\"_blank\" rel=\"noopener\"><b>El\u00edas Palti<\/b><\/a><span style=\"font-weight: 400;\"> es doctor en Historia por la University of California, Berkeley, y realiz\u00f3 estudios de posdoctorado en El Colegio de M\u00e9xico y en Harvard University. Actualmente es profesor en la Universidad Nacional de Quilmes y en la Universidad de Buenos Aires. Ha publicado, entre otros libros, <\/span><i><span style=\"font-weight: 400;\">Apor\u00edas. Tiempo, modernidad, historia, sujeto, naci\u00f3n, ley <\/span><\/i><span style=\"font-weight: 400;\">(2001);<\/span><i><span style=\"font-weight: 400;\"> La naci\u00f3n como problema. Los historiadores y la \u201ccuesti\u00f3n nacional\u201d<\/span><\/i><span style=\"font-weight: 400;\"> (2003); <\/span><i><span style=\"font-weight: 400;\">La invenci\u00f3n de la legitimidad. Raz\u00f3n y ret\u00f3rica en el pensamiento mexicano del siglo XIX<\/span><\/i><span style=\"font-weight: 400;\"> (2005).\u00a0<\/span><\/p><p><a href=\"https:\/\/historiaintelectual.com.ar\/eng\/roy-hora\/\" target=\"_blank\" rel=\"noopener\"><b>Roy Hora<\/b><\/a><span style=\"font-weight: 400;\"> es doctor en Historia por la Universidad de Oxford, investigador principal del CONICET, profesor titular en la Universidad Nacional de Quilmes y profesor en la Universidad de San Andr\u00e9s. Entre sus libros se encuentran <\/span><i><span style=\"font-weight: 400;\">Los estancieros contra el Estado<\/span><\/i><span style=\"font-weight: 400;\"> (2009) e <\/span><i><span style=\"font-weight: 400;\">Historia econ\u00f3mica de la Argentina en el siglo XIX <\/span><\/i><span style=\"font-weight: 400;\">(2010). Sus investigaciones abordan la historia argentina entre 1850 y 1945, con \u00e9nfasis en la historia econ\u00f3mica y pol\u00edtica de las clases sociales.<\/span><\/p><p><span style=\"font-weight: 400;\">Este es un reconocimiento a sus trayectorias y aportes a la historia intelectual, pol\u00edtica y econ\u00f3mica.<\/span><\/p><h5><b>Sobre los Premios Konex<\/b><\/h5><p><span style=\"font-weight: 400;\">Los Premios Konex fueron creados en 1980 por Luis Ovsejevich con el objetivo de distinguir a las personalidades e instituciones m\u00e1s relevantes de la Argentina en distintas actividades culturales.\u00a0<\/span><\/p><p><span style=\"font-weight: 400;\">La ceremonia de entrega de los Diplomas al M\u00e9rito tendr\u00e1 lugar el 8 de septiembre en la Facultad de Derecho de la Universidad de Buenos Aires. Con posterioridad a la entrega de los Diplomas al M\u00e9rito, el jurado seleccionar\u00e1 a las figuras destacadas de cada disciplina, quienes recibir\u00e1n el <strong>Konex de Platino,<\/strong> y entre ellas se elegir\u00e1 el <strong>Konex de Brillante.<\/strong>\u00a0<\/span><\/p>\t\t\t\t\t\t\t\t<\/div>\n\t\t\t\t<\/div>\n\t\t\t\t<\/div>\n\t\t\t\t<\/div>","protected":false},"excerpt":{"rendered":"<p>Los investigadores Adri\u00e1n Gorelik, El\u00edas Palti y Roy Hora, integrantes del Centro de Historia Intelectual, fueron distinguidos con los Diplomas al M\u00e9rito de los Premios Konex 2026 en Humanidades, uno de los reconocimientos culturales m\u00e1s importantes de la Argentina. <\/p>","protected":false},"author":96742469,"featured_media":11421,"comment_status":"closed","ping_status":"closed","sticky":false,"template":"","format":"standard","meta":{"footnotes":""},"categories":[92,213],"tags":[],"class_list":["post-11420","post","type-post","status-publish","format-standard","has-post-thumbnail","hentry","category-actividades-en-curso","category-novedades"],"yoast_head":"<!-- This site is optimized with the Yoast SEO plugin v27.3 - https:\/\/yoast.com\/product\/yoast-seo-wordpress\/ -->\n<title>Premios Konex 2026 en Humanidades &#187; Historia Intelectual<\/title>\n<meta name=\"robots\" content=\"index, follow, max-snippet:-1, max-image-preview:large, max-video-preview:-1\" \/>\n<link rel=\"canonical\" href=\"https:\/\/historiaintelectual.com.ar\/eng\/premios-konex-2026-en-humanidades\/\" \/>\n<meta property=\"og:locale\" content=\"en_US\" \/>\n<meta property=\"og:type\" content=\"article\" \/>\n<meta property=\"og:title\" content=\"Premios Konex 2026 en Humanidades &#187; Historia Intelectual\" \/>\n<meta property=\"og:description\" content=\"Los investigadores Adri\u00e1n Gorelik, El\u00edas Palti y Roy Hora, integrantes del Centro de Historia Intelectual, fueron distinguidos con los Diplomas al M\u00e9rito de los Premios Konex 2026 en Humanidades, uno de los reconocimientos culturales m\u00e1s importantes de la Argentina.\" \/>\n<meta property=\"og:url\" content=\"https:\/\/historiaintelectual.com.ar\/eng\/premios-konex-2026-en-humanidades\/\" \/>\n<meta property=\"og:site_name\" content=\"Historia Intelectual\" \/>\n<meta property=\"article:publisher\" content=\"https:\/\/www.facebook.com\/Centrodehistoriaintelectual\/\" \/>\n<meta property=\"article:published_time\" content=\"2026-04-27T18:26:05+00:00\" \/>\n<meta property=\"article:modified_time\" content=\"2026-04-27T18:43:27+00:00\" \/>\n<meta property=\"og:image\" content=\"https:\/\/historiaintelectual.com.ar\/wp-content\/uploads\/2026\/04\/konex.png\" \/>\n\t<meta property=\"og:image:width\" content=\"398\" \/>\n\t<meta property=\"og:image:height\" content=\"272\" \/>\n\t<meta property=\"og:image:type\" content=\"image\/png\" \/>\n<meta name=\"author\" content=\"Comunicacion y Redes CHI\" \/>\n<script type=\"application\/ld+json\" class=\"yoast-schema-graph\">{\"@context\":\"https:\\\/\\\/schema.org\",\"@graph\":[{\"@type\":\"Article\",\"@id\":\"https:\\\/\\\/historiaintelectual.com.ar\\\/premios-konex-2026-en-humanidades\\\/#article\",\"isPartOf\":{\"@id\":\"https:\\\/\\\/historiaintelectual.com.ar\\\/premios-konex-2026-en-humanidades\\\/\"},\"author\":{\"name\":\"Comunicacion y Redes CHI\",\"@id\":\"https:\\\/\\\/historiaintelectual.com.ar\\\/#\\\/schema\\\/person\\\/769229088e15d859c56fef3de86ed3c8\"},\"headline\":\"Premios Konex 2026 en Humanidades\",\"datePublished\":\"2026-04-27T18:26:05+00:00\",\"dateModified\":\"2026-04-27T18:43:27+00:00\",\"mainEntityOfPage\":{\"@id\":\"https:\\\/\\\/historiaintelectual.com.ar\\\/premios-konex-2026-en-humanidades\\\/\"},\"wordCount\":530,\"publisher\":{\"@id\":\"https:\\\/\\\/historiaintelectual.com.ar\\\/#organization\"},\"image\":{\"@id\":\"https:\\\/\\\/historiaintelectual.com.ar\\\/premios-konex-2026-en-humanidades\\\/#primaryimage\"},\"thumbnailUrl\":\"https:\\\/\\\/historiaintelectual.com.ar\\\/wp-content\\\/uploads\\\/2026\\\/04\\\/konex.png\",\"articleSection\":[\"Actividades en curso\",\"Novedades\"],\"inLanguage\":\"en-US\"},{\"@type\":\"WebPage\",\"@id\":\"https:\\\/\\\/historiaintelectual.com.ar\\\/premios-konex-2026-en-humanidades\\\/\",\"url\":\"https:\\\/\\\/historiaintelectual.com.ar\\\/premios-konex-2026-en-humanidades\\\/\",\"name\":\"Premios Konex 2026 en Humanidades &#187; Historia Intelectual\",\"isPartOf\":{\"@id\":\"https:\\\/\\\/historiaintelectual.com.ar\\\/#website\"},\"primaryImageOfPage\":{\"@id\":\"https:\\\/\\\/historiaintelectual.com.ar\\\/premios-konex-2026-en-humanidades\\\/#primaryimage\"},\"image\":{\"@id\":\"https:\\\/\\\/historiaintelectual.com.ar\\\/premios-konex-2026-en-humanidades\\\/#primaryimage\"},\"thumbnailUrl\":\"https:\\\/\\\/historiaintelectual.com.ar\\\/wp-content\\\/uploads\\\/2026\\\/04\\\/konex.png\",\"datePublished\":\"2026-04-27T18:26:05+00:00\",\"dateModified\":\"2026-04-27T18:43:27+00:00\",\"breadcrumb\":{\"@id\":\"https:\\\/\\\/historiaintelectual.com.ar\\\/premios-konex-2026-en-humanidades\\\/#breadcrumb\"},\"inLanguage\":\"en-US\",\"potentialAction\":[{\"@type\":\"ReadAction\",\"target\":[\"https:\\\/\\\/historiaintelectual.com.ar\\\/premios-konex-2026-en-humanidades\\\/\"]}]},{\"@type\":\"ImageObject\",\"inLanguage\":\"en-US\",\"@id\":\"https:\\\/\\\/historiaintelectual.com.ar\\\/premios-konex-2026-en-humanidades\\\/#primaryimage\",\"url\":\"https:\\\/\\\/historiaintelectual.com.ar\\\/wp-content\\\/uploads\\\/2026\\\/04\\\/konex.png\",\"contentUrl\":\"https:\\\/\\\/historiaintelectual.com.ar\\\/wp-content\\\/uploads\\\/2026\\\/04\\\/konex.png\",\"width\":398,\"height\":272},{\"@type\":\"BreadcrumbList\",\"@id\":\"https:\\\/\\\/historiaintelectual.com.ar\\\/premios-konex-2026-en-humanidades\\\/#breadcrumb\",\"itemListElement\":[{\"@type\":\"ListItem\",\"position\":1,\"name\":\"Portada\",\"item\":\"https:\\\/\\\/historiaintelectual.com.ar\\\/\"},{\"@type\":\"ListItem\",\"position\":2,\"name\":\"Premios Konex 2026 en Humanidades\"}]},{\"@type\":\"WebSite\",\"@id\":\"https:\\\/\\\/historiaintelectual.com.ar\\\/#website\",\"url\":\"https:\\\/\\\/historiaintelectual.com.ar\\\/\",\"name\":\"Historia Intelectual\",\"description\":\"Centro de Historia Intelectual\",\"publisher\":{\"@id\":\"https:\\\/\\\/historiaintelectual.com.ar\\\/#organization\"},\"alternateName\":\"Centro de historia intelectual\",\"potentialAction\":[{\"@type\":\"SearchAction\",\"target\":{\"@type\":\"EntryPoint\",\"urlTemplate\":\"https:\\\/\\\/historiaintelectual.com.ar\\\/?s={search_term_string}\"},\"query-input\":{\"@type\":\"PropertyValueSpecification\",\"valueRequired\":true,\"valueName\":\"search_term_string\"}}],\"inLanguage\":\"en-US\"},{\"@type\":\"Organization\",\"@id\":\"https:\\\/\\\/historiaintelectual.com.ar\\\/#organization\",\"name\":\"Centro Historia Intelectual\",\"url\":\"https:\\\/\\\/historiaintelectual.com.ar\\\/\",\"logo\":{\"@type\":\"ImageObject\",\"inLanguage\":\"en-US\",\"@id\":\"https:\\\/\\\/historiaintelectual.com.ar\\\/#\\\/schema\\\/logo\\\/image\\\/\",\"url\":\"https:\\\/\\\/historiaintelectual.com.ar\\\/wp-content\\\/uploads\\\/2025\\\/04\\\/logo-25.png\",\"contentUrl\":\"https:\\\/\\\/historiaintelectual.com.ar\\\/wp-content\\\/uploads\\\/2025\\\/04\\\/logo-25.png\",\"width\":456,\"height\":456,\"caption\":\"Centro Historia Intelectual\"},\"image\":{\"@id\":\"https:\\\/\\\/historiaintelectual.com.ar\\\/#\\\/schema\\\/logo\\\/image\\\/\"},\"sameAs\":[\"https:\\\/\\\/www.facebook.com\\\/Centrodehistoriaintelectual\\\/\",\"https:\\\/\\\/www.youtube.com\\\/channel\\\/UCGr8q_2-dchoqKT-jT5Lmfw\",\"https:\\\/\\\/www.instagram.com\\\/chi_unq\\\/\"]},{\"@type\":\"Person\",\"@id\":\"https:\\\/\\\/historiaintelectual.com.ar\\\/#\\\/schema\\\/person\\\/769229088e15d859c56fef3de86ed3c8\",\"name\":\"Comunicacion y Redes CHI\",\"url\":\"https:\\\/\\\/historiaintelectual.com.ar\\\/eng\\\/author\\\/comunicacion\\\/\"}]}<\/script>\n<!-- \/ Yoast SEO plugin. -->","yoast_head_json":{"title":"Premios Konex 2026 en Humanidades &#187; Historia Intelectual","robots":{"index":"index","follow":"follow","max-snippet":"max-snippet:-1","max-image-preview":"max-image-preview:large","max-video-preview":"max-video-preview:-1"},"canonical":"https:\/\/historiaintelectual.com.ar\/eng\/premios-konex-2026-en-humanidades\/","og_locale":"en_US","og_type":"article","og_title":"Premios Konex 2026 en Humanidades &#187; Historia Intelectual","og_description":"Los investigadores Adri\u00e1n Gorelik, El\u00edas Palti y Roy Hora, integrantes del Centro de Historia Intelectual, fueron distinguidos con los Diplomas al M\u00e9rito de los Premios Konex 2026 en Humanidades, uno de los reconocimientos culturales m\u00e1s importantes de la Argentina.","og_url":"https:\/\/historiaintelectual.com.ar\/eng\/premios-konex-2026-en-humanidades\/","og_site_name":"Historia Intelectual","article_publisher":"https:\/\/www.facebook.com\/Centrodehistoriaintelectual\/","article_published_time":"2026-04-27T18:26:05+00:00","article_modified_time":"2026-04-27T18:43:27+00:00","og_image":[{"width":398,"height":272,"url":"https:\/\/historiaintelectual.com.ar\/wp-content\/uploads\/2026\/04\/konex.png","type":"image\/png"}],"author":"Comunicacion y Redes CHI","schema":{"@context":"https:\/\/schema.org","@graph":[{"@type":"Article","@id":"https:\/\/historiaintelectual.com.ar\/premios-konex-2026-en-humanidades\/#article","isPartOf":{"@id":"https:\/\/historiaintelectual.com.ar\/premios-konex-2026-en-humanidades\/"},"author":{"name":"Comunicacion y Redes CHI","@id":"https:\/\/historiaintelectual.com.ar\/#\/schema\/person\/769229088e15d859c56fef3de86ed3c8"},"headline":"Premios Konex 2026 en Humanidades","datePublished":"2026-04-27T18:26:05+00:00","dateModified":"2026-04-27T18:43:27+00:00","mainEntityOfPage":{"@id":"https:\/\/historiaintelectual.com.ar\/premios-konex-2026-en-humanidades\/"},"wordCount":530,"publisher":{"@id":"https:\/\/historiaintelectual.com.ar\/#organization"},"image":{"@id":"https:\/\/historiaintelectual.com.ar\/premios-konex-2026-en-humanidades\/#primaryimage"},"thumbnailUrl":"https:\/\/historiaintelectual.com.ar\/wp-content\/uploads\/2026\/04\/konex.png","articleSection":["Actividades en curso","Novedades"],"inLanguage":"en-US"},{"@type":"WebPage","@id":"https:\/\/historiaintelectual.com.ar\/premios-konex-2026-en-humanidades\/","url":"https:\/\/historiaintelectual.com.ar\/premios-konex-2026-en-humanidades\/","name":"Premios Konex 2026 en Humanidades &#187; Historia Intelectual","isPartOf":{"@id":"https:\/\/historiaintelectual.com.ar\/#website"},"primaryImageOfPage":{"@id":"https:\/\/historiaintelectual.com.ar\/premios-konex-2026-en-humanidades\/#primaryimage"},"image":{"@id":"https:\/\/historiaintelectual.com.ar\/premios-konex-2026-en-humanidades\/#primaryimage"},"thumbnailUrl":"https:\/\/historiaintelectual.com.ar\/wp-content\/uploads\/2026\/04\/konex.png","datePublished":"2026-04-27T18:26:05+00:00","dateModified":"2026-04-27T18:43:27+00:00","breadcrumb":{"@id":"https:\/\/historiaintelectual.com.ar\/premios-konex-2026-en-humanidades\/#breadcrumb"},"inLanguage":"en-US","potentialAction":[{"@type":"ReadAction","target":["https:\/\/historiaintelectual.com.ar\/premios-konex-2026-en-humanidades\/"]}]},{"@type":"ImageObject","inLanguage":"en-US","@id":"https:\/\/historiaintelectual.com.ar\/premios-konex-2026-en-humanidades\/#primaryimage","url":"https:\/\/historiaintelectual.com.ar\/wp-content\/uploads\/2026\/04\/konex.png","contentUrl":"https:\/\/historiaintelectual.com.ar\/wp-content\/uploads\/2026\/04\/konex.png","width":398,"height":272},{"@type":"BreadcrumbList","@id":"https:\/\/historiaintelectual.com.ar\/premios-konex-2026-en-humanidades\/#breadcrumb","itemListElement":[{"@type":"ListItem","position":1,"name":"Portada","item":"https:\/\/historiaintelectual.com.ar\/"},{"@type":"ListItem","position":2,"name":"Premios Konex 2026 en Humanidades"}]},{"@type":"WebSite","@id":"https:\/\/historiaintelectual.com.ar\/#website","url":"https:\/\/historiaintelectual.com.ar\/","name":"Historia Intelectual","description":"Center for Intellectual History","publisher":{"@id":"https:\/\/historiaintelectual.com.ar\/#organization"},"alternateName":"Centro de historia intelectual","potentialAction":[{"@type":"SearchAction","target":{"@type":"EntryPoint","urlTemplate":"https:\/\/historiaintelectual.com.ar\/?s={search_term_string}"},"query-input":{"@type":"PropertyValueSpecification","valueRequired":true,"valueName":"search_term_string"}}],"inLanguage":"en-US"},{"@type":"Organization","@id":"https:\/\/historiaintelectual.com.ar\/#organization","name":"Centro Historia Intelectual","url":"https:\/\/historiaintelectual.com.ar\/","logo":{"@type":"ImageObject","inLanguage":"en-US","@id":"https:\/\/historiaintelectual.com.ar\/#\/schema\/logo\/image\/","url":"https:\/\/historiaintelectual.com.ar\/wp-content\/uploads\/2025\/04\/logo-25.png","contentUrl":"https:\/\/historiaintelectual.com.ar\/wp-content\/uploads\/2025\/04\/logo-25.png","width":456,"height":456,"caption":"Centro Historia Intelectual"},"image":{"@id":"https:\/\/historiaintelectual.com.ar\/#\/schema\/logo\/image\/"},"sameAs":["https:\/\/www.facebook.com\/Centrodehistoriaintelectual\/","https:\/\/www.youtube.com\/channel\/UCGr8q_2-dchoqKT-jT5Lmfw","https:\/\/www.instagram.com\/chi_unq\/"]},{"@type":"Person","@id":"https:\/\/historiaintelectual.com.ar\/#\/schema\/person\/769229088e15d859c56fef3de86ed3c8","name":"Comunicacion y Redes CHI","url":"https:\/\/historiaintelectual.com.ar\/eng\/author\/comunicacion\/"}]}},"_links":{"self":[{"href":"https:\/\/historiaintelectual.com.ar\/eng\/wp-json\/wp\/v2\/posts\/11420","targetHints":{"allow":["GET"]}}],"collection":[{"href":"https:\/\/historiaintelectual.com.ar\/eng\/wp-json\/wp\/v2\/posts"}],"about":[{"href":"https:\/\/historiaintelectual.com.ar\/eng\/wp-json\/wp\/v2\/types\/post"}],"author":[{"embeddable":true,"href":"https:\/\/historiaintelectual.com.ar\/eng\/wp-json\/wp\/v2\/users\/96742469"}],"replies":[{"embeddable":true,"href":"https:\/\/historiaintelectual.com.ar\/eng\/wp-json\/wp\/v2\/comments?post=11420"}],"version-history":[{"count":6,"href":"https:\/\/historiaintelectual.com.ar\/eng\/wp-json\/wp\/v2\/posts\/11420\/revisions"}],"predecessor-version":[{"id":11430,"href":"https:\/\/historiaintelectual.com.ar\/eng\/wp-json\/wp\/v2\/posts\/11420\/revisions\/11430"}],"wp:featuredmedia":[{"embeddable":true,"href":"https:\/\/historiaintelectual.com.ar\/eng\/wp-json\/wp\/v2\/media\/11421"}],"wp:attachment":[{"href":"https:\/\/historiaintelectual.com.ar\/eng\/wp-json\/wp\/v2\/media?parent=11420"}],"wp:term":[{"taxonomy":"category","embeddable":true,"href":"https:\/\/historiaintelectual.com.ar\/eng\/wp-json\/wp\/v2\/categories?post=11420"},{"taxonomy":"post_tag","embeddable":true,"href":"https:\/\/historiaintelectual.com.ar\/eng\/wp-json\/wp\/v2\/tags?post=11420"}],"curies":[{"name":"wp","href":"https:\/\/api.w.org\/{rel}","templated":true}]}}