{"id":11332,"date":"2026-04-02T11:23:14","date_gmt":"2026-04-02T14:23:14","guid":{"rendered":"https:\/\/historiaintelectual.com.ar\/?p=11332"},"modified":"2026-04-29T17:35:18","modified_gmt":"2026-04-29T20:35:18","slug":"between-the-pen-and-the-rifle","status":"publish","type":"post","link":"https:\/\/historiaintelectual.com.ar\/eng\/between-the-pen-and-the-rifle\/","title":{"rendered":"Between the Pen and the Rifle"},"content":{"rendered":"<div data-elementor-type=\"wp-post\" data-elementor-id=\"11332\" class=\"elementor elementor-11332\" data-elementor-post-type=\"post\">\n\t\t\t\t<div class=\"elementor-element elementor-element-1b90f70 e-flex e-con-boxed e-con e-parent\" data-id=\"1b90f70\" data-element_type=\"container\" data-e-type=\"container\">\n\t\t\t\t\t<div class=\"e-con-inner\">\n\t\t<div class=\"elementor-element elementor-element-35dc3fd e-con-full e-flex e-con e-child\" data-id=\"35dc3fd\" data-element_type=\"container\" data-e-type=\"container\">\n\t\t\t\t<div class=\"elementor-element elementor-element-0aedbad elementor-widget__width-initial elementor-widget elementor-widget-theme-post-featured-image elementor-widget-image\" data-id=\"0aedbad\" data-element_type=\"widget\" data-e-type=\"widget\" data-widget_type=\"theme-post-featured-image.default\">\n\t\t\t\t<div class=\"elementor-widget-container\">\n\t\t\t\t\t\t\t\t\t\t\t\t<figure class=\"wp-caption\">\n\t\t\t\t\t\t\t\t\t\t<img fetchpriority=\"high\" decoding=\"async\" width=\"879\" height=\"1346\" src=\"https:\/\/historiaintelectual.com.ar\/wp-content\/uploads\/2026\/04\/Tapa-Gilman.jpg\" class=\"attachment-full size-full wp-image-11334\" alt=\"\" srcset=\"https:\/\/historiaintelectual.com.ar\/wp-content\/uploads\/2026\/04\/Tapa-Gilman.jpg 879w, https:\/\/historiaintelectual.com.ar\/wp-content\/uploads\/2026\/04\/Tapa-Gilman-196x300.jpg 196w, https:\/\/historiaintelectual.com.ar\/wp-content\/uploads\/2026\/04\/Tapa-Gilman-669x1024.jpg 669w, https:\/\/historiaintelectual.com.ar\/wp-content\/uploads\/2026\/04\/Tapa-Gilman-768x1176.jpg 768w, https:\/\/historiaintelectual.com.ar\/wp-content\/uploads\/2026\/04\/Tapa-Gilman-8x12.jpg 8w\" sizes=\"(max-width: 879px) 100vw, 879px\" \/>\t\t\t\t\t\t\t\t\t\t\t<figcaption class=\"widget-image-caption wp-caption-text\"><\/figcaption>\n\t\t\t\t\t\t\t\t\t\t<\/figure>\n\t\t\t\t\t\t\t\t\t<\/div>\n\t\t\t\t<\/div>\n\t\t\t\t<div class=\"elementor-element elementor-element-55ef8c4 elementor-align-justify elementor-widget__width-initial elementor-widget elementor-widget-button\" data-id=\"55ef8c4\" data-element_type=\"widget\" data-e-type=\"widget\" data-widget_type=\"button.default\">\n\t\t\t\t<div class=\"elementor-widget-container\">\n\t\t\t\t\t\t\t\t\t<div class=\"elementor-button-wrapper\">\n\t\t\t\t\t<a class=\"elementor-button elementor-button-link elementor-size-sm\" href=\"https:\/\/lasapress.org\/books\/m\/10.25154\/book17\" target=\"_blank\">\n\t\t\t\t\t\t<span class=\"elementor-button-content-wrapper\">\n\t\t\t\t\t\t\t\t\t<span class=\"elementor-button-text\">Visit LASA Press<\/span>\n\t\t\t\t\t<\/span>\n\t\t\t\t\t<\/a>\n\t\t\t\t<\/div>\n\t\t\t\t\t\t\t\t<\/div>\n\t\t\t\t<\/div>\n\t\t\t\t<\/div>\n\t\t<div class=\"elementor-element elementor-element-b6140b3 e-con-full e-flex e-con e-child\" data-id=\"b6140b3\" data-element_type=\"container\" data-e-type=\"container\">\n\t\t\t\t<div class=\"elementor-element elementor-element-187fe98 elementor-widget elementor-widget-text-editor\" data-id=\"187fe98\" data-element_type=\"widget\" data-e-type=\"widget\" data-widget_type=\"text-editor.default\">\n\t\t\t\t<div class=\"elementor-widget-container\">\n\t\t\t\t\t\t\t\t\t<h3><b>Between the Pen and the Rifle.<\/b><\/h3><p>Ning\u00fan periodo de la historia latinoamericana ha sido estudiado tan a fondo como la d\u00e9cada de 1960. En medio de esta proliferaci\u00f3n de textos, <i><span style=\"font-weight: 400;\">Between the Pen and the Rifle.<\/span><\/i><span style=\"font-weight: 400;\">, de Claudia Gilman, destaca como una obra singular: panor\u00e1mica pero exhaustiva, inteligente a la vez que entretenida, y tan accesible como sofisticada. La autora disecciona los \u201ccatorce a\u00f1os prodigiosos\u201d transcurridos entre la Revoluci\u00f3n Cubana de 1959 y la ca\u00edda del gobierno de Salvador Allende en 1973. Barcelona, Buenos Aires, La Habana, Ciudad de M\u00e9xico y Montevideo, los centros neur\u00e1lgicos de la \u00e9poca, son los ejes en torno a los cuales giran los debates centrales. Gilman analiza el funcionamiento del mercado cultural, las conexiones entre los g\u00e9neros literarios y las transformaciones sociales y, especialmente, las vicisitudes de revistas como <\/span><i><span style=\"font-weight: 400;\">Marcha<\/span><\/i><span style=\"font-weight: 400;\">, <\/span><i><span style=\"font-weight: 400;\">Mundo Nuevo<\/span><\/i><span style=\"font-weight: 400;\">, <\/span><i><span style=\"font-weight: 400;\">Casa de las Am\u00e9ricas<\/span><\/i><span style=\"font-weight: 400;\"> and <\/span><i><span style=\"font-weight: 400;\">Libre<\/span><\/i><span style=\"font-weight: 400;\">, que reflejan diferentes facetas de la vida literaria y cultural. Es la supervivencia del \u201cideal cr\u00edtico\u201d (contra la subordinaci\u00f3n de la verdad a la pol\u00edtica) lo que permite a la autora narrar la historia y desplegarla ante nuestros ojos para construir una genealog\u00eda de la especificidad latinoamericana de la independencia cr\u00edtica y la afirmaci\u00f3n de la autonom\u00eda intelectual.<\/span><\/p><p><span style=\"font-weight: 400;\">Gonzalo Aguilar<\/span><\/p><p><span style=\"color: #800000;\">\u2014<\/span><\/p><h3><b>Between the Pen and the Rifle<\/b><\/h3><p><span style=\"font-weight: 400;\">No period in Latin American history has been as thoroughly studied as the 1960s. Amid this proliferation of texts, Claudia Gilman\u2019s <\/span><i><span style=\"font-weight: 400;\">Between the Pen and the Rifle <\/span><\/i><span style=\"font-weight: 400;\">stands out as a singular work: comprehensive yet exhaustive, intelligent yet entertaining, and as accessible as it is sophisticated. The author dissects the \u201cfourteen prodigious years\u201d between the Cuban Revolution of 1959 and the fall of Salvador Allende\u2019s government in 1973. Barcelona, Buenos Aires, Havana, Mexico City, and Montevideo, the nerve centers of the period, are the axes around which the central debates revolve. Gilman analyzes the functioning of the cultural market, the connections between literary genres and social transformations, and, especially, the vicissitudes of magazines such as <\/span><i><span style=\"font-weight: 400;\">Marcha, Mundo Nuevo, Casa de las Am\u00e9ricas, and Libre<\/span><\/i><span style=\"font-weight: 400;\">, which reflect different facets of literary and cultural life. It is the survival of the \u201ccritical ideal\u201d (against the subordination of truth to politics) that allows the author to narrate history and unfold it before our eyes in order to construct a genealogy of the specificity of critical independence and the affirmation of intellectual autonomy in Latin America.<\/span><\/p><p><span style=\"font-weight: 400;\">Gonzalo Aguilar<\/span><\/p>\t\t\t\t\t\t\t\t<\/div>\n\t\t\t\t<\/div>\n\t\t\t\t<\/div>\n\t\t\t\t\t<\/div>\n\t\t\t\t<\/div>\n\t\t\t\t<\/div>","protected":false},"excerpt":{"rendered":"<p>Visit LASA Press Entre la pluma y el fusil Ning\u00fan periodo de la historia latinoamericana ha sido estudiado tan a fondo como la d\u00e9cada de 1960. En medio de esta proliferaci\u00f3n de textos, Entre la pluma y el fusil, de Claudia Gilman, destaca como una obra singular: panor\u00e1mica pero exhaustiva, inteligente a la vez que [&hellip;]<\/p>\n","protected":false},"author":1,"featured_media":11334,"comment_status":"closed","ping_status":"closed","sticky":false,"template":"","format":"standard","meta":{"footnotes":""},"categories":[257],"tags":[],"class_list":["post-11332","post","type-post","status-publish","format-standard","has-post-thumbnail","hentry","category-ediciones-prismas"],"yoast_head":"<!-- This site is optimized with the Yoast SEO plugin v27.3 - https:\/\/yoast.com\/product\/yoast-seo-wordpress\/ -->\n<title>Between the Pen and the Rifle &#187; Historia Intelectual<\/title>\n<meta name=\"robots\" content=\"index, follow, max-snippet:-1, max-image-preview:large, max-video-preview:-1\" \/>\n<link rel=\"canonical\" href=\"https:\/\/historiaintelectual.com.ar\/eng\/between-the-pen-and-the-rifle\/\" \/>\n<meta property=\"og:locale\" content=\"en_US\" \/>\n<meta property=\"og:type\" content=\"article\" \/>\n<meta property=\"og:title\" content=\"Between the Pen and the Rifle &#187; Historia Intelectual\" \/>\n<meta property=\"og:description\" content=\"Visit LASA Press Entre la pluma y el fusil Ning\u00fan periodo de la historia latinoamericana ha sido estudiado tan a fondo como la d\u00e9cada de 1960. En medio de esta proliferaci\u00f3n de textos, Entre la pluma y el fusil, de Claudia Gilman, destaca como una obra singular: panor\u00e1mica pero exhaustiva, inteligente a la vez que [&hellip;]\" \/>\n<meta property=\"og:url\" content=\"https:\/\/historiaintelectual.com.ar\/eng\/between-the-pen-and-the-rifle\/\" \/>\n<meta property=\"og:site_name\" content=\"Historia Intelectual\" \/>\n<meta property=\"article:publisher\" content=\"https:\/\/www.facebook.com\/Centrodehistoriaintelectual\/\" \/>\n<meta property=\"article:published_time\" content=\"2026-04-02T14:23:14+00:00\" \/>\n<meta property=\"article:modified_time\" content=\"2026-04-29T20:35:18+00:00\" \/>\n<meta property=\"og:image\" content=\"https:\/\/historiaintelectual.com.ar\/wp-content\/uploads\/2026\/04\/Tapa-Gilman.jpg\" \/>\n\t<meta property=\"og:image:width\" content=\"879\" \/>\n\t<meta property=\"og:image:height\" content=\"1346\" \/>\n\t<meta property=\"og:image:type\" content=\"image\/jpeg\" \/>\n<meta name=\"author\" content=\"admin\" \/>\n<script type=\"application\/ld+json\" class=\"yoast-schema-graph\">{\"@context\":\"https:\\\/\\\/schema.org\",\"@graph\":[{\"@type\":\"Article\",\"@id\":\"https:\\\/\\\/historiaintelectual.com.ar\\\/between-the-pen-and-the-rifle\\\/#article\",\"isPartOf\":{\"@id\":\"https:\\\/\\\/historiaintelectual.com.ar\\\/between-the-pen-and-the-rifle\\\/\"},\"author\":{\"name\":\"admin\",\"@id\":\"https:\\\/\\\/historiaintelectual.com.ar\\\/#\\\/schema\\\/person\\\/885c05ccc3314e2dec0bd9b0825c5912\"},\"headline\":\"Between the Pen and the Rifle\",\"datePublished\":\"2026-04-02T14:23:14+00:00\",\"dateModified\":\"2026-04-29T20:35:18+00:00\",\"mainEntityOfPage\":{\"@id\":\"https:\\\/\\\/historiaintelectual.com.ar\\\/between-the-pen-and-the-rifle\\\/\"},\"wordCount\":418,\"publisher\":{\"@id\":\"https:\\\/\\\/historiaintelectual.com.ar\\\/#organization\"},\"image\":{\"@id\":\"https:\\\/\\\/historiaintelectual.com.ar\\\/between-the-pen-and-the-rifle\\\/#primaryimage\"},\"thumbnailUrl\":\"https:\\\/\\\/historiaintelectual.com.ar\\\/wp-content\\\/uploads\\\/2026\\\/04\\\/Tapa-Gilman.jpg\",\"articleSection\":[\"Ediciones Prismas\"],\"inLanguage\":\"en-US\"},{\"@type\":\"WebPage\",\"@id\":\"https:\\\/\\\/historiaintelectual.com.ar\\\/between-the-pen-and-the-rifle\\\/\",\"url\":\"https:\\\/\\\/historiaintelectual.com.ar\\\/between-the-pen-and-the-rifle\\\/\",\"name\":\"Between the Pen and the Rifle &#187; Historia Intelectual\",\"isPartOf\":{\"@id\":\"https:\\\/\\\/historiaintelectual.com.ar\\\/#website\"},\"primaryImageOfPage\":{\"@id\":\"https:\\\/\\\/historiaintelectual.com.ar\\\/between-the-pen-and-the-rifle\\\/#primaryimage\"},\"image\":{\"@id\":\"https:\\\/\\\/historiaintelectual.com.ar\\\/between-the-pen-and-the-rifle\\\/#primaryimage\"},\"thumbnailUrl\":\"https:\\\/\\\/historiaintelectual.com.ar\\\/wp-content\\\/uploads\\\/2026\\\/04\\\/Tapa-Gilman.jpg\",\"datePublished\":\"2026-04-02T14:23:14+00:00\",\"dateModified\":\"2026-04-29T20:35:18+00:00\",\"breadcrumb\":{\"@id\":\"https:\\\/\\\/historiaintelectual.com.ar\\\/between-the-pen-and-the-rifle\\\/#breadcrumb\"},\"inLanguage\":\"en-US\",\"potentialAction\":[{\"@type\":\"ReadAction\",\"target\":[\"https:\\\/\\\/historiaintelectual.com.ar\\\/between-the-pen-and-the-rifle\\\/\"]}]},{\"@type\":\"ImageObject\",\"inLanguage\":\"en-US\",\"@id\":\"https:\\\/\\\/historiaintelectual.com.ar\\\/between-the-pen-and-the-rifle\\\/#primaryimage\",\"url\":\"https:\\\/\\\/historiaintelectual.com.ar\\\/wp-content\\\/uploads\\\/2026\\\/04\\\/Tapa-Gilman.jpg\",\"contentUrl\":\"https:\\\/\\\/historiaintelectual.com.ar\\\/wp-content\\\/uploads\\\/2026\\\/04\\\/Tapa-Gilman.jpg\",\"width\":879,\"height\":1346,\"caption\":\"mockups-design.com\"},{\"@type\":\"BreadcrumbList\",\"@id\":\"https:\\\/\\\/historiaintelectual.com.ar\\\/between-the-pen-and-the-rifle\\\/#breadcrumb\",\"itemListElement\":[{\"@type\":\"ListItem\",\"position\":1,\"name\":\"Portada\",\"item\":\"https:\\\/\\\/historiaintelectual.com.ar\\\/\"},{\"@type\":\"ListItem\",\"position\":2,\"name\":\"Between the Pen and the Rifle\"}]},{\"@type\":\"WebSite\",\"@id\":\"https:\\\/\\\/historiaintelectual.com.ar\\\/#website\",\"url\":\"https:\\\/\\\/historiaintelectual.com.ar\\\/\",\"name\":\"Historia Intelectual\",\"description\":\"Centro de Historia Intelectual\",\"publisher\":{\"@id\":\"https:\\\/\\\/historiaintelectual.com.ar\\\/#organization\"},\"alternateName\":\"Centro de historia intelectual\",\"potentialAction\":[{\"@type\":\"SearchAction\",\"target\":{\"@type\":\"EntryPoint\",\"urlTemplate\":\"https:\\\/\\\/historiaintelectual.com.ar\\\/?s={search_term_string}\"},\"query-input\":{\"@type\":\"PropertyValueSpecification\",\"valueRequired\":true,\"valueName\":\"search_term_string\"}}],\"inLanguage\":\"en-US\"},{\"@type\":\"Organization\",\"@id\":\"https:\\\/\\\/historiaintelectual.com.ar\\\/#organization\",\"name\":\"Centro Historia Intelectual\",\"url\":\"https:\\\/\\\/historiaintelectual.com.ar\\\/\",\"logo\":{\"@type\":\"ImageObject\",\"inLanguage\":\"en-US\",\"@id\":\"https:\\\/\\\/historiaintelectual.com.ar\\\/#\\\/schema\\\/logo\\\/image\\\/\",\"url\":\"https:\\\/\\\/historiaintelectual.com.ar\\\/wp-content\\\/uploads\\\/2025\\\/04\\\/logo-25.png\",\"contentUrl\":\"https:\\\/\\\/historiaintelectual.com.ar\\\/wp-content\\\/uploads\\\/2025\\\/04\\\/logo-25.png\",\"width\":456,\"height\":456,\"caption\":\"Centro Historia Intelectual\"},\"image\":{\"@id\":\"https:\\\/\\\/historiaintelectual.com.ar\\\/#\\\/schema\\\/logo\\\/image\\\/\"},\"sameAs\":[\"https:\\\/\\\/www.facebook.com\\\/Centrodehistoriaintelectual\\\/\",\"https:\\\/\\\/www.youtube.com\\\/channel\\\/UCGr8q_2-dchoqKT-jT5Lmfw\",\"https:\\\/\\\/www.instagram.com\\\/chi_unq\\\/\"]},{\"@type\":\"Person\",\"@id\":\"https:\\\/\\\/historiaintelectual.com.ar\\\/#\\\/schema\\\/person\\\/885c05ccc3314e2dec0bd9b0825c5912\",\"name\":\"admin\",\"url\":\"https:\\\/\\\/historiaintelectual.com.ar\\\/eng\\\/author\\\/admin\\\/\"}]}<\/script>\n<!-- \/ Yoast SEO plugin. -->","yoast_head_json":{"title":"Between the Pen and the Rifle &#187; Historia Intelectual","robots":{"index":"index","follow":"follow","max-snippet":"max-snippet:-1","max-image-preview":"max-image-preview:large","max-video-preview":"max-video-preview:-1"},"canonical":"https:\/\/historiaintelectual.com.ar\/eng\/between-the-pen-and-the-rifle\/","og_locale":"en_US","og_type":"article","og_title":"Between the Pen and the Rifle &#187; Historia Intelectual","og_description":"Visit LASA Press Entre la pluma y el fusil Ning\u00fan periodo de la historia latinoamericana ha sido estudiado tan a fondo como la d\u00e9cada de 1960. En medio de esta proliferaci\u00f3n de textos, Entre la pluma y el fusil, de Claudia Gilman, destaca como una obra singular: panor\u00e1mica pero exhaustiva, inteligente a la vez que [&hellip;]","og_url":"https:\/\/historiaintelectual.com.ar\/eng\/between-the-pen-and-the-rifle\/","og_site_name":"Historia Intelectual","article_publisher":"https:\/\/www.facebook.com\/Centrodehistoriaintelectual\/","article_published_time":"2026-04-02T14:23:14+00:00","article_modified_time":"2026-04-29T20:35:18+00:00","og_image":[{"width":879,"height":1346,"url":"https:\/\/historiaintelectual.com.ar\/wp-content\/uploads\/2026\/04\/Tapa-Gilman.jpg","type":"image\/jpeg"}],"author":"admin","schema":{"@context":"https:\/\/schema.org","@graph":[{"@type":"Article","@id":"https:\/\/historiaintelectual.com.ar\/between-the-pen-and-the-rifle\/#article","isPartOf":{"@id":"https:\/\/historiaintelectual.com.ar\/between-the-pen-and-the-rifle\/"},"author":{"name":"admin","@id":"https:\/\/historiaintelectual.com.ar\/#\/schema\/person\/885c05ccc3314e2dec0bd9b0825c5912"},"headline":"Between the Pen and the Rifle","datePublished":"2026-04-02T14:23:14+00:00","dateModified":"2026-04-29T20:35:18+00:00","mainEntityOfPage":{"@id":"https:\/\/historiaintelectual.com.ar\/between-the-pen-and-the-rifle\/"},"wordCount":418,"publisher":{"@id":"https:\/\/historiaintelectual.com.ar\/#organization"},"image":{"@id":"https:\/\/historiaintelectual.com.ar\/between-the-pen-and-the-rifle\/#primaryimage"},"thumbnailUrl":"https:\/\/historiaintelectual.com.ar\/wp-content\/uploads\/2026\/04\/Tapa-Gilman.jpg","articleSection":["Ediciones Prismas"],"inLanguage":"en-US"},{"@type":"WebPage","@id":"https:\/\/historiaintelectual.com.ar\/between-the-pen-and-the-rifle\/","url":"https:\/\/historiaintelectual.com.ar\/between-the-pen-and-the-rifle\/","name":"Between the Pen and the Rifle &#187; Historia Intelectual","isPartOf":{"@id":"https:\/\/historiaintelectual.com.ar\/#website"},"primaryImageOfPage":{"@id":"https:\/\/historiaintelectual.com.ar\/between-the-pen-and-the-rifle\/#primaryimage"},"image":{"@id":"https:\/\/historiaintelectual.com.ar\/between-the-pen-and-the-rifle\/#primaryimage"},"thumbnailUrl":"https:\/\/historiaintelectual.com.ar\/wp-content\/uploads\/2026\/04\/Tapa-Gilman.jpg","datePublished":"2026-04-02T14:23:14+00:00","dateModified":"2026-04-29T20:35:18+00:00","breadcrumb":{"@id":"https:\/\/historiaintelectual.com.ar\/between-the-pen-and-the-rifle\/#breadcrumb"},"inLanguage":"en-US","potentialAction":[{"@type":"ReadAction","target":["https:\/\/historiaintelectual.com.ar\/between-the-pen-and-the-rifle\/"]}]},{"@type":"ImageObject","inLanguage":"en-US","@id":"https:\/\/historiaintelectual.com.ar\/between-the-pen-and-the-rifle\/#primaryimage","url":"https:\/\/historiaintelectual.com.ar\/wp-content\/uploads\/2026\/04\/Tapa-Gilman.jpg","contentUrl":"https:\/\/historiaintelectual.com.ar\/wp-content\/uploads\/2026\/04\/Tapa-Gilman.jpg","width":879,"height":1346,"caption":"mockups-design.com"},{"@type":"BreadcrumbList","@id":"https:\/\/historiaintelectual.com.ar\/between-the-pen-and-the-rifle\/#breadcrumb","itemListElement":[{"@type":"ListItem","position":1,"name":"Portada","item":"https:\/\/historiaintelectual.com.ar\/"},{"@type":"ListItem","position":2,"name":"Between the Pen and the Rifle"}]},{"@type":"WebSite","@id":"https:\/\/historiaintelectual.com.ar\/#website","url":"https:\/\/historiaintelectual.com.ar\/","name":"Historia Intelectual","description":"Center for Intellectual History","publisher":{"@id":"https:\/\/historiaintelectual.com.ar\/#organization"},"alternateName":"Centro de historia intelectual","potentialAction":[{"@type":"SearchAction","target":{"@type":"EntryPoint","urlTemplate":"https:\/\/historiaintelectual.com.ar\/?s={search_term_string}"},"query-input":{"@type":"PropertyValueSpecification","valueRequired":true,"valueName":"search_term_string"}}],"inLanguage":"en-US"},{"@type":"Organization","@id":"https:\/\/historiaintelectual.com.ar\/#organization","name":"Centro Historia Intelectual","url":"https:\/\/historiaintelectual.com.ar\/","logo":{"@type":"ImageObject","inLanguage":"en-US","@id":"https:\/\/historiaintelectual.com.ar\/#\/schema\/logo\/image\/","url":"https:\/\/historiaintelectual.com.ar\/wp-content\/uploads\/2025\/04\/logo-25.png","contentUrl":"https:\/\/historiaintelectual.com.ar\/wp-content\/uploads\/2025\/04\/logo-25.png","width":456,"height":456,"caption":"Centro Historia Intelectual"},"image":{"@id":"https:\/\/historiaintelectual.com.ar\/#\/schema\/logo\/image\/"},"sameAs":["https:\/\/www.facebook.com\/Centrodehistoriaintelectual\/","https:\/\/www.youtube.com\/channel\/UCGr8q_2-dchoqKT-jT5Lmfw","https:\/\/www.instagram.com\/chi_unq\/"]},{"@type":"Person","@id":"https:\/\/historiaintelectual.com.ar\/#\/schema\/person\/885c05ccc3314e2dec0bd9b0825c5912","name":"admin","url":"https:\/\/historiaintelectual.com.ar\/eng\/author\/admin\/"}]}},"_links":{"self":[{"href":"https:\/\/historiaintelectual.com.ar\/eng\/wp-json\/wp\/v2\/posts\/11332","targetHints":{"allow":["GET"]}}],"collection":[{"href":"https:\/\/historiaintelectual.com.ar\/eng\/wp-json\/wp\/v2\/posts"}],"about":[{"href":"https:\/\/historiaintelectual.com.ar\/eng\/wp-json\/wp\/v2\/types\/post"}],"author":[{"embeddable":true,"href":"https:\/\/historiaintelectual.com.ar\/eng\/wp-json\/wp\/v2\/users\/1"}],"replies":[{"embeddable":true,"href":"https:\/\/historiaintelectual.com.ar\/eng\/wp-json\/wp\/v2\/comments?post=11332"}],"version-history":[{"count":19,"href":"https:\/\/historiaintelectual.com.ar\/eng\/wp-json\/wp\/v2\/posts\/11332\/revisions"}],"predecessor-version":[{"id":11440,"href":"https:\/\/historiaintelectual.com.ar\/eng\/wp-json\/wp\/v2\/posts\/11332\/revisions\/11440"}],"wp:featuredmedia":[{"embeddable":true,"href":"https:\/\/historiaintelectual.com.ar\/eng\/wp-json\/wp\/v2\/media\/11334"}],"wp:attachment":[{"href":"https:\/\/historiaintelectual.com.ar\/eng\/wp-json\/wp\/v2\/media?parent=11332"}],"wp:term":[{"taxonomy":"category","embeddable":true,"href":"https:\/\/historiaintelectual.com.ar\/eng\/wp-json\/wp\/v2\/categories?post=11332"},{"taxonomy":"post_tag","embeddable":true,"href":"https:\/\/historiaintelectual.com.ar\/eng\/wp-json\/wp\/v2\/tags?post=11332"}],"curies":[{"name":"wp","href":"https:\/\/api.w.org\/{rel}","templated":true}]}}