{"id":11208,"date":"2026-02-02T15:23:53","date_gmt":"2026-02-02T18:23:53","guid":{"rendered":"https:\/\/historiaintelectual.com.ar\/?p=11208"},"modified":"2026-02-18T14:37:56","modified_gmt":"2026-02-18T17:37:56","slug":"ya-comienza-la-escuela-de-verano-globa-l-2026","status":"publish","type":"post","link":"https:\/\/historiaintelectual.com.ar\/eng\/ya-comienza-la-escuela-de-verano-globa-l-2026\/","title":{"rendered":"Ya comienza la Escuela de Verano GlobA.L. 2026"},"content":{"rendered":"<div data-elementor-type=\"wp-post\" data-elementor-id=\"11208\" class=\"elementor elementor-11208\" data-elementor-post-type=\"post\">\n\t\t\t\t<div class=\"elementor-element elementor-element-08ed315 e-con-full e-flex e-con e-parent\" data-id=\"08ed315\" data-element_type=\"container\" data-e-type=\"container\">\n\t\t\t\t<div class=\"elementor-element elementor-element-9cb12fb elementor-widget elementor-widget-theme-post-title elementor-page-title elementor-widget-heading\" data-id=\"9cb12fb\" data-element_type=\"widget\" data-e-type=\"widget\" data-widget_type=\"theme-post-title.default\">\n\t\t\t\t<div class=\"elementor-widget-container\">\n\t\t\t\t\t<h2 class=\"elementor-heading-title elementor-size-default\">Ya comienza la Escuela de Verano GlobA.L. 2026<\/h2>\t\t\t\t<\/div>\n\t\t\t\t<\/div>\n\t\t\t\t<div class=\"elementor-element elementor-element-0170ac0 elementor-widget__width-inherit elementor-widget elementor-widget-image\" data-id=\"0170ac0\" data-element_type=\"widget\" data-e-type=\"widget\" data-widget_type=\"image.default\">\n\t\t\t\t<div class=\"elementor-widget-container\">\n\t\t\t\t\t\t\t\t\t\t\t\t\t\t\t<img fetchpriority=\"high\" decoding=\"async\" width=\"480\" height=\"362\" src=\"https:\/\/historiaintelectual.com.ar\/wp-content\/uploads\/2025\/10\/Tarsilia2.jpeg\" class=\"attachment-medium_large size-medium_large wp-image-10795\" alt=\"\" srcset=\"https:\/\/historiaintelectual.com.ar\/wp-content\/uploads\/2025\/10\/Tarsilia2.jpeg 480w, https:\/\/historiaintelectual.com.ar\/wp-content\/uploads\/2025\/10\/Tarsilia2-300x226.jpeg 300w, https:\/\/historiaintelectual.com.ar\/wp-content\/uploads\/2025\/10\/Tarsilia2-16x12.jpeg 16w\" sizes=\"(max-width: 480px) 100vw, 480px\" \/>\t\t\t\t\t\t\t\t\t\t\t\t\t\t\t<\/div>\n\t\t\t\t<\/div>\n\t\t\t\t<div class=\"elementor-element elementor-element-4a4018c elementor-widget elementor-widget-text-editor\" data-id=\"4a4018c\" data-element_type=\"widget\" data-e-type=\"widget\" data-widget_type=\"text-editor.default\">\n\t\t\t\t<div class=\"elementor-widget-container\">\n\t\t\t\t\t\t\t\t\t<p><span style=\"font-weight: 400;\">Este <\/span>9 de febrero<span style=\"font-weight: 400;\"> comienza la primera edici\u00f3n de la <\/span><b>GlobA.L. Summer School: <\/b><b><i>\u201cThinking Global History from Latin America\u201d<\/i><\/b><span style=\"font-weight: 400;\">, organizada por el <\/span><b>Laboratorio de Estudios sobre Brasil y el Sistema Mundial (Lab-Mundi\/USP)<\/b><span style=\"font-weight: 400;\">, en asociaci\u00f3n con historiadores e historiadoras de la <\/span><b>Universidad de S\u00e3o Paulo (USP, Brasil)<\/b><span style=\"font-weight: 400;\">, la <\/span><b>Universidad de la Rep\u00fablica (UdelaR, Uruguay)<\/b><span style=\"font-weight: 400;\"> y el <\/span><b>Centro de Historia Intelectual de la Universidad Nacional de Quilmes (UNQ, Argentina)<\/b><span style=\"font-weight: 400;\">.<\/span><\/p><p><span style=\"font-weight: 400;\">En esta primera edici\u00f3n, que se desarrollar\u00e1 <\/span><b>del 9 al 13 de febrero de 2026<\/b><span style=\"font-weight: 400;\">, la Escuela tendr\u00e1 modalidad <\/span>presencial<span style=\"font-weight: 400;\"> y sede en el <\/span>Institute of International Relations in S\u00e3o Paulo<span style=\"font-weight: 400;\">, bajo el eje tem\u00e1tico <\/span><b>\u201cSistemas, Tiempos, Espacios\u201d<\/b><span style=\"font-weight: 400;\">. Desde el <\/span><b>Center for Intellectual History<\/b><span style=\"font-weight: 400;\"> participar\u00e1n como docentes <\/span><b>Mart\u00edn Bergel, Laura Ehrlich y Martina Garategaray<\/b><span style=\"font-weight: 400;\">. <\/span><\/p><p><span style=\"font-weight: 400;\">The teaching staff is completed by:<\/span><\/p><ul><li><span style=\"font-weight: 400;\">Aldo Marchesi (UdelaR)<\/span><\/li><li><span style=\"font-weight: 400;\">Alexandre Moreli (USP)<\/span><\/li><li><span style=\"font-weight: 400;\">Camille Gapenne (UdelaR)<\/span><\/li><li><span style=\"font-weight: 400;\">Daniel Gomes de Carvalho (USP)<\/span><\/li><li><span style=\"font-weight: 400;\">Jo\u00e3o Paulo Pimenta (USP)<\/span><\/li><li><span style=\"font-weight: 400;\">Santiago Delgado (UdelaR)<\/span><\/li><li><span style=\"font-weight: 400;\">Rafael Marquese (USP)<\/span><\/li><li><span style=\"font-weight: 400;\">Rodrigo Goyena (USP)<\/span><\/li><li><span style=\"font-weight: 400;\">Vania Markarian (UdelaR)<\/span><\/li><\/ul><p>\u00a0<\/p><p><span style=\"font-weight: 400;\">El proyecto es resultado de un impulso liderado por <\/span>Alexandre Moreli (USP)<span style=\"font-weight: 400;\">, <\/span>Aldo Marchesi (UdelaR)<span style=\"font-weight: 400;\"> and <\/span>Mart\u00edn Bergel (CHI\/UNQ)<span style=\"font-weight: 400;\">, y contar\u00e1 con una <\/span><b>din\u00e1mica anual e itinerante<\/b><span style=\"font-weight: 400;\">, eligiendo en cada edici\u00f3n a una de las instituciones organizadoras como sede. En <\/span>2027, la Escuela se realizar\u00e1 en Montevideo y, en 2028, en Buenos Aires.<\/p><p><span style=\"font-weight: 400;\">Ya se puede consultar el programa completo <\/span><a href=\"https:\/\/drive.google.com\/file\/d\/1SsE8AvifO-i5pe-iioweyNi62bL-ax4T\/view\" target=\"_blank\" rel=\"noopener\"><span style=\"font-weight: 400;\">here<\/span><\/a><span style=\"font-weight: 400;\">.<\/span><\/p><p><a href=\"https:\/\/labmundi.fflch.usp.br\/escola-de-verao\" target=\"_blank\" rel=\"noopener\"><span style=\"font-weight: 400;\">Learn more.<\/span><\/a><\/p><p><em>Cr\u00e9dito de la imagen: Tarsila do Amaral, S\u00e3o Paulo, 1924, \u00f3leo sobre tela, 57 cm \u00d7 90 cm, Acervo de la Pinacoteca del Estado de S\u00e3o Paulo\/Brasil. Imagen\u00a0<\/em><em>disponible en la Enciclopedia Ita\u00fa Cultural.<\/em><\/p>\t\t\t\t\t\t\t\t<\/div>\n\t\t\t\t<\/div>\n\t\t\t\t<\/div>\n\t\t<div class=\"elementor-element elementor-element-8e8e3b9 e-flex e-con-boxed e-con e-parent\" data-id=\"8e8e3b9\" data-element_type=\"container\" data-e-type=\"container\">\n\t\t\t\t\t<div class=\"e-con-inner\">\n\t\t\t\t\t<\/div>\n\t\t\t\t<\/div>\n\t\t\t\t<\/div>","protected":false},"excerpt":{"rendered":"<p>En su primera edici\u00f3n, ser\u00e1 en el Instituto de Relaciones Internacionales de S\u00e3o Paulo, bajo el eje tem\u00e1tico \u201cSistemas, Tiempos, Espacios\u201d.<\/p>","protected":false},"author":96742468,"featured_media":10795,"comment_status":"closed","ping_status":"closed","sticky":false,"template":"","format":"standard","meta":{"footnotes":""},"categories":[1],"tags":[256],"class_list":["post-11208","post","type-post","status-publish","format-standard","has-post-thumbnail","hentry","category-sin-categoria","tag-historia-global"],"yoast_head":"<!-- This site is optimized with the Yoast SEO plugin v27.3 - https:\/\/yoast.com\/product\/yoast-seo-wordpress\/ -->\n<title>Ya comienza la Escuela de Verano GlobA.L. 2026 &#187; Historia Intelectual<\/title>\n<meta name=\"robots\" content=\"index, follow, max-snippet:-1, max-image-preview:large, max-video-preview:-1\" \/>\n<link rel=\"canonical\" href=\"https:\/\/historiaintelectual.com.ar\/eng\/ya-comienza-la-escuela-de-verano-globa-l-2026\/\" \/>\n<meta property=\"og:locale\" content=\"en_US\" \/>\n<meta property=\"og:type\" content=\"article\" \/>\n<meta property=\"og:title\" content=\"Ya comienza la Escuela de Verano GlobA.L. 2026 &#187; Historia Intelectual\" \/>\n<meta property=\"og:description\" content=\"En su primera edici\u00f3n, ser\u00e1 en el Instituto de Relaciones Internacionales de S\u00e3o Paulo, bajo el eje tem\u00e1tico \u201cSistemas, Tiempos, Espacios\u201d.\" \/>\n<meta property=\"og:url\" content=\"https:\/\/historiaintelectual.com.ar\/eng\/ya-comienza-la-escuela-de-verano-globa-l-2026\/\" \/>\n<meta property=\"og:site_name\" content=\"Historia Intelectual\" \/>\n<meta property=\"article:publisher\" content=\"https:\/\/www.facebook.com\/Centrodehistoriaintelectual\/\" \/>\n<meta property=\"article:published_time\" content=\"2026-02-02T18:23:53+00:00\" \/>\n<meta property=\"article:modified_time\" content=\"2026-02-18T17:37:56+00:00\" \/>\n<meta property=\"og:image\" content=\"https:\/\/historiaintelectual.com.ar\/wp-content\/uploads\/2025\/10\/Tarsilia2.jpeg\" \/>\n\t<meta property=\"og:image:width\" content=\"480\" \/>\n\t<meta property=\"og:image:height\" content=\"362\" \/>\n\t<meta property=\"og:image:type\" content=\"image\/jpeg\" \/>\n<meta name=\"author\" content=\"Noel Alvarez\" \/>\n<script type=\"application\/ld+json\" class=\"yoast-schema-graph\">{\"@context\":\"https:\\\/\\\/schema.org\",\"@graph\":[{\"@type\":\"Article\",\"@id\":\"https:\\\/\\\/historiaintelectual.com.ar\\\/ya-comienza-la-escuela-de-verano-globa-l-2026\\\/#article\",\"isPartOf\":{\"@id\":\"https:\\\/\\\/historiaintelectual.com.ar\\\/ya-comienza-la-escuela-de-verano-globa-l-2026\\\/\"},\"author\":{\"name\":\"Noel Alvarez\",\"@id\":\"https:\\\/\\\/historiaintelectual.com.ar\\\/#\\\/schema\\\/person\\\/d9da125a96632badb37d306ed1d2d690\"},\"headline\":\"Ya comienza la Escuela de Verano GlobA.L. 2026\",\"datePublished\":\"2026-02-02T18:23:53+00:00\",\"dateModified\":\"2026-02-18T17:37:56+00:00\",\"mainEntityOfPage\":{\"@id\":\"https:\\\/\\\/historiaintelectual.com.ar\\\/ya-comienza-la-escuela-de-verano-globa-l-2026\\\/\"},\"wordCount\":275,\"publisher\":{\"@id\":\"https:\\\/\\\/historiaintelectual.com.ar\\\/#organization\"},\"image\":{\"@id\":\"https:\\\/\\\/historiaintelectual.com.ar\\\/ya-comienza-la-escuela-de-verano-globa-l-2026\\\/#primaryimage\"},\"thumbnailUrl\":\"https:\\\/\\\/historiaintelectual.com.ar\\\/wp-content\\\/uploads\\\/2025\\\/10\\\/Tarsilia2.jpeg\",\"keywords\":[\"historia global\"],\"articleSection\":[\"Sin categor\u00eda\"],\"inLanguage\":\"en-US\"},{\"@type\":\"WebPage\",\"@id\":\"https:\\\/\\\/historiaintelectual.com.ar\\\/ya-comienza-la-escuela-de-verano-globa-l-2026\\\/\",\"url\":\"https:\\\/\\\/historiaintelectual.com.ar\\\/ya-comienza-la-escuela-de-verano-globa-l-2026\\\/\",\"name\":\"Ya comienza la Escuela de Verano GlobA.L. 2026 &#187; Historia Intelectual\",\"isPartOf\":{\"@id\":\"https:\\\/\\\/historiaintelectual.com.ar\\\/#website\"},\"primaryImageOfPage\":{\"@id\":\"https:\\\/\\\/historiaintelectual.com.ar\\\/ya-comienza-la-escuela-de-verano-globa-l-2026\\\/#primaryimage\"},\"image\":{\"@id\":\"https:\\\/\\\/historiaintelectual.com.ar\\\/ya-comienza-la-escuela-de-verano-globa-l-2026\\\/#primaryimage\"},\"thumbnailUrl\":\"https:\\\/\\\/historiaintelectual.com.ar\\\/wp-content\\\/uploads\\\/2025\\\/10\\\/Tarsilia2.jpeg\",\"datePublished\":\"2026-02-02T18:23:53+00:00\",\"dateModified\":\"2026-02-18T17:37:56+00:00\",\"breadcrumb\":{\"@id\":\"https:\\\/\\\/historiaintelectual.com.ar\\\/ya-comienza-la-escuela-de-verano-globa-l-2026\\\/#breadcrumb\"},\"inLanguage\":\"en-US\",\"potentialAction\":[{\"@type\":\"ReadAction\",\"target\":[\"https:\\\/\\\/historiaintelectual.com.ar\\\/ya-comienza-la-escuela-de-verano-globa-l-2026\\\/\"]}]},{\"@type\":\"ImageObject\",\"inLanguage\":\"en-US\",\"@id\":\"https:\\\/\\\/historiaintelectual.com.ar\\\/ya-comienza-la-escuela-de-verano-globa-l-2026\\\/#primaryimage\",\"url\":\"https:\\\/\\\/historiaintelectual.com.ar\\\/wp-content\\\/uploads\\\/2025\\\/10\\\/Tarsilia2.jpeg\",\"contentUrl\":\"https:\\\/\\\/historiaintelectual.com.ar\\\/wp-content\\\/uploads\\\/2025\\\/10\\\/Tarsilia2.jpeg\",\"width\":480,\"height\":362},{\"@type\":\"BreadcrumbList\",\"@id\":\"https:\\\/\\\/historiaintelectual.com.ar\\\/ya-comienza-la-escuela-de-verano-globa-l-2026\\\/#breadcrumb\",\"itemListElement\":[{\"@type\":\"ListItem\",\"position\":1,\"name\":\"Portada\",\"item\":\"https:\\\/\\\/historiaintelectual.com.ar\\\/\"},{\"@type\":\"ListItem\",\"position\":2,\"name\":\"Ya comienza la Escuela de Verano GlobA.L. 2026\"}]},{\"@type\":\"WebSite\",\"@id\":\"https:\\\/\\\/historiaintelectual.com.ar\\\/#website\",\"url\":\"https:\\\/\\\/historiaintelectual.com.ar\\\/\",\"name\":\"Historia Intelectual\",\"description\":\"Centro de Historia Intelectual\",\"publisher\":{\"@id\":\"https:\\\/\\\/historiaintelectual.com.ar\\\/#organization\"},\"alternateName\":\"Centro de historia intelectual\",\"potentialAction\":[{\"@type\":\"SearchAction\",\"target\":{\"@type\":\"EntryPoint\",\"urlTemplate\":\"https:\\\/\\\/historiaintelectual.com.ar\\\/?s={search_term_string}\"},\"query-input\":{\"@type\":\"PropertyValueSpecification\",\"valueRequired\":true,\"valueName\":\"search_term_string\"}}],\"inLanguage\":\"en-US\"},{\"@type\":\"Organization\",\"@id\":\"https:\\\/\\\/historiaintelectual.com.ar\\\/#organization\",\"name\":\"Centro Historia Intelectual\",\"url\":\"https:\\\/\\\/historiaintelectual.com.ar\\\/\",\"logo\":{\"@type\":\"ImageObject\",\"inLanguage\":\"en-US\",\"@id\":\"https:\\\/\\\/historiaintelectual.com.ar\\\/#\\\/schema\\\/logo\\\/image\\\/\",\"url\":\"https:\\\/\\\/historiaintelectual.com.ar\\\/wp-content\\\/uploads\\\/2025\\\/04\\\/logo-25.png\",\"contentUrl\":\"https:\\\/\\\/historiaintelectual.com.ar\\\/wp-content\\\/uploads\\\/2025\\\/04\\\/logo-25.png\",\"width\":456,\"height\":456,\"caption\":\"Centro Historia Intelectual\"},\"image\":{\"@id\":\"https:\\\/\\\/historiaintelectual.com.ar\\\/#\\\/schema\\\/logo\\\/image\\\/\"},\"sameAs\":[\"https:\\\/\\\/www.facebook.com\\\/Centrodehistoriaintelectual\\\/\",\"https:\\\/\\\/www.youtube.com\\\/channel\\\/UCGr8q_2-dchoqKT-jT5Lmfw\",\"https:\\\/\\\/www.instagram.com\\\/chi_unq\\\/\"]},{\"@type\":\"Person\",\"@id\":\"https:\\\/\\\/historiaintelectual.com.ar\\\/#\\\/schema\\\/person\\\/d9da125a96632badb37d306ed1d2d690\",\"name\":\"Noel Alvarez\",\"url\":\"https:\\\/\\\/historiaintelectual.com.ar\\\/eng\\\/author\\\/noel\\\/\"}]}<\/script>\n<!-- \/ Yoast SEO plugin. -->","yoast_head_json":{"title":"Ya comienza la Escuela de Verano GlobA.L. 2026 &#187; Historia Intelectual","robots":{"index":"index","follow":"follow","max-snippet":"max-snippet:-1","max-image-preview":"max-image-preview:large","max-video-preview":"max-video-preview:-1"},"canonical":"https:\/\/historiaintelectual.com.ar\/eng\/ya-comienza-la-escuela-de-verano-globa-l-2026\/","og_locale":"en_US","og_type":"article","og_title":"Ya comienza la Escuela de Verano GlobA.L. 2026 &#187; Historia Intelectual","og_description":"En su primera edici\u00f3n, ser\u00e1 en el Instituto de Relaciones Internacionales de S\u00e3o Paulo, bajo el eje tem\u00e1tico \u201cSistemas, Tiempos, Espacios\u201d.","og_url":"https:\/\/historiaintelectual.com.ar\/eng\/ya-comienza-la-escuela-de-verano-globa-l-2026\/","og_site_name":"Historia Intelectual","article_publisher":"https:\/\/www.facebook.com\/Centrodehistoriaintelectual\/","article_published_time":"2026-02-02T18:23:53+00:00","article_modified_time":"2026-02-18T17:37:56+00:00","og_image":[{"width":480,"height":362,"url":"https:\/\/historiaintelectual.com.ar\/wp-content\/uploads\/2025\/10\/Tarsilia2.jpeg","type":"image\/jpeg"}],"author":"Noel Alvarez","schema":{"@context":"https:\/\/schema.org","@graph":[{"@type":"Article","@id":"https:\/\/historiaintelectual.com.ar\/ya-comienza-la-escuela-de-verano-globa-l-2026\/#article","isPartOf":{"@id":"https:\/\/historiaintelectual.com.ar\/ya-comienza-la-escuela-de-verano-globa-l-2026\/"},"author":{"name":"Noel Alvarez","@id":"https:\/\/historiaintelectual.com.ar\/#\/schema\/person\/d9da125a96632badb37d306ed1d2d690"},"headline":"Ya comienza la Escuela de Verano GlobA.L. 2026","datePublished":"2026-02-02T18:23:53+00:00","dateModified":"2026-02-18T17:37:56+00:00","mainEntityOfPage":{"@id":"https:\/\/historiaintelectual.com.ar\/ya-comienza-la-escuela-de-verano-globa-l-2026\/"},"wordCount":275,"publisher":{"@id":"https:\/\/historiaintelectual.com.ar\/#organization"},"image":{"@id":"https:\/\/historiaintelectual.com.ar\/ya-comienza-la-escuela-de-verano-globa-l-2026\/#primaryimage"},"thumbnailUrl":"https:\/\/historiaintelectual.com.ar\/wp-content\/uploads\/2025\/10\/Tarsilia2.jpeg","keywords":["historia global"],"articleSection":["Sin categor\u00eda"],"inLanguage":"en-US"},{"@type":"WebPage","@id":"https:\/\/historiaintelectual.com.ar\/ya-comienza-la-escuela-de-verano-globa-l-2026\/","url":"https:\/\/historiaintelectual.com.ar\/ya-comienza-la-escuela-de-verano-globa-l-2026\/","name":"Ya comienza la Escuela de Verano GlobA.L. 2026 &#187; Historia Intelectual","isPartOf":{"@id":"https:\/\/historiaintelectual.com.ar\/#website"},"primaryImageOfPage":{"@id":"https:\/\/historiaintelectual.com.ar\/ya-comienza-la-escuela-de-verano-globa-l-2026\/#primaryimage"},"image":{"@id":"https:\/\/historiaintelectual.com.ar\/ya-comienza-la-escuela-de-verano-globa-l-2026\/#primaryimage"},"thumbnailUrl":"https:\/\/historiaintelectual.com.ar\/wp-content\/uploads\/2025\/10\/Tarsilia2.jpeg","datePublished":"2026-02-02T18:23:53+00:00","dateModified":"2026-02-18T17:37:56+00:00","breadcrumb":{"@id":"https:\/\/historiaintelectual.com.ar\/ya-comienza-la-escuela-de-verano-globa-l-2026\/#breadcrumb"},"inLanguage":"en-US","potentialAction":[{"@type":"ReadAction","target":["https:\/\/historiaintelectual.com.ar\/ya-comienza-la-escuela-de-verano-globa-l-2026\/"]}]},{"@type":"ImageObject","inLanguage":"en-US","@id":"https:\/\/historiaintelectual.com.ar\/ya-comienza-la-escuela-de-verano-globa-l-2026\/#primaryimage","url":"https:\/\/historiaintelectual.com.ar\/wp-content\/uploads\/2025\/10\/Tarsilia2.jpeg","contentUrl":"https:\/\/historiaintelectual.com.ar\/wp-content\/uploads\/2025\/10\/Tarsilia2.jpeg","width":480,"height":362},{"@type":"BreadcrumbList","@id":"https:\/\/historiaintelectual.com.ar\/ya-comienza-la-escuela-de-verano-globa-l-2026\/#breadcrumb","itemListElement":[{"@type":"ListItem","position":1,"name":"Portada","item":"https:\/\/historiaintelectual.com.ar\/"},{"@type":"ListItem","position":2,"name":"Ya comienza la Escuela de Verano GlobA.L. 2026"}]},{"@type":"WebSite","@id":"https:\/\/historiaintelectual.com.ar\/#website","url":"https:\/\/historiaintelectual.com.ar\/","name":"Historia Intelectual","description":"Center for Intellectual History","publisher":{"@id":"https:\/\/historiaintelectual.com.ar\/#organization"},"alternateName":"Centro de historia intelectual","potentialAction":[{"@type":"SearchAction","target":{"@type":"EntryPoint","urlTemplate":"https:\/\/historiaintelectual.com.ar\/?s={search_term_string}"},"query-input":{"@type":"PropertyValueSpecification","valueRequired":true,"valueName":"search_term_string"}}],"inLanguage":"en-US"},{"@type":"Organization","@id":"https:\/\/historiaintelectual.com.ar\/#organization","name":"Centro Historia Intelectual","url":"https:\/\/historiaintelectual.com.ar\/","logo":{"@type":"ImageObject","inLanguage":"en-US","@id":"https:\/\/historiaintelectual.com.ar\/#\/schema\/logo\/image\/","url":"https:\/\/historiaintelectual.com.ar\/wp-content\/uploads\/2025\/04\/logo-25.png","contentUrl":"https:\/\/historiaintelectual.com.ar\/wp-content\/uploads\/2025\/04\/logo-25.png","width":456,"height":456,"caption":"Centro Historia Intelectual"},"image":{"@id":"https:\/\/historiaintelectual.com.ar\/#\/schema\/logo\/image\/"},"sameAs":["https:\/\/www.facebook.com\/Centrodehistoriaintelectual\/","https:\/\/www.youtube.com\/channel\/UCGr8q_2-dchoqKT-jT5Lmfw","https:\/\/www.instagram.com\/chi_unq\/"]},{"@type":"Person","@id":"https:\/\/historiaintelectual.com.ar\/#\/schema\/person\/d9da125a96632badb37d306ed1d2d690","name":"Noel Alvarez","url":"https:\/\/historiaintelectual.com.ar\/eng\/author\/noel\/"}]}},"_links":{"self":[{"href":"https:\/\/historiaintelectual.com.ar\/eng\/wp-json\/wp\/v2\/posts\/11208","targetHints":{"allow":["GET"]}}],"collection":[{"href":"https:\/\/historiaintelectual.com.ar\/eng\/wp-json\/wp\/v2\/posts"}],"about":[{"href":"https:\/\/historiaintelectual.com.ar\/eng\/wp-json\/wp\/v2\/types\/post"}],"author":[{"embeddable":true,"href":"https:\/\/historiaintelectual.com.ar\/eng\/wp-json\/wp\/v2\/users\/96742468"}],"replies":[{"embeddable":true,"href":"https:\/\/historiaintelectual.com.ar\/eng\/wp-json\/wp\/v2\/comments?post=11208"}],"version-history":[{"count":12,"href":"https:\/\/historiaintelectual.com.ar\/eng\/wp-json\/wp\/v2\/posts\/11208\/revisions"}],"predecessor-version":[{"id":11222,"href":"https:\/\/historiaintelectual.com.ar\/eng\/wp-json\/wp\/v2\/posts\/11208\/revisions\/11222"}],"wp:featuredmedia":[{"embeddable":true,"href":"https:\/\/historiaintelectual.com.ar\/eng\/wp-json\/wp\/v2\/media\/10795"}],"wp:attachment":[{"href":"https:\/\/historiaintelectual.com.ar\/eng\/wp-json\/wp\/v2\/media?parent=11208"}],"wp:term":[{"taxonomy":"category","embeddable":true,"href":"https:\/\/historiaintelectual.com.ar\/eng\/wp-json\/wp\/v2\/categories?post=11208"},{"taxonomy":"post_tag","embeddable":true,"href":"https:\/\/historiaintelectual.com.ar\/eng\/wp-json\/wp\/v2\/tags?post=11208"}],"curies":[{"name":"wp","href":"https:\/\/api.w.org\/{rel}","templated":true}]}}