{"id":11173,"date":"2025-12-24T09:59:43","date_gmt":"2025-12-24T12:59:43","guid":{"rendered":"https:\/\/historiaintelectual.com.ar\/?p=11173"},"modified":"2026-01-15T14:36:01","modified_gmt":"2026-01-15T17:36:01","slug":"mensaje-de-fin-de-ano-2025","status":"publish","type":"post","link":"https:\/\/historiaintelectual.com.ar\/eng\/mensaje-de-fin-de-ano-2025\/","title":{"rendered":"Mensaje de fin de a\u00f1o 2025"},"content":{"rendered":"<div data-elementor-type=\"wp-post\" data-elementor-id=\"11173\" class=\"elementor elementor-11173\" data-elementor-post-type=\"post\">\n\t\t\t\t<div class=\"elementor-element elementor-element-08ed315 e-con-full e-flex e-con e-parent\" data-id=\"08ed315\" data-element_type=\"container\" data-e-type=\"container\">\n\t\t\t\t<div class=\"elementor-element elementor-element-9cb12fb elementor-widget elementor-widget-theme-post-title elementor-page-title elementor-widget-heading\" data-id=\"9cb12fb\" data-element_type=\"widget\" data-e-type=\"widget\" data-widget_type=\"theme-post-title.default\">\n\t\t\t\t<div class=\"elementor-widget-container\">\n\t\t\t\t\t<h2 class=\"elementor-heading-title elementor-size-default\">Mensaje de fin de a\u00f1o 2025<\/h2>\t\t\t\t<\/div>\n\t\t\t\t<\/div>\n\t\t\t\t<div class=\"elementor-element elementor-element-0170ac0 elementor-widget__width-inherit elementor-widget elementor-widget-image\" data-id=\"0170ac0\" data-element_type=\"widget\" data-e-type=\"widget\" data-widget_type=\"image.default\">\n\t\t\t\t<div class=\"elementor-widget-container\">\n\t\t\t\t\t\t\t\t\t\t\t\t\t\t\t<img fetchpriority=\"high\" decoding=\"async\" width=\"768\" height=\"961\" src=\"https:\/\/historiaintelectual.com.ar\/wp-content\/uploads\/2025\/12\/FiestasFEEDESL-768x961.jpg\" class=\"attachment-medium_large size-medium_large wp-image-11174\" alt=\"Felices Fiestas Centro de Historia Intelectual\" srcset=\"https:\/\/historiaintelectual.com.ar\/wp-content\/uploads\/2025\/12\/FiestasFEEDESL-768x961.jpg 768w, https:\/\/historiaintelectual.com.ar\/wp-content\/uploads\/2025\/12\/FiestasFEEDESL-240x300.jpg 240w, https:\/\/historiaintelectual.com.ar\/wp-content\/uploads\/2025\/12\/FiestasFEEDESL-818x1024.jpg 818w, https:\/\/historiaintelectual.com.ar\/wp-content\/uploads\/2025\/12\/FiestasFEEDESL-10x12.jpg 10w, https:\/\/historiaintelectual.com.ar\/wp-content\/uploads\/2025\/12\/FiestasFEEDESL.jpg 1082w\" sizes=\"(max-width: 768px) 100vw, 768px\" \/>\t\t\t\t\t\t\t\t\t\t\t\t\t\t\t<\/div>\n\t\t\t\t<\/div>\n\t\t\t\t<div class=\"elementor-element elementor-element-4a4018c elementor-widget elementor-widget-text-editor\" data-id=\"4a4018c\" data-element_type=\"widget\" data-e-type=\"widget\" data-widget_type=\"text-editor.default\">\n\t\t\t\t<div class=\"elementor-widget-container\">\n\t\t\t\t\t\t\t\t\t<p><span style=\"font-weight: 400;\">Quienes hacemos el Centro de Historia Intelectual <strong>agradecemos el acompa\u00f1amiento<\/strong> a la revista <\/span><i><span style=\"font-weight: 400;\">Prismas<\/span><\/i><span style=\"font-weight: 400;\"> y a nuestras dem\u00e1s iniciativas durante este 2025. En un contexto en el que las ciencias en general, y las humanidades y las ciencias sociales en particular, atraviesan un proceso de brutal desfinanciamiento y desvalorizaci\u00f3n, ese apoyo ha sido un sost\u00e9n especialmente necesario.<\/span><\/p><p><span style=\"font-weight: 400;\">Nos reencontraremos en 2026 alrededor de<strong> los libros y sus ideas<\/strong>, del <strong>pensamiento<\/strong> y del <strong>intercambio cultural.\u00a0<\/strong><\/span><\/p><p><em><span style=\"font-weight: 400;\">* Ilustraci\u00f3n de <\/span><span style=\"font-weight: 400;\">Florian Paucke, c. 1778, de sus acuarelas de <\/span><\/em><span style=\"font-weight: 400;\">Una estad\u00eda entre los indios Mocob\u00edes, <\/span><em><span style=\"font-weight: 400;\">(1749-1767<\/span><span style=\"font-weight: 400;\">). Tomado de Florian Paucke, <\/span><\/em><span style=\"font-weight: 400;\">Hacia all\u00e1 y para ac\u00e1.<\/span><span style=\"font-weight: 400;\">Iconograf\u00eda y memorias completas,<\/span><em><span style=\"font-weight: 400;\"> Santa Fe, Ministerio de Innovaci\u00f3n y Cultura de Santa Fe, 2010.<\/span><\/em><\/p>\t\t\t\t\t\t\t\t<\/div>\n\t\t\t\t<\/div>\n\t\t\t\t<\/div>\n\t\t<div class=\"elementor-element elementor-element-8e8e3b9 e-flex e-con-boxed e-con e-parent\" data-id=\"8e8e3b9\" data-element_type=\"container\" data-e-type=\"container\">\n\t\t\t\t\t<div class=\"e-con-inner\">\n\t\t\t\t\t<\/div>\n\t\t\t\t<\/div>\n\t\t\t\t<\/div>","protected":false},"excerpt":{"rendered":"<p>Nuestro agradecimiento a quienes nos acompa\u00f1aron este a\u00f1o y nuestros deseos para el 2026<\/p>","protected":false},"author":96742469,"featured_media":11174,"comment_status":"closed","ping_status":"closed","sticky":false,"template":"","format":"standard","meta":{"footnotes":""},"categories":[1],"tags":[],"class_list":["post-11173","post","type-post","status-publish","format-standard","has-post-thumbnail","hentry","category-sin-categoria"],"yoast_head":"<!-- This site is optimized with the Yoast SEO plugin v27.3 - https:\/\/yoast.com\/product\/yoast-seo-wordpress\/ -->\n<title>Mensaje de fin de a\u00f1o 2025 &#187; Historia Intelectual<\/title>\n<meta name=\"robots\" content=\"index, follow, max-snippet:-1, max-image-preview:large, max-video-preview:-1\" \/>\n<link rel=\"canonical\" href=\"https:\/\/historiaintelectual.com.ar\/eng\/mensaje-de-fin-de-ano-2025\/\" \/>\n<meta property=\"og:locale\" content=\"en_US\" \/>\n<meta property=\"og:type\" content=\"article\" \/>\n<meta property=\"og:title\" content=\"Mensaje de fin de a\u00f1o 2025 &#187; Historia Intelectual\" \/>\n<meta property=\"og:description\" content=\"Nuestro agradecimiento a quienes nos acompa\u00f1aron este a\u00f1o y nuestros deseos para el 2026\" \/>\n<meta property=\"og:url\" content=\"https:\/\/historiaintelectual.com.ar\/eng\/mensaje-de-fin-de-ano-2025\/\" \/>\n<meta property=\"og:site_name\" content=\"Historia Intelectual\" \/>\n<meta property=\"article:publisher\" content=\"https:\/\/www.facebook.com\/Centrodehistoriaintelectual\/\" \/>\n<meta property=\"article:published_time\" content=\"2025-12-24T12:59:43+00:00\" \/>\n<meta property=\"article:modified_time\" content=\"2026-01-15T17:36:01+00:00\" \/>\n<meta property=\"og:image\" content=\"https:\/\/historiaintelectual.com.ar\/wp-content\/uploads\/2025\/12\/FiestasFEEDESL.jpg\" \/>\n\t<meta property=\"og:image:width\" content=\"1082\" \/>\n\t<meta property=\"og:image:height\" content=\"1354\" \/>\n\t<meta property=\"og:image:type\" content=\"image\/jpeg\" \/>\n<meta name=\"author\" content=\"Comunicacion y Redes CHI\" \/>\n<script type=\"application\/ld+json\" class=\"yoast-schema-graph\">{\"@context\":\"https:\\\/\\\/schema.org\",\"@graph\":[{\"@type\":\"Article\",\"@id\":\"https:\\\/\\\/historiaintelectual.com.ar\\\/mensaje-de-fin-de-ano-2025\\\/#article\",\"isPartOf\":{\"@id\":\"https:\\\/\\\/historiaintelectual.com.ar\\\/mensaje-de-fin-de-ano-2025\\\/\"},\"author\":{\"name\":\"Comunicacion y Redes CHI\",\"@id\":\"https:\\\/\\\/historiaintelectual.com.ar\\\/#\\\/schema\\\/person\\\/769229088e15d859c56fef3de86ed3c8\"},\"headline\":\"Mensaje de fin de a\u00f1o 2025\",\"datePublished\":\"2025-12-24T12:59:43+00:00\",\"dateModified\":\"2026-01-15T17:36:01+00:00\",\"mainEntityOfPage\":{\"@id\":\"https:\\\/\\\/historiaintelectual.com.ar\\\/mensaje-de-fin-de-ano-2025\\\/\"},\"wordCount\":126,\"publisher\":{\"@id\":\"https:\\\/\\\/historiaintelectual.com.ar\\\/#organization\"},\"image\":{\"@id\":\"https:\\\/\\\/historiaintelectual.com.ar\\\/mensaje-de-fin-de-ano-2025\\\/#primaryimage\"},\"thumbnailUrl\":\"https:\\\/\\\/historiaintelectual.com.ar\\\/wp-content\\\/uploads\\\/2025\\\/12\\\/FiestasFEEDESL.jpg\",\"articleSection\":[\"Sin categor\u00eda\"],\"inLanguage\":\"en-US\"},{\"@type\":\"WebPage\",\"@id\":\"https:\\\/\\\/historiaintelectual.com.ar\\\/mensaje-de-fin-de-ano-2025\\\/\",\"url\":\"https:\\\/\\\/historiaintelectual.com.ar\\\/mensaje-de-fin-de-ano-2025\\\/\",\"name\":\"Mensaje de fin de a\u00f1o 2025 &#187; Historia Intelectual\",\"isPartOf\":{\"@id\":\"https:\\\/\\\/historiaintelectual.com.ar\\\/#website\"},\"primaryImageOfPage\":{\"@id\":\"https:\\\/\\\/historiaintelectual.com.ar\\\/mensaje-de-fin-de-ano-2025\\\/#primaryimage\"},\"image\":{\"@id\":\"https:\\\/\\\/historiaintelectual.com.ar\\\/mensaje-de-fin-de-ano-2025\\\/#primaryimage\"},\"thumbnailUrl\":\"https:\\\/\\\/historiaintelectual.com.ar\\\/wp-content\\\/uploads\\\/2025\\\/12\\\/FiestasFEEDESL.jpg\",\"datePublished\":\"2025-12-24T12:59:43+00:00\",\"dateModified\":\"2026-01-15T17:36:01+00:00\",\"breadcrumb\":{\"@id\":\"https:\\\/\\\/historiaintelectual.com.ar\\\/mensaje-de-fin-de-ano-2025\\\/#breadcrumb\"},\"inLanguage\":\"en-US\",\"potentialAction\":[{\"@type\":\"ReadAction\",\"target\":[\"https:\\\/\\\/historiaintelectual.com.ar\\\/mensaje-de-fin-de-ano-2025\\\/\"]}]},{\"@type\":\"ImageObject\",\"inLanguage\":\"en-US\",\"@id\":\"https:\\\/\\\/historiaintelectual.com.ar\\\/mensaje-de-fin-de-ano-2025\\\/#primaryimage\",\"url\":\"https:\\\/\\\/historiaintelectual.com.ar\\\/wp-content\\\/uploads\\\/2025\\\/12\\\/FiestasFEEDESL.jpg\",\"contentUrl\":\"https:\\\/\\\/historiaintelectual.com.ar\\\/wp-content\\\/uploads\\\/2025\\\/12\\\/FiestasFEEDESL.jpg\",\"width\":1082,\"height\":1354,\"caption\":\"Felices Fiestas Centro de Historia Intelectual\"},{\"@type\":\"BreadcrumbList\",\"@id\":\"https:\\\/\\\/historiaintelectual.com.ar\\\/mensaje-de-fin-de-ano-2025\\\/#breadcrumb\",\"itemListElement\":[{\"@type\":\"ListItem\",\"position\":1,\"name\":\"Portada\",\"item\":\"https:\\\/\\\/historiaintelectual.com.ar\\\/\"},{\"@type\":\"ListItem\",\"position\":2,\"name\":\"Mensaje de fin de a\u00f1o 2025\"}]},{\"@type\":\"WebSite\",\"@id\":\"https:\\\/\\\/historiaintelectual.com.ar\\\/#website\",\"url\":\"https:\\\/\\\/historiaintelectual.com.ar\\\/\",\"name\":\"Historia Intelectual\",\"description\":\"Centro de Historia Intelectual\",\"publisher\":{\"@id\":\"https:\\\/\\\/historiaintelectual.com.ar\\\/#organization\"},\"alternateName\":\"Centro de historia intelectual\",\"potentialAction\":[{\"@type\":\"SearchAction\",\"target\":{\"@type\":\"EntryPoint\",\"urlTemplate\":\"https:\\\/\\\/historiaintelectual.com.ar\\\/?s={search_term_string}\"},\"query-input\":{\"@type\":\"PropertyValueSpecification\",\"valueRequired\":true,\"valueName\":\"search_term_string\"}}],\"inLanguage\":\"en-US\"},{\"@type\":\"Organization\",\"@id\":\"https:\\\/\\\/historiaintelectual.com.ar\\\/#organization\",\"name\":\"Centro Historia Intelectual\",\"url\":\"https:\\\/\\\/historiaintelectual.com.ar\\\/\",\"logo\":{\"@type\":\"ImageObject\",\"inLanguage\":\"en-US\",\"@id\":\"https:\\\/\\\/historiaintelectual.com.ar\\\/#\\\/schema\\\/logo\\\/image\\\/\",\"url\":\"https:\\\/\\\/historiaintelectual.com.ar\\\/wp-content\\\/uploads\\\/2025\\\/04\\\/logo-25.png\",\"contentUrl\":\"https:\\\/\\\/historiaintelectual.com.ar\\\/wp-content\\\/uploads\\\/2025\\\/04\\\/logo-25.png\",\"width\":456,\"height\":456,\"caption\":\"Centro Historia Intelectual\"},\"image\":{\"@id\":\"https:\\\/\\\/historiaintelectual.com.ar\\\/#\\\/schema\\\/logo\\\/image\\\/\"},\"sameAs\":[\"https:\\\/\\\/www.facebook.com\\\/Centrodehistoriaintelectual\\\/\",\"https:\\\/\\\/www.youtube.com\\\/channel\\\/UCGr8q_2-dchoqKT-jT5Lmfw\",\"https:\\\/\\\/www.instagram.com\\\/chi_unq\\\/\"]},{\"@type\":\"Person\",\"@id\":\"https:\\\/\\\/historiaintelectual.com.ar\\\/#\\\/schema\\\/person\\\/769229088e15d859c56fef3de86ed3c8\",\"name\":\"Comunicacion y Redes CHI\",\"url\":\"https:\\\/\\\/historiaintelectual.com.ar\\\/eng\\\/author\\\/comunicacion\\\/\"}]}<\/script>\n<!-- \/ Yoast SEO plugin. -->","yoast_head_json":{"title":"Mensaje de fin de a\u00f1o 2025 &#187; Historia Intelectual","robots":{"index":"index","follow":"follow","max-snippet":"max-snippet:-1","max-image-preview":"max-image-preview:large","max-video-preview":"max-video-preview:-1"},"canonical":"https:\/\/historiaintelectual.com.ar\/eng\/mensaje-de-fin-de-ano-2025\/","og_locale":"en_US","og_type":"article","og_title":"Mensaje de fin de a\u00f1o 2025 &#187; Historia Intelectual","og_description":"Nuestro agradecimiento a quienes nos acompa\u00f1aron este a\u00f1o y nuestros deseos para el 2026","og_url":"https:\/\/historiaintelectual.com.ar\/eng\/mensaje-de-fin-de-ano-2025\/","og_site_name":"Historia Intelectual","article_publisher":"https:\/\/www.facebook.com\/Centrodehistoriaintelectual\/","article_published_time":"2025-12-24T12:59:43+00:00","article_modified_time":"2026-01-15T17:36:01+00:00","og_image":[{"width":1082,"height":1354,"url":"https:\/\/historiaintelectual.com.ar\/wp-content\/uploads\/2025\/12\/FiestasFEEDESL.jpg","type":"image\/jpeg"}],"author":"Comunicacion y Redes CHI","schema":{"@context":"https:\/\/schema.org","@graph":[{"@type":"Article","@id":"https:\/\/historiaintelectual.com.ar\/mensaje-de-fin-de-ano-2025\/#article","isPartOf":{"@id":"https:\/\/historiaintelectual.com.ar\/mensaje-de-fin-de-ano-2025\/"},"author":{"name":"Comunicacion y Redes CHI","@id":"https:\/\/historiaintelectual.com.ar\/#\/schema\/person\/769229088e15d859c56fef3de86ed3c8"},"headline":"Mensaje de fin de a\u00f1o 2025","datePublished":"2025-12-24T12:59:43+00:00","dateModified":"2026-01-15T17:36:01+00:00","mainEntityOfPage":{"@id":"https:\/\/historiaintelectual.com.ar\/mensaje-de-fin-de-ano-2025\/"},"wordCount":126,"publisher":{"@id":"https:\/\/historiaintelectual.com.ar\/#organization"},"image":{"@id":"https:\/\/historiaintelectual.com.ar\/mensaje-de-fin-de-ano-2025\/#primaryimage"},"thumbnailUrl":"https:\/\/historiaintelectual.com.ar\/wp-content\/uploads\/2025\/12\/FiestasFEEDESL.jpg","articleSection":["Sin categor\u00eda"],"inLanguage":"en-US"},{"@type":"WebPage","@id":"https:\/\/historiaintelectual.com.ar\/mensaje-de-fin-de-ano-2025\/","url":"https:\/\/historiaintelectual.com.ar\/mensaje-de-fin-de-ano-2025\/","name":"Mensaje de fin de a\u00f1o 2025 &#187; Historia Intelectual","isPartOf":{"@id":"https:\/\/historiaintelectual.com.ar\/#website"},"primaryImageOfPage":{"@id":"https:\/\/historiaintelectual.com.ar\/mensaje-de-fin-de-ano-2025\/#primaryimage"},"image":{"@id":"https:\/\/historiaintelectual.com.ar\/mensaje-de-fin-de-ano-2025\/#primaryimage"},"thumbnailUrl":"https:\/\/historiaintelectual.com.ar\/wp-content\/uploads\/2025\/12\/FiestasFEEDESL.jpg","datePublished":"2025-12-24T12:59:43+00:00","dateModified":"2026-01-15T17:36:01+00:00","breadcrumb":{"@id":"https:\/\/historiaintelectual.com.ar\/mensaje-de-fin-de-ano-2025\/#breadcrumb"},"inLanguage":"en-US","potentialAction":[{"@type":"ReadAction","target":["https:\/\/historiaintelectual.com.ar\/mensaje-de-fin-de-ano-2025\/"]}]},{"@type":"ImageObject","inLanguage":"en-US","@id":"https:\/\/historiaintelectual.com.ar\/mensaje-de-fin-de-ano-2025\/#primaryimage","url":"https:\/\/historiaintelectual.com.ar\/wp-content\/uploads\/2025\/12\/FiestasFEEDESL.jpg","contentUrl":"https:\/\/historiaintelectual.com.ar\/wp-content\/uploads\/2025\/12\/FiestasFEEDESL.jpg","width":1082,"height":1354,"caption":"Felices Fiestas Centro de Historia Intelectual"},{"@type":"BreadcrumbList","@id":"https:\/\/historiaintelectual.com.ar\/mensaje-de-fin-de-ano-2025\/#breadcrumb","itemListElement":[{"@type":"ListItem","position":1,"name":"Portada","item":"https:\/\/historiaintelectual.com.ar\/"},{"@type":"ListItem","position":2,"name":"Mensaje de fin de a\u00f1o 2025"}]},{"@type":"WebSite","@id":"https:\/\/historiaintelectual.com.ar\/#website","url":"https:\/\/historiaintelectual.com.ar\/","name":"Historia Intelectual","description":"Center for Intellectual History","publisher":{"@id":"https:\/\/historiaintelectual.com.ar\/#organization"},"alternateName":"Centro de historia intelectual","potentialAction":[{"@type":"SearchAction","target":{"@type":"EntryPoint","urlTemplate":"https:\/\/historiaintelectual.com.ar\/?s={search_term_string}"},"query-input":{"@type":"PropertyValueSpecification","valueRequired":true,"valueName":"search_term_string"}}],"inLanguage":"en-US"},{"@type":"Organization","@id":"https:\/\/historiaintelectual.com.ar\/#organization","name":"Centro Historia Intelectual","url":"https:\/\/historiaintelectual.com.ar\/","logo":{"@type":"ImageObject","inLanguage":"en-US","@id":"https:\/\/historiaintelectual.com.ar\/#\/schema\/logo\/image\/","url":"https:\/\/historiaintelectual.com.ar\/wp-content\/uploads\/2025\/04\/logo-25.png","contentUrl":"https:\/\/historiaintelectual.com.ar\/wp-content\/uploads\/2025\/04\/logo-25.png","width":456,"height":456,"caption":"Centro Historia Intelectual"},"image":{"@id":"https:\/\/historiaintelectual.com.ar\/#\/schema\/logo\/image\/"},"sameAs":["https:\/\/www.facebook.com\/Centrodehistoriaintelectual\/","https:\/\/www.youtube.com\/channel\/UCGr8q_2-dchoqKT-jT5Lmfw","https:\/\/www.instagram.com\/chi_unq\/"]},{"@type":"Person","@id":"https:\/\/historiaintelectual.com.ar\/#\/schema\/person\/769229088e15d859c56fef3de86ed3c8","name":"Comunicacion y Redes CHI","url":"https:\/\/historiaintelectual.com.ar\/eng\/author\/comunicacion\/"}]}},"_links":{"self":[{"href":"https:\/\/historiaintelectual.com.ar\/eng\/wp-json\/wp\/v2\/posts\/11173","targetHints":{"allow":["GET"]}}],"collection":[{"href":"https:\/\/historiaintelectual.com.ar\/eng\/wp-json\/wp\/v2\/posts"}],"about":[{"href":"https:\/\/historiaintelectual.com.ar\/eng\/wp-json\/wp\/v2\/types\/post"}],"author":[{"embeddable":true,"href":"https:\/\/historiaintelectual.com.ar\/eng\/wp-json\/wp\/v2\/users\/96742469"}],"replies":[{"embeddable":true,"href":"https:\/\/historiaintelectual.com.ar\/eng\/wp-json\/wp\/v2\/comments?post=11173"}],"version-history":[{"count":3,"href":"https:\/\/historiaintelectual.com.ar\/eng\/wp-json\/wp\/v2\/posts\/11173\/revisions"}],"predecessor-version":[{"id":11177,"href":"https:\/\/historiaintelectual.com.ar\/eng\/wp-json\/wp\/v2\/posts\/11173\/revisions\/11177"}],"wp:featuredmedia":[{"embeddable":true,"href":"https:\/\/historiaintelectual.com.ar\/eng\/wp-json\/wp\/v2\/media\/11174"}],"wp:attachment":[{"href":"https:\/\/historiaintelectual.com.ar\/eng\/wp-json\/wp\/v2\/media?parent=11173"}],"wp:term":[{"taxonomy":"category","embeddable":true,"href":"https:\/\/historiaintelectual.com.ar\/eng\/wp-json\/wp\/v2\/categories?post=11173"},{"taxonomy":"post_tag","embeddable":true,"href":"https:\/\/historiaintelectual.com.ar\/eng\/wp-json\/wp\/v2\/tags?post=11173"}],"curies":[{"name":"wp","href":"https:\/\/api.w.org\/{rel}","templated":true}]}}