{"id":10389,"date":"2025-09-01T15:59:10","date_gmt":"2025-09-01T18:59:10","guid":{"rendered":"https:\/\/historiaintelectual.com.ar\/?p=10389"},"modified":"2025-09-01T16:01:00","modified_gmt":"2025-09-01T19:01:00","slug":"aventuras-de-la-cultura-argentinaen-el-siglo-xx","status":"publish","type":"post","link":"https:\/\/historiaintelectual.com.ar\/eng\/aventuras-de-la-cultura-argentinaen-el-siglo-xx\/","title":{"rendered":"Aventuras de la cultura Argentina <br>En el siglo XX"},"content":{"rendered":"<div data-elementor-type=\"wp-post\" data-elementor-id=\"10389\" class=\"elementor elementor-10389\" data-elementor-post-type=\"post\">\n\t\t\t\t<div class=\"elementor-element elementor-element-1b90f70 e-flex e-con-boxed e-con e-parent\" data-id=\"1b90f70\" data-element_type=\"container\" data-e-type=\"container\">\n\t\t\t\t\t<div class=\"e-con-inner\">\n\t\t<div class=\"elementor-element elementor-element-35dc3fd e-con-full e-flex e-con e-child\" data-id=\"35dc3fd\" data-element_type=\"container\" data-e-type=\"container\">\n\t\t\t\t<div class=\"elementor-element elementor-element-0aedbad elementor-widget__width-initial elementor-widget elementor-widget-theme-post-featured-image elementor-widget-image\" data-id=\"0aedbad\" data-element_type=\"widget\" data-e-type=\"widget\" data-widget_type=\"theme-post-featured-image.default\">\n\t\t\t\t<div class=\"elementor-widget-container\">\n\t\t\t\t\t\t\t\t\t\t\t\t<figure class=\"wp-caption\">\n\t\t\t\t\t\t\t\t\t\t<img fetchpriority=\"high\" decoding=\"async\" width=\"184\" height=\"274\" src=\"https:\/\/historiaintelectual.com.ar\/wp-content\/uploads\/2025\/09\/aventuras-de-la-cultura.jpeg\" class=\"attachment-full size-full wp-image-10390\" alt=\"\" \/>\t\t\t\t\t\t\t\t\t\t\t<figcaption class=\"widget-image-caption wp-caption-text\">Carlos Altamirano (Coord.)<\/figcaption>\n\t\t\t\t\t\t\t\t\t\t<\/figure>\n\t\t\t\t\t\t\t\t\t<\/div>\n\t\t\t\t<\/div>\n\t\t\t\t<div class=\"elementor-element elementor-element-55ef8c4 elementor-align-left elementor-widget__width-initial elementor-widget elementor-widget-button\" data-id=\"55ef8c4\" data-element_type=\"widget\" data-e-type=\"widget\" data-widget_type=\"button.default\">\n\t\t\t\t<div class=\"elementor-widget-container\">\n\t\t\t\t\t\t\t\t\t<div class=\"elementor-button-wrapper\">\n\t\t\t\t\t<a class=\"elementor-button elementor-button-link elementor-size-sm\" href=\"https:\/\/sigloxxieditores.com.ar\/libro\/aventuras-de-la-cultura-argentina\/?srsltid=AfmBOopxQBHu8TYmkObXlZkGtYMWES-x7-vNnZZN0ejwvDIH4iW7Lyqj\" target=\"_blank\">\n\t\t\t\t\t\t<span class=\"elementor-button-content-wrapper\">\n\t\t\t\t\t\t\t\t\t<span class=\"elementor-button-text\">Link to the publisher<\/span>\n\t\t\t\t\t<\/span>\n\t\t\t\t\t<\/a>\n\t\t\t\t<\/div>\n\t\t\t\t\t\t\t\t<\/div>\n\t\t\t\t<\/div>\n\t\t\t\t<\/div>\n\t\t<div class=\"elementor-element elementor-element-b6140b3 e-con-full e-flex e-con e-child\" data-id=\"b6140b3\" data-element_type=\"container\" data-e-type=\"container\">\n\t\t\t\t<div class=\"elementor-element elementor-element-187fe98 elementor-widget elementor-widget-text-editor\" data-id=\"187fe98\" data-element_type=\"widget\" data-e-type=\"widget\" data-widget_type=\"text-editor.default\">\n\t\t\t\t<div class=\"elementor-widget-container\">\n\t\t\t\t\t\t\t\t\t<h3><strong>AVENTURAS DE LA CULTURA ARGENTINA. <\/strong><strong>En el siglo XX.<\/strong><\/h3><p><strong>Autores:<\/strong> Carlos Altamirano (Coord.)<\/p><p>\u00bfC\u00f3mo va tomando forma la cultura de mezcla que caracteriza a la Argentina? Lejos de proponer una s\u00edntesis sobre un objeto tan debatido, Carlos Altamirano elige otro camino, m\u00e1s original. As\u00ed, primero traza las grandes claves de cada per\u00edodo: de la pujanza del Centenario, encarnada en \u00edconos de la alta cultura como el Teatro Col\u00f3n, a las asociaciones intelectuales surgidas en los a\u00f1os treinta para hacer frente a la avanzada del fascismo; de las formas de la cultura popular a las vanguardias de los sesenta y la contracultura de los setenta y ochenta. Y de inmediato abre el tel\u00f3n para que un equipo de autoras y autores pongan la lupa y su talento narrativo en aventuras culturales que apenas conoc\u00edamos o ignor\u00e1bamos por completo, y que en su cuota de premeditaci\u00f3n y riesgo agitaron la escena no solo de Buenos Aires, Rosario o C\u00f3rdoba sino de muchas ciudades de provincias.<\/p><p>Todos los textos desplazan el foco habitual para iluminar zonas de una vitalidad y riqueza que siguen reverberando: iniciativas editoriales a caballo entre el compromiso pol\u00edtico y la experimentaci\u00f3n, figuras carism\u00e1ticas con trayectorias que marcan un campo, como Paul Groussac, Arnaldo Orfila Reynal y Boris Spivacow, revistas concebidas en noches de bohemia y discusi\u00f3n literaria, grupos de poetas y artistas del interior que piensan su pr\u00e1ctica al margen de est\u00e9ticas regionalistas, institutos de formaci\u00f3n como el Di Tella, la novedosa plataforma ficcional del radioteatro, la invenci\u00f3n local de ritmos como el chamam\u00e9 o el rock, escritores como Juan L. Ortiz, cuya imaginaci\u00f3n y cuya obra organizan una potente tradici\u00f3n alternativa.<\/p>\t\t\t\t\t\t\t\t<\/div>\n\t\t\t\t<\/div>\n\t\t\t\t<\/div>\n\t\t\t\t\t<\/div>\n\t\t\t\t<\/div>\n\t\t\t\t<\/div>","protected":false},"excerpt":{"rendered":"<p>Link a la editorial AVENTURAS DE LA CULTURA ARGENTINA. En el siglo XX. Autores: Carlos Altamirano (Coord.) \u00bfC\u00f3mo va tomando forma la cultura de mezcla que caracteriza a la Argentina? Lejos de proponer una s\u00edntesis sobre un objeto tan debatido, Carlos Altamirano elige otro camino, m\u00e1s original. As\u00ed, primero traza las grandes claves de cada [&hellip;]<\/p>\n","protected":false},"author":96742468,"featured_media":10390,"comment_status":"closed","ping_status":"closed","sticky":false,"template":"","format":"standard","meta":{"footnotes":""},"categories":[212],"tags":[],"class_list":["post-10389","post","type-post","status-publish","format-standard","has-post-thumbnail","hentry","category-publicaciones-colectivas"],"yoast_head":"<!-- This site is optimized with the Yoast SEO plugin v27.3 - https:\/\/yoast.com\/product\/yoast-seo-wordpress\/ -->\n<title>Aventuras de la cultura Argentina En el siglo XX &#187; Historia Intelectual<\/title>\n<meta name=\"robots\" content=\"index, follow, max-snippet:-1, max-image-preview:large, max-video-preview:-1\" \/>\n<link rel=\"canonical\" href=\"https:\/\/historiaintelectual.com.ar\/eng\/aventuras-de-la-cultura-argentinaen-el-siglo-xx\/\" \/>\n<meta property=\"og:locale\" content=\"en_US\" \/>\n<meta property=\"og:type\" content=\"article\" \/>\n<meta property=\"og:title\" content=\"Aventuras de la cultura Argentina En el siglo XX &#187; Historia Intelectual\" \/>\n<meta property=\"og:description\" content=\"Link a la editorial AVENTURAS DE LA CULTURA ARGENTINA. En el siglo XX. Autores: Carlos Altamirano (Coord.) \u00bfC\u00f3mo va tomando forma la cultura de mezcla que caracteriza a la Argentina? Lejos de proponer una s\u00edntesis sobre un objeto tan debatido, Carlos Altamirano elige otro camino, m\u00e1s original. As\u00ed, primero traza las grandes claves de cada [&hellip;]\" \/>\n<meta property=\"og:url\" content=\"https:\/\/historiaintelectual.com.ar\/eng\/aventuras-de-la-cultura-argentinaen-el-siglo-xx\/\" \/>\n<meta property=\"og:site_name\" content=\"Historia Intelectual\" \/>\n<meta property=\"article:publisher\" content=\"https:\/\/www.facebook.com\/Centrodehistoriaintelectual\/\" \/>\n<meta property=\"article:published_time\" content=\"2025-09-01T18:59:10+00:00\" \/>\n<meta property=\"article:modified_time\" content=\"2025-09-01T19:01:00+00:00\" \/>\n<meta property=\"og:image\" content=\"https:\/\/historiaintelectual.com.ar\/wp-content\/uploads\/2025\/09\/aventuras-de-la-cultura.jpeg\" \/>\n\t<meta property=\"og:image:width\" content=\"184\" \/>\n\t<meta property=\"og:image:height\" content=\"274\" \/>\n\t<meta property=\"og:image:type\" content=\"image\/jpeg\" \/>\n<meta name=\"author\" content=\"Noel Alvarez\" \/>\n<script type=\"application\/ld+json\" class=\"yoast-schema-graph\">{\"@context\":\"https:\\\/\\\/schema.org\",\"@graph\":[{\"@type\":\"Article\",\"@id\":\"https:\\\/\\\/historiaintelectual.com.ar\\\/aventuras-de-la-cultura-argentinaen-el-siglo-xx\\\/#article\",\"isPartOf\":{\"@id\":\"https:\\\/\\\/historiaintelectual.com.ar\\\/aventuras-de-la-cultura-argentinaen-el-siglo-xx\\\/\"},\"author\":{\"name\":\"Noel Alvarez\",\"@id\":\"https:\\\/\\\/historiaintelectual.com.ar\\\/#\\\/schema\\\/person\\\/d9da125a96632badb37d306ed1d2d690\"},\"headline\":\"Aventuras de la cultura Argentina En el siglo XX\",\"datePublished\":\"2025-09-01T18:59:10+00:00\",\"dateModified\":\"2025-09-01T19:01:00+00:00\",\"mainEntityOfPage\":{\"@id\":\"https:\\\/\\\/historiaintelectual.com.ar\\\/aventuras-de-la-cultura-argentinaen-el-siglo-xx\\\/\"},\"wordCount\":307,\"publisher\":{\"@id\":\"https:\\\/\\\/historiaintelectual.com.ar\\\/#organization\"},\"image\":{\"@id\":\"https:\\\/\\\/historiaintelectual.com.ar\\\/aventuras-de-la-cultura-argentinaen-el-siglo-xx\\\/#primaryimage\"},\"thumbnailUrl\":\"https:\\\/\\\/historiaintelectual.com.ar\\\/wp-content\\\/uploads\\\/2025\\\/09\\\/aventuras-de-la-cultura.jpeg\",\"articleSection\":[\"Publicaciones colectivas\"],\"inLanguage\":\"en-US\"},{\"@type\":\"WebPage\",\"@id\":\"https:\\\/\\\/historiaintelectual.com.ar\\\/aventuras-de-la-cultura-argentinaen-el-siglo-xx\\\/\",\"url\":\"https:\\\/\\\/historiaintelectual.com.ar\\\/aventuras-de-la-cultura-argentinaen-el-siglo-xx\\\/\",\"name\":\"Aventuras de la cultura Argentina En el siglo XX &#187; Historia Intelectual\",\"isPartOf\":{\"@id\":\"https:\\\/\\\/historiaintelectual.com.ar\\\/#website\"},\"primaryImageOfPage\":{\"@id\":\"https:\\\/\\\/historiaintelectual.com.ar\\\/aventuras-de-la-cultura-argentinaen-el-siglo-xx\\\/#primaryimage\"},\"image\":{\"@id\":\"https:\\\/\\\/historiaintelectual.com.ar\\\/aventuras-de-la-cultura-argentinaen-el-siglo-xx\\\/#primaryimage\"},\"thumbnailUrl\":\"https:\\\/\\\/historiaintelectual.com.ar\\\/wp-content\\\/uploads\\\/2025\\\/09\\\/aventuras-de-la-cultura.jpeg\",\"datePublished\":\"2025-09-01T18:59:10+00:00\",\"dateModified\":\"2025-09-01T19:01:00+00:00\",\"breadcrumb\":{\"@id\":\"https:\\\/\\\/historiaintelectual.com.ar\\\/aventuras-de-la-cultura-argentinaen-el-siglo-xx\\\/#breadcrumb\"},\"inLanguage\":\"en-US\",\"potentialAction\":[{\"@type\":\"ReadAction\",\"target\":[\"https:\\\/\\\/historiaintelectual.com.ar\\\/aventuras-de-la-cultura-argentinaen-el-siglo-xx\\\/\"]}]},{\"@type\":\"ImageObject\",\"inLanguage\":\"en-US\",\"@id\":\"https:\\\/\\\/historiaintelectual.com.ar\\\/aventuras-de-la-cultura-argentinaen-el-siglo-xx\\\/#primaryimage\",\"url\":\"https:\\\/\\\/historiaintelectual.com.ar\\\/wp-content\\\/uploads\\\/2025\\\/09\\\/aventuras-de-la-cultura.jpeg\",\"contentUrl\":\"https:\\\/\\\/historiaintelectual.com.ar\\\/wp-content\\\/uploads\\\/2025\\\/09\\\/aventuras-de-la-cultura.jpeg\",\"width\":184,\"height\":274},{\"@type\":\"BreadcrumbList\",\"@id\":\"https:\\\/\\\/historiaintelectual.com.ar\\\/aventuras-de-la-cultura-argentinaen-el-siglo-xx\\\/#breadcrumb\",\"itemListElement\":[{\"@type\":\"ListItem\",\"position\":1,\"name\":\"Portada\",\"item\":\"https:\\\/\\\/historiaintelectual.com.ar\\\/\"},{\"@type\":\"ListItem\",\"position\":2,\"name\":\"Aventuras de la cultura Argentina En el siglo XX\"}]},{\"@type\":\"WebSite\",\"@id\":\"https:\\\/\\\/historiaintelectual.com.ar\\\/#website\",\"url\":\"https:\\\/\\\/historiaintelectual.com.ar\\\/\",\"name\":\"Historia Intelectual\",\"description\":\"Centro de Historia Intelectual\",\"publisher\":{\"@id\":\"https:\\\/\\\/historiaintelectual.com.ar\\\/#organization\"},\"alternateName\":\"Centro de historia intelectual\",\"potentialAction\":[{\"@type\":\"SearchAction\",\"target\":{\"@type\":\"EntryPoint\",\"urlTemplate\":\"https:\\\/\\\/historiaintelectual.com.ar\\\/?s={search_term_string}\"},\"query-input\":{\"@type\":\"PropertyValueSpecification\",\"valueRequired\":true,\"valueName\":\"search_term_string\"}}],\"inLanguage\":\"en-US\"},{\"@type\":\"Organization\",\"@id\":\"https:\\\/\\\/historiaintelectual.com.ar\\\/#organization\",\"name\":\"Centro Historia Intelectual\",\"url\":\"https:\\\/\\\/historiaintelectual.com.ar\\\/\",\"logo\":{\"@type\":\"ImageObject\",\"inLanguage\":\"en-US\",\"@id\":\"https:\\\/\\\/historiaintelectual.com.ar\\\/#\\\/schema\\\/logo\\\/image\\\/\",\"url\":\"https:\\\/\\\/historiaintelectual.com.ar\\\/wp-content\\\/uploads\\\/2025\\\/04\\\/logo-25.png\",\"contentUrl\":\"https:\\\/\\\/historiaintelectual.com.ar\\\/wp-content\\\/uploads\\\/2025\\\/04\\\/logo-25.png\",\"width\":456,\"height\":456,\"caption\":\"Centro Historia Intelectual\"},\"image\":{\"@id\":\"https:\\\/\\\/historiaintelectual.com.ar\\\/#\\\/schema\\\/logo\\\/image\\\/\"},\"sameAs\":[\"https:\\\/\\\/www.facebook.com\\\/Centrodehistoriaintelectual\\\/\",\"https:\\\/\\\/www.youtube.com\\\/channel\\\/UCGr8q_2-dchoqKT-jT5Lmfw\",\"https:\\\/\\\/www.instagram.com\\\/chi_unq\\\/\"]},{\"@type\":\"Person\",\"@id\":\"https:\\\/\\\/historiaintelectual.com.ar\\\/#\\\/schema\\\/person\\\/d9da125a96632badb37d306ed1d2d690\",\"name\":\"Noel Alvarez\",\"url\":\"https:\\\/\\\/historiaintelectual.com.ar\\\/eng\\\/author\\\/noel\\\/\"}]}<\/script>\n<!-- \/ Yoast SEO plugin. -->","yoast_head_json":{"title":"Aventuras de la cultura Argentina En el siglo XX &#187; Historia Intelectual","robots":{"index":"index","follow":"follow","max-snippet":"max-snippet:-1","max-image-preview":"max-image-preview:large","max-video-preview":"max-video-preview:-1"},"canonical":"https:\/\/historiaintelectual.com.ar\/eng\/aventuras-de-la-cultura-argentinaen-el-siglo-xx\/","og_locale":"en_US","og_type":"article","og_title":"Aventuras de la cultura Argentina En el siglo XX &#187; Historia Intelectual","og_description":"Link a la editorial AVENTURAS DE LA CULTURA ARGENTINA. En el siglo XX. Autores: Carlos Altamirano (Coord.) \u00bfC\u00f3mo va tomando forma la cultura de mezcla que caracteriza a la Argentina? Lejos de proponer una s\u00edntesis sobre un objeto tan debatido, Carlos Altamirano elige otro camino, m\u00e1s original. As\u00ed, primero traza las grandes claves de cada [&hellip;]","og_url":"https:\/\/historiaintelectual.com.ar\/eng\/aventuras-de-la-cultura-argentinaen-el-siglo-xx\/","og_site_name":"Historia Intelectual","article_publisher":"https:\/\/www.facebook.com\/Centrodehistoriaintelectual\/","article_published_time":"2025-09-01T18:59:10+00:00","article_modified_time":"2025-09-01T19:01:00+00:00","og_image":[{"width":184,"height":274,"url":"https:\/\/historiaintelectual.com.ar\/wp-content\/uploads\/2025\/09\/aventuras-de-la-cultura.jpeg","type":"image\/jpeg"}],"author":"Noel Alvarez","schema":{"@context":"https:\/\/schema.org","@graph":[{"@type":"Article","@id":"https:\/\/historiaintelectual.com.ar\/aventuras-de-la-cultura-argentinaen-el-siglo-xx\/#article","isPartOf":{"@id":"https:\/\/historiaintelectual.com.ar\/aventuras-de-la-cultura-argentinaen-el-siglo-xx\/"},"author":{"name":"Noel Alvarez","@id":"https:\/\/historiaintelectual.com.ar\/#\/schema\/person\/d9da125a96632badb37d306ed1d2d690"},"headline":"Aventuras de la cultura Argentina En el siglo XX","datePublished":"2025-09-01T18:59:10+00:00","dateModified":"2025-09-01T19:01:00+00:00","mainEntityOfPage":{"@id":"https:\/\/historiaintelectual.com.ar\/aventuras-de-la-cultura-argentinaen-el-siglo-xx\/"},"wordCount":307,"publisher":{"@id":"https:\/\/historiaintelectual.com.ar\/#organization"},"image":{"@id":"https:\/\/historiaintelectual.com.ar\/aventuras-de-la-cultura-argentinaen-el-siglo-xx\/#primaryimage"},"thumbnailUrl":"https:\/\/historiaintelectual.com.ar\/wp-content\/uploads\/2025\/09\/aventuras-de-la-cultura.jpeg","articleSection":["Publicaciones colectivas"],"inLanguage":"en-US"},{"@type":"WebPage","@id":"https:\/\/historiaintelectual.com.ar\/aventuras-de-la-cultura-argentinaen-el-siglo-xx\/","url":"https:\/\/historiaintelectual.com.ar\/aventuras-de-la-cultura-argentinaen-el-siglo-xx\/","name":"Aventuras de la cultura Argentina En el siglo XX &#187; Historia Intelectual","isPartOf":{"@id":"https:\/\/historiaintelectual.com.ar\/#website"},"primaryImageOfPage":{"@id":"https:\/\/historiaintelectual.com.ar\/aventuras-de-la-cultura-argentinaen-el-siglo-xx\/#primaryimage"},"image":{"@id":"https:\/\/historiaintelectual.com.ar\/aventuras-de-la-cultura-argentinaen-el-siglo-xx\/#primaryimage"},"thumbnailUrl":"https:\/\/historiaintelectual.com.ar\/wp-content\/uploads\/2025\/09\/aventuras-de-la-cultura.jpeg","datePublished":"2025-09-01T18:59:10+00:00","dateModified":"2025-09-01T19:01:00+00:00","breadcrumb":{"@id":"https:\/\/historiaintelectual.com.ar\/aventuras-de-la-cultura-argentinaen-el-siglo-xx\/#breadcrumb"},"inLanguage":"en-US","potentialAction":[{"@type":"ReadAction","target":["https:\/\/historiaintelectual.com.ar\/aventuras-de-la-cultura-argentinaen-el-siglo-xx\/"]}]},{"@type":"ImageObject","inLanguage":"en-US","@id":"https:\/\/historiaintelectual.com.ar\/aventuras-de-la-cultura-argentinaen-el-siglo-xx\/#primaryimage","url":"https:\/\/historiaintelectual.com.ar\/wp-content\/uploads\/2025\/09\/aventuras-de-la-cultura.jpeg","contentUrl":"https:\/\/historiaintelectual.com.ar\/wp-content\/uploads\/2025\/09\/aventuras-de-la-cultura.jpeg","width":184,"height":274},{"@type":"BreadcrumbList","@id":"https:\/\/historiaintelectual.com.ar\/aventuras-de-la-cultura-argentinaen-el-siglo-xx\/#breadcrumb","itemListElement":[{"@type":"ListItem","position":1,"name":"Portada","item":"https:\/\/historiaintelectual.com.ar\/"},{"@type":"ListItem","position":2,"name":"Aventuras de la cultura Argentina En el siglo XX"}]},{"@type":"WebSite","@id":"https:\/\/historiaintelectual.com.ar\/#website","url":"https:\/\/historiaintelectual.com.ar\/","name":"Historia Intelectual","description":"Center for Intellectual History","publisher":{"@id":"https:\/\/historiaintelectual.com.ar\/#organization"},"alternateName":"Centro de historia intelectual","potentialAction":[{"@type":"SearchAction","target":{"@type":"EntryPoint","urlTemplate":"https:\/\/historiaintelectual.com.ar\/?s={search_term_string}"},"query-input":{"@type":"PropertyValueSpecification","valueRequired":true,"valueName":"search_term_string"}}],"inLanguage":"en-US"},{"@type":"Organization","@id":"https:\/\/historiaintelectual.com.ar\/#organization","name":"Centro Historia Intelectual","url":"https:\/\/historiaintelectual.com.ar\/","logo":{"@type":"ImageObject","inLanguage":"en-US","@id":"https:\/\/historiaintelectual.com.ar\/#\/schema\/logo\/image\/","url":"https:\/\/historiaintelectual.com.ar\/wp-content\/uploads\/2025\/04\/logo-25.png","contentUrl":"https:\/\/historiaintelectual.com.ar\/wp-content\/uploads\/2025\/04\/logo-25.png","width":456,"height":456,"caption":"Centro Historia Intelectual"},"image":{"@id":"https:\/\/historiaintelectual.com.ar\/#\/schema\/logo\/image\/"},"sameAs":["https:\/\/www.facebook.com\/Centrodehistoriaintelectual\/","https:\/\/www.youtube.com\/channel\/UCGr8q_2-dchoqKT-jT5Lmfw","https:\/\/www.instagram.com\/chi_unq\/"]},{"@type":"Person","@id":"https:\/\/historiaintelectual.com.ar\/#\/schema\/person\/d9da125a96632badb37d306ed1d2d690","name":"Noel Alvarez","url":"https:\/\/historiaintelectual.com.ar\/eng\/author\/noel\/"}]}},"_links":{"self":[{"href":"https:\/\/historiaintelectual.com.ar\/eng\/wp-json\/wp\/v2\/posts\/10389","targetHints":{"allow":["GET"]}}],"collection":[{"href":"https:\/\/historiaintelectual.com.ar\/eng\/wp-json\/wp\/v2\/posts"}],"about":[{"href":"https:\/\/historiaintelectual.com.ar\/eng\/wp-json\/wp\/v2\/types\/post"}],"author":[{"embeddable":true,"href":"https:\/\/historiaintelectual.com.ar\/eng\/wp-json\/wp\/v2\/users\/96742468"}],"replies":[{"embeddable":true,"href":"https:\/\/historiaintelectual.com.ar\/eng\/wp-json\/wp\/v2\/comments?post=10389"}],"version-history":[{"count":6,"href":"https:\/\/historiaintelectual.com.ar\/eng\/wp-json\/wp\/v2\/posts\/10389\/revisions"}],"predecessor-version":[{"id":10396,"href":"https:\/\/historiaintelectual.com.ar\/eng\/wp-json\/wp\/v2\/posts\/10389\/revisions\/10396"}],"wp:featuredmedia":[{"embeddable":true,"href":"https:\/\/historiaintelectual.com.ar\/eng\/wp-json\/wp\/v2\/media\/10390"}],"wp:attachment":[{"href":"https:\/\/historiaintelectual.com.ar\/eng\/wp-json\/wp\/v2\/media?parent=10389"}],"wp:term":[{"taxonomy":"category","embeddable":true,"href":"https:\/\/historiaintelectual.com.ar\/eng\/wp-json\/wp\/v2\/categories?post=10389"},{"taxonomy":"post_tag","embeddable":true,"href":"https:\/\/historiaintelectual.com.ar\/eng\/wp-json\/wp\/v2\/tags?post=10389"}],"curies":[{"name":"wp","href":"https:\/\/api.w.org\/{rel}","templated":true}]}}