{"id":8581,"date":"2025-05-21T16:40:29","date_gmt":"2025-05-21T19:40:29","guid":{"rendered":"https:\/\/historiaintelectual.com.ar\/?p=8581"},"modified":"2026-02-09T14:21:33","modified_gmt":"2026-02-09T17:21:33","slug":"las-ciudades-de-angel-rama","status":"publish","type":"post","link":"http:\/\/historiaintelectual.com.ar\/eng\/las-ciudades-de-angel-rama\/","title":{"rendered":"Las ciudades de \u00c1ngel Rama"},"content":{"rendered":"<div data-elementor-type=\"wp-post\" data-elementor-id=\"8581\" class=\"elementor elementor-8581\" data-elementor-post-type=\"post\">\n\t\t\t\t<div class=\"elementor-element elementor-element-08ed315 e-con-full e-flex e-con e-parent\" data-id=\"08ed315\" data-element_type=\"container\" data-e-type=\"container\">\n\t\t<div class=\"elementor-element elementor-element-17ae809 e-con-full e-flex e-con e-child\" data-id=\"17ae809\" data-element_type=\"container\" data-e-type=\"container\">\n\t\t\t\t<div class=\"elementor-element elementor-element-55f384a elementor-widget elementor-widget-text-editor\" data-id=\"55f384a\" data-element_type=\"widget\" data-e-type=\"widget\" data-widget_type=\"text-editor.default\">\n\t\t\t\t<div class=\"elementor-widget-container\">\n\t\t\t\t\t\t\t\t\t<h2><strong>Las ciudades de \u00c1ngel Rama <\/strong><\/h2><h3>Buenos Aires \/ Caracas \/ La Habana \/ Maryland \/ M\u00e9xico \/ Montevideo \/ Par\u00eds \/ San Pablo \/ San Juan de Puerto Rico \/ Santiago de Chile \/ Valpara\u00edso<\/h3>\t\t\t\t\t\t\t\t<\/div>\n\t\t\t\t<\/div>\n\t\t\t\t<\/div>\n\t\t<div class=\"elementor-element elementor-element-22090b3 e-con-full e-flex e-con e-child\" data-id=\"22090b3\" data-element_type=\"container\" data-e-type=\"container\">\n\t\t\t\t<div class=\"elementor-element elementor-element-4a4018c elementor-widget elementor-widget-text-editor\" data-id=\"4a4018c\" data-element_type=\"widget\" data-e-type=\"widget\" data-widget_type=\"text-editor.default\">\n\t\t\t\t<div class=\"elementor-widget-container\">\n\t\t\t\t\t\t\t\t\t<p>En 2024 se cumpli\u00f3 el 40\u00b0 aniversario de <em>La ciudad letrada<\/em>, el libro p\u00f3stumo de \u00c1ngel Rama que, desde su primera edici\u00f3n en una peque\u00f1a editorial de New Hampshire, no ha dejado de estar presente en los debates sobre ideas y literatura en Am\u00e9rica Latina. Se trata de un cl\u00e1sico del ensayo americanista, el libro en el que Rama expuso una interpretaci\u00f3n general del continente y a trav\u00e9s del cual termin\u00f3 imponi\u00e9ndose el sintagma \u201cciudad letrada\u201d como una de las f\u00f3rmulas m\u00e1s expresivas para denominar el mundo intelectual y la peculiar cultura urbana moderna de la regi\u00f3n.<\/p><p>El hecho de que <em>La ciudad letrada<\/em> hiciera centro en el mundo urbano para condensar la historia intelectual de Am\u00e9rica Latina lleva a pensar en el lugar que Rama otorg\u00f3 a las ciudades en su obra y en su propia vida: una vida itinerante, por fuerza de la historia y de la pol\u00edtica, pero tambi\u00e9n de su voluntad de viajero curioso y por esa ambici\u00f3n del latinoamericanista que r\u00e1pidamente reconoce que, viviendo en un pa\u00eds latinoamericano, s\u00f3lo puede llegar a serlo a trav\u00e9s de los desplazamientos continuos, de una inserci\u00f3n personal en cada uno de los variados centros en los que se expresan y desarrollan las diversas culturas de la regi\u00f3n, frecuentando sus cen\u00e1culos de escritores y sus revistas, conociendo los peri\u00f3dicos, las editoriales, las universidades, las calles en que florece la cultura popular. Latinoam\u00e9rica, las ciudades y las ideas: el fraseo del t\u00edtulo del libro de Jos\u00e9 Luis Romero que tan inspirador fue para <em>La ciudad letrada<\/em> parece una buena s\u00edntesis de esa b\u00fasqueda, de ese camino urbano que lleva al latinoamericanismo de Rama.<\/p><p>Para relevar y reconstruir ese camino urbano de Rama organizamos, en conjunto con el Centro de Estudios Latinoamericanos de la Universidad Nacional de San Mart\u00edn y el Archivo General de la Rep\u00fablica de la UDELAR (Montevideo), dos jornadas, en Buenos Aires y en Montevideo, que se realizaron, respectivamente, los d\u00edas 3 y 23 de octubre de 2024, la primera en la UNIPE, y la segunda en la UDELAR, como parte de las 7mas Jornadas de Investigaci\u00f3n del Archivo General de la Universidad.<\/p><p>Los organizadores de las Jornadas fueron Vania Markarian, Adriana Petra y Adri\u00e1n Gorelik. Y actualmente se est\u00e1 preparando un libro con los trabajos de los investigadores invitados, que ser\u00e1 publicado por la editorial de la Universidad Nacional del Litoral. El \u00edndice del libro es como sigue.<\/p>\t\t\t\t\t\t\t\t<\/div>\n\t\t\t\t<\/div>\n\t\t\t\t<\/div>\n\t\t<div class=\"elementor-element elementor-element-ca7f734 e-con-full e-flex e-con e-child\" data-id=\"ca7f734\" data-element_type=\"container\" data-e-type=\"container\">\n\t\t\t\t<div class=\"elementor-element elementor-element-cb9c0c9 elementor-widget elementor-widget-text-editor\" data-id=\"cb9c0c9\" data-element_type=\"widget\" data-e-type=\"widget\" data-widget_type=\"text-editor.default\">\n\t\t\t\t<div class=\"elementor-widget-container\">\n\t\t\t\t\t\t\t\t\t<p><em>Introducci\u00f3n<\/em><\/p><p>Adri\u00e1n Gorelik, El vaiv\u00e9n latinoamericano del campo y la ciudad.<\/p><p><em>Montevideo<\/em><\/p><p>In\u00e9s de Torres, \u00bfMontevideo <em>made me<\/em>?<\/p><p>Ximena Espeche, El campo, la ciudad y la democracia.<\/p><p><em>\u00a0<\/em><\/p><p><em>Buenos Aires.<\/em><\/p><p>Facundo G\u00f3mez, Lidiar con la cosm\u00f3polis.<\/p><p>Gonzalo Aguilar, Rama y David Vi\u00f1as: la grasa de las capitales.<\/p><p><em>Valpara\u00edso-Santiago de Chile<\/em><\/p><p>Hugo Herrera Pardo, La ciudad magnetofonizada: Rama en el Encuentro de Escritores Latinoamericanos de 1969.<\/p><p><em>San Juan de Puerto Rico<\/em><\/p><p>Arcadio D\u00edaz Qui\u00f1ones, \u00c1ngel Rama y Marta Traba: literatura, arte y pol\u00edtica en una San Juan efervescente.<\/p><p><em>La Habana<\/em><\/p><p>Rafael Rojas, La ciudad revolucionada y la Guerra Fr\u00eda cultural.<\/p><p><em>\u00a0<\/em><\/p><p><em>Caracas<\/em><\/p><p>Graciela Montaldo, Una temporada en el infierno: del latinoamericanismo a la transculturaci\u00f3n.<\/p><p><em>\u00a0<\/em><\/p><p><em>M\u00e9xico<\/em><\/p><p>Beatriz Colombi, Matriz, red, religaci\u00f3n.<\/p><p><em>San Pablo-Campinas<\/em><\/p><p>Pablo Rocca, Descubrimiento (tard\u00edo) de una urbe y su cercan\u00eda.<\/p><p><em>Maryland<\/em><\/p><p>Sa\u00fal Sosnowski, Un campus, una ciudad, una biblioteca.<\/p><p><em>\u00a0<\/em><\/p><p><em>Par\u00eds<\/em><\/p><p>Francisco Alvez Francese, \u201cIci, \u00e0 Paris\u201d: Rama desde (hacia) Francia.<\/p>\t\t\t\t\t\t\t\t<\/div>\n\t\t\t\t<\/div>\n\t\t\t\t<\/div>\n\t\t\t\t<\/div>\n\t\t\t\t<\/div>","protected":false},"excerpt":{"rendered":"<p>Las ciudades de \u00c1ngel Rama Buenos Aires \/ Caracas \/ La Habana \/ Maryland \/ M\u00e9xico \/ Montevideo \/ Par\u00eds \/ San Pablo \/ San Juan de Puerto Rico \/ Santiago de Chile \/ Valpara\u00edso En 2024 se cumpli\u00f3 el 40\u00b0 aniversario de La ciudad letrada, el libro p\u00f3stumo de \u00c1ngel Rama que, desde su [&hellip;]<\/p>\n","protected":false},"author":1,"featured_media":0,"comment_status":"closed","ping_status":"closed","sticky":false,"template":"","format":"standard","meta":{"footnotes":""},"categories":[93,251],"tags":[215],"class_list":["post-8581","post","type-post","status-publish","format-standard","hentry","category-archivo-de-actividades","category-jornadas","tag-angel-rama"],"yoast_head":"<!-- This site is optimized with the Yoast SEO plugin v27.3 - https:\/\/yoast.com\/product\/yoast-seo-wordpress\/ -->\n<title>Las ciudades de \u00c1ngel Rama &#187; Historia Intelectual<\/title>\n<meta name=\"robots\" content=\"index, follow, max-snippet:-1, max-image-preview:large, max-video-preview:-1\" \/>\n<link rel=\"canonical\" href=\"https:\/\/historiaintelectual.com.ar\/eng\/las-ciudades-de-angel-rama\/\" \/>\n<meta property=\"og:locale\" content=\"en_US\" \/>\n<meta property=\"og:type\" content=\"article\" \/>\n<meta property=\"og:title\" content=\"Las ciudades de \u00c1ngel Rama &#187; Historia Intelectual\" \/>\n<meta property=\"og:description\" content=\"Las ciudades de \u00c1ngel Rama Buenos Aires \/ Caracas \/ La Habana \/ Maryland \/ M\u00e9xico \/ Montevideo \/ Par\u00eds \/ San Pablo \/ San Juan de Puerto Rico \/ Santiago de Chile \/ Valpara\u00edso En 2024 se cumpli\u00f3 el 40\u00b0 aniversario de La ciudad letrada, el libro p\u00f3stumo de \u00c1ngel Rama que, desde su [&hellip;]\" \/>\n<meta property=\"og:url\" content=\"https:\/\/historiaintelectual.com.ar\/eng\/las-ciudades-de-angel-rama\/\" \/>\n<meta property=\"og:site_name\" content=\"Historia Intelectual\" \/>\n<meta property=\"article:publisher\" content=\"https:\/\/www.facebook.com\/Centrodehistoriaintelectual\/\" \/>\n<meta property=\"article:published_time\" content=\"2025-05-21T19:40:29+00:00\" \/>\n<meta property=\"article:modified_time\" content=\"2026-02-09T17:21:33+00:00\" \/>\n<meta property=\"og:image\" content=\"https:\/\/historiaintelectual.com.ar\/wp-content\/uploads\/2025\/04\/logo-25_n.png\" \/>\n\t<meta property=\"og:image:width\" content=\"1113\" \/>\n\t<meta property=\"og:image:height\" content=\"1113\" \/>\n\t<meta property=\"og:image:type\" content=\"image\/png\" \/>\n<meta name=\"author\" content=\"admin\" \/>\n<script type=\"application\/ld+json\" class=\"yoast-schema-graph\">{\"@context\":\"https:\\\/\\\/schema.org\",\"@graph\":[{\"@type\":\"Article\",\"@id\":\"https:\\\/\\\/historiaintelectual.com.ar\\\/las-ciudades-de-angel-rama\\\/#article\",\"isPartOf\":{\"@id\":\"https:\\\/\\\/historiaintelectual.com.ar\\\/las-ciudades-de-angel-rama\\\/\"},\"author\":{\"name\":\"admin\",\"@id\":\"https:\\\/\\\/historiaintelectual.com.ar\\\/#\\\/schema\\\/person\\\/885c05ccc3314e2dec0bd9b0825c5912\"},\"headline\":\"Las ciudades de \u00c1ngel Rama\",\"datePublished\":\"2025-05-21T19:40:29+00:00\",\"dateModified\":\"2026-02-09T17:21:33+00:00\",\"mainEntityOfPage\":{\"@id\":\"https:\\\/\\\/historiaintelectual.com.ar\\\/las-ciudades-de-angel-rama\\\/\"},\"wordCount\":626,\"publisher\":{\"@id\":\"https:\\\/\\\/historiaintelectual.com.ar\\\/#organization\"},\"keywords\":[\"Angel Rama\"],\"articleSection\":[\"Archivo de Actividades\",\"Jornadas\"],\"inLanguage\":\"en-US\"},{\"@type\":\"WebPage\",\"@id\":\"https:\\\/\\\/historiaintelectual.com.ar\\\/las-ciudades-de-angel-rama\\\/\",\"url\":\"https:\\\/\\\/historiaintelectual.com.ar\\\/las-ciudades-de-angel-rama\\\/\",\"name\":\"Las ciudades de \u00c1ngel Rama &#187; Historia Intelectual\",\"isPartOf\":{\"@id\":\"https:\\\/\\\/historiaintelectual.com.ar\\\/#website\"},\"datePublished\":\"2025-05-21T19:40:29+00:00\",\"dateModified\":\"2026-02-09T17:21:33+00:00\",\"breadcrumb\":{\"@id\":\"https:\\\/\\\/historiaintelectual.com.ar\\\/las-ciudades-de-angel-rama\\\/#breadcrumb\"},\"inLanguage\":\"en-US\",\"potentialAction\":[{\"@type\":\"ReadAction\",\"target\":[\"https:\\\/\\\/historiaintelectual.com.ar\\\/las-ciudades-de-angel-rama\\\/\"]}]},{\"@type\":\"BreadcrumbList\",\"@id\":\"https:\\\/\\\/historiaintelectual.com.ar\\\/las-ciudades-de-angel-rama\\\/#breadcrumb\",\"itemListElement\":[{\"@type\":\"ListItem\",\"position\":1,\"name\":\"Portada\",\"item\":\"https:\\\/\\\/historiaintelectual.com.ar\\\/\"},{\"@type\":\"ListItem\",\"position\":2,\"name\":\"Las ciudades de \u00c1ngel Rama\"}]},{\"@type\":\"WebSite\",\"@id\":\"https:\\\/\\\/historiaintelectual.com.ar\\\/#website\",\"url\":\"https:\\\/\\\/historiaintelectual.com.ar\\\/\",\"name\":\"Historia Intelectual\",\"description\":\"Centro de Historia Intelectual\",\"publisher\":{\"@id\":\"https:\\\/\\\/historiaintelectual.com.ar\\\/#organization\"},\"alternateName\":\"Centro de historia intelectual\",\"potentialAction\":[{\"@type\":\"SearchAction\",\"target\":{\"@type\":\"EntryPoint\",\"urlTemplate\":\"https:\\\/\\\/historiaintelectual.com.ar\\\/?s={search_term_string}\"},\"query-input\":{\"@type\":\"PropertyValueSpecification\",\"valueRequired\":true,\"valueName\":\"search_term_string\"}}],\"inLanguage\":\"en-US\"},{\"@type\":\"Organization\",\"@id\":\"https:\\\/\\\/historiaintelectual.com.ar\\\/#organization\",\"name\":\"Centro Historia Intelectual\",\"url\":\"https:\\\/\\\/historiaintelectual.com.ar\\\/\",\"logo\":{\"@type\":\"ImageObject\",\"inLanguage\":\"en-US\",\"@id\":\"https:\\\/\\\/historiaintelectual.com.ar\\\/#\\\/schema\\\/logo\\\/image\\\/\",\"url\":\"https:\\\/\\\/historiaintelectual.com.ar\\\/wp-content\\\/uploads\\\/2025\\\/04\\\/logo-25.png\",\"contentUrl\":\"https:\\\/\\\/historiaintelectual.com.ar\\\/wp-content\\\/uploads\\\/2025\\\/04\\\/logo-25.png\",\"width\":456,\"height\":456,\"caption\":\"Centro Historia Intelectual\"},\"image\":{\"@id\":\"https:\\\/\\\/historiaintelectual.com.ar\\\/#\\\/schema\\\/logo\\\/image\\\/\"},\"sameAs\":[\"https:\\\/\\\/www.facebook.com\\\/Centrodehistoriaintelectual\\\/\",\"https:\\\/\\\/www.youtube.com\\\/channel\\\/UCGr8q_2-dchoqKT-jT5Lmfw\",\"https:\\\/\\\/www.instagram.com\\\/chi_unq\\\/\"]},{\"@type\":\"Person\",\"@id\":\"https:\\\/\\\/historiaintelectual.com.ar\\\/#\\\/schema\\\/person\\\/885c05ccc3314e2dec0bd9b0825c5912\",\"name\":\"admin\",\"url\":\"http:\\\/\\\/historiaintelectual.com.ar\\\/eng\\\/author\\\/admin\\\/\"}]}<\/script>\n<!-- \/ Yoast SEO plugin. -->","yoast_head_json":{"title":"Las ciudades de \u00c1ngel Rama &#187; Historia Intelectual","robots":{"index":"index","follow":"follow","max-snippet":"max-snippet:-1","max-image-preview":"max-image-preview:large","max-video-preview":"max-video-preview:-1"},"canonical":"https:\/\/historiaintelectual.com.ar\/eng\/las-ciudades-de-angel-rama\/","og_locale":"en_US","og_type":"article","og_title":"Las ciudades de \u00c1ngel Rama &#187; Historia Intelectual","og_description":"Las ciudades de \u00c1ngel Rama Buenos Aires \/ Caracas \/ La Habana \/ Maryland \/ M\u00e9xico \/ Montevideo \/ Par\u00eds \/ San Pablo \/ San Juan de Puerto Rico \/ Santiago de Chile \/ Valpara\u00edso En 2024 se cumpli\u00f3 el 40\u00b0 aniversario de La ciudad letrada, el libro p\u00f3stumo de \u00c1ngel Rama que, desde su [&hellip;]","og_url":"https:\/\/historiaintelectual.com.ar\/eng\/las-ciudades-de-angel-rama\/","og_site_name":"Historia Intelectual","article_publisher":"https:\/\/www.facebook.com\/Centrodehistoriaintelectual\/","article_published_time":"2025-05-21T19:40:29+00:00","article_modified_time":"2026-02-09T17:21:33+00:00","og_image":[{"width":1113,"height":1113,"url":"https:\/\/historiaintelectual.com.ar\/wp-content\/uploads\/2025\/04\/logo-25_n.png","type":"image\/png"}],"author":"admin","schema":{"@context":"https:\/\/schema.org","@graph":[{"@type":"Article","@id":"https:\/\/historiaintelectual.com.ar\/las-ciudades-de-angel-rama\/#article","isPartOf":{"@id":"https:\/\/historiaintelectual.com.ar\/las-ciudades-de-angel-rama\/"},"author":{"name":"admin","@id":"https:\/\/historiaintelectual.com.ar\/#\/schema\/person\/885c05ccc3314e2dec0bd9b0825c5912"},"headline":"Las ciudades de \u00c1ngel Rama","datePublished":"2025-05-21T19:40:29+00:00","dateModified":"2026-02-09T17:21:33+00:00","mainEntityOfPage":{"@id":"https:\/\/historiaintelectual.com.ar\/las-ciudades-de-angel-rama\/"},"wordCount":626,"publisher":{"@id":"https:\/\/historiaintelectual.com.ar\/#organization"},"keywords":["Angel Rama"],"articleSection":["Archivo de Actividades","Jornadas"],"inLanguage":"en-US"},{"@type":"WebPage","@id":"https:\/\/historiaintelectual.com.ar\/las-ciudades-de-angel-rama\/","url":"https:\/\/historiaintelectual.com.ar\/las-ciudades-de-angel-rama\/","name":"Las ciudades de \u00c1ngel Rama &#187; Historia Intelectual","isPartOf":{"@id":"https:\/\/historiaintelectual.com.ar\/#website"},"datePublished":"2025-05-21T19:40:29+00:00","dateModified":"2026-02-09T17:21:33+00:00","breadcrumb":{"@id":"https:\/\/historiaintelectual.com.ar\/las-ciudades-de-angel-rama\/#breadcrumb"},"inLanguage":"en-US","potentialAction":[{"@type":"ReadAction","target":["https:\/\/historiaintelectual.com.ar\/las-ciudades-de-angel-rama\/"]}]},{"@type":"BreadcrumbList","@id":"https:\/\/historiaintelectual.com.ar\/las-ciudades-de-angel-rama\/#breadcrumb","itemListElement":[{"@type":"ListItem","position":1,"name":"Portada","item":"https:\/\/historiaintelectual.com.ar\/"},{"@type":"ListItem","position":2,"name":"Las ciudades de \u00c1ngel Rama"}]},{"@type":"WebSite","@id":"https:\/\/historiaintelectual.com.ar\/#website","url":"https:\/\/historiaintelectual.com.ar\/","name":"Historia Intelectual","description":"Center for Intellectual History","publisher":{"@id":"https:\/\/historiaintelectual.com.ar\/#organization"},"alternateName":"Centro de historia intelectual","potentialAction":[{"@type":"SearchAction","target":{"@type":"EntryPoint","urlTemplate":"https:\/\/historiaintelectual.com.ar\/?s={search_term_string}"},"query-input":{"@type":"PropertyValueSpecification","valueRequired":true,"valueName":"search_term_string"}}],"inLanguage":"en-US"},{"@type":"Organization","@id":"https:\/\/historiaintelectual.com.ar\/#organization","name":"Centro Historia Intelectual","url":"https:\/\/historiaintelectual.com.ar\/","logo":{"@type":"ImageObject","inLanguage":"en-US","@id":"https:\/\/historiaintelectual.com.ar\/#\/schema\/logo\/image\/","url":"https:\/\/historiaintelectual.com.ar\/wp-content\/uploads\/2025\/04\/logo-25.png","contentUrl":"https:\/\/historiaintelectual.com.ar\/wp-content\/uploads\/2025\/04\/logo-25.png","width":456,"height":456,"caption":"Centro Historia Intelectual"},"image":{"@id":"https:\/\/historiaintelectual.com.ar\/#\/schema\/logo\/image\/"},"sameAs":["https:\/\/www.facebook.com\/Centrodehistoriaintelectual\/","https:\/\/www.youtube.com\/channel\/UCGr8q_2-dchoqKT-jT5Lmfw","https:\/\/www.instagram.com\/chi_unq\/"]},{"@type":"Person","@id":"https:\/\/historiaintelectual.com.ar\/#\/schema\/person\/885c05ccc3314e2dec0bd9b0825c5912","name":"admin","url":"http:\/\/historiaintelectual.com.ar\/eng\/author\/admin\/"}]}},"_links":{"self":[{"href":"http:\/\/historiaintelectual.com.ar\/eng\/wp-json\/wp\/v2\/posts\/8581","targetHints":{"allow":["GET"]}}],"collection":[{"href":"http:\/\/historiaintelectual.com.ar\/eng\/wp-json\/wp\/v2\/posts"}],"about":[{"href":"http:\/\/historiaintelectual.com.ar\/eng\/wp-json\/wp\/v2\/types\/post"}],"author":[{"embeddable":true,"href":"http:\/\/historiaintelectual.com.ar\/eng\/wp-json\/wp\/v2\/users\/1"}],"replies":[{"embeddable":true,"href":"http:\/\/historiaintelectual.com.ar\/eng\/wp-json\/wp\/v2\/comments?post=8581"}],"version-history":[{"count":6,"href":"http:\/\/historiaintelectual.com.ar\/eng\/wp-json\/wp\/v2\/posts\/8581\/revisions"}],"predecessor-version":[{"id":11226,"href":"http:\/\/historiaintelectual.com.ar\/eng\/wp-json\/wp\/v2\/posts\/8581\/revisions\/11226"}],"wp:attachment":[{"href":"http:\/\/historiaintelectual.com.ar\/eng\/wp-json\/wp\/v2\/media?parent=8581"}],"wp:term":[{"taxonomy":"category","embeddable":true,"href":"http:\/\/historiaintelectual.com.ar\/eng\/wp-json\/wp\/v2\/categories?post=8581"},{"taxonomy":"post_tag","embeddable":true,"href":"http:\/\/historiaintelectual.com.ar\/eng\/wp-json\/wp\/v2\/tags?post=8581"}],"curies":[{"name":"wp","href":"https:\/\/api.w.org\/{rel}","templated":true}]}}