{"id":8573,"date":"2025-05-21T16:30:47","date_gmt":"2025-05-21T19:30:47","guid":{"rendered":"https:\/\/historiaintelectual.com.ar\/?p=8573"},"modified":"2025-10-09T12:16:32","modified_gmt":"2025-10-09T15:16:32","slug":"la-historia-segun-tulio-halperin-donghi","status":"publish","type":"post","link":"http:\/\/historiaintelectual.com.ar\/eng\/la-historia-segun-tulio-halperin-donghi\/","title":{"rendered":"La historia seg\u00fan Tulio Halperin Donghi"},"content":{"rendered":"<div data-elementor-type=\"wp-post\" data-elementor-id=\"8573\" class=\"elementor elementor-8573\" data-elementor-post-type=\"post\">\n\t\t\t\t<div class=\"elementor-element elementor-element-08ed315 e-con-full e-flex e-con e-parent\" data-id=\"08ed315\" data-element_type=\"container\" data-e-type=\"container\">\n\t\t<div class=\"elementor-element elementor-element-17ae809 e-con-full e-flex e-con e-child\" data-id=\"17ae809\" data-element_type=\"container\" data-e-type=\"container\">\n\t\t\t\t<div class=\"elementor-element elementor-element-55f384a elementor-widget elementor-widget-text-editor\" data-id=\"55f384a\" data-element_type=\"widget\" data-e-type=\"widget\" data-widget_type=\"text-editor.default\">\n\t\t\t\t<div class=\"elementor-widget-container\">\n\t\t\t\t\t\t\t\t\t<h2><strong>La historia seg\u00fan Tulio Halperin Donghi. Exploraciones de su obra<\/strong><\/h2>\t\t\t\t\t\t\t\t<\/div>\n\t\t\t\t<\/div>\n\t\t\t\t<\/div>\n\t\t<div class=\"elementor-element elementor-element-22090b3 e-con-full e-flex e-con e-child\" data-id=\"22090b3\" data-element_type=\"container\" data-e-type=\"container\">\n\t\t\t\t<div class=\"elementor-element elementor-element-4a4018c elementor-widget elementor-widget-text-editor\" data-id=\"4a4018c\" data-element_type=\"widget\" data-e-type=\"widget\" data-widget_type=\"text-editor.default\">\n\t\t\t\t<div class=\"elementor-widget-container\">\n\t\t\t\t\t\t\t\t\t<p>El 14 de noviembre de 2014 muri\u00f3 Tulio Halperin Donghi dejando un enorme vac\u00edo en los estudios\u00a0sobre\u00a0el pasado y\u00a0en\u00a0la vida cultural de nuestro pa\u00eds. La originalidad y vastedad de su obra, la agudeza de sus interpretaciones y la singularidad de su estilo lo convirtieron ya desde el comienzo de su carrera en una suerte de centro de gravedad de la cultura historiogr\u00e1fica argentina, su\u00a0enfant terrible\u00a0a la vez que el productor de un conjunto de representaciones sobre el pasado nacional que terminaron volvi\u00e9ndose can\u00f3nicas. La organizaci\u00f3n de esta actividad parte de la convicci\u00f3n de que un examen colectivo del legado de Halperin, tarea fascinante en s\u00ed misma, es fundamental para estimular la reflexi\u00f3n sobre la situaci\u00f3n actual y los desaf\u00edos de la historiograf\u00eda en las pr\u00f3ximas d\u00e9cadas.<\/p><p>La actividad comenz\u00f3 con una jornada, el 14 de noviembre de 2024, en el Museo Hist\u00f3rico Nacional. Organizada por Carlos Altamirano, Adri\u00e1n Gorelik y Roy Hora, en la jornada se presentaron, organizadas en 4 mesas, las siguientes ponencias:<\/p>\t\t\t\t\t\t\t\t<\/div>\n\t\t\t\t<\/div>\n\t\t\t\t<\/div>\n\t\t<div class=\"elementor-element elementor-element-ca7f734 e-con-full e-flex e-con e-child\" data-id=\"ca7f734\" data-element_type=\"container\" data-e-type=\"container\">\n\t\t\t\t<div class=\"elementor-element elementor-element-cb9c0c9 elementor-widget elementor-widget-text-editor\" data-id=\"cb9c0c9\" data-element_type=\"widget\" data-e-type=\"widget\" data-widget_type=\"text-editor.default\">\n\t\t\t\t<div class=\"elementor-widget-container\">\n\t\t\t\t\t\t\t\t\t<p><span style=\"color: #00a79d;\">\u2014<\/span>\u201cHalperin Donghi y sus disputas en torno a la crisis de independencia, sus or\u00edgenes y sus secuelas\u201d, por El\u00edas Palti.<\/p><p><span style=\"color: #00a79d;\">\u2014<\/span>\u201cHalperin, la crisis del orden colonial y el largo siglo XIX latinoamericano\u201d, por Ra\u00fal Fradkin.<\/p><p><span style=\"color: #00a79d;\">\u2014<\/span>\u201c<em>Guerra y finanzas<\/em> en el contexto de los debates historiogr\u00e1ficos internacionales\u201d, por Alejandro Rabinovich.<\/p><p><span style=\"color: #00a79d;\">\u2014<\/span>\u201cHalperin y la escala de an\u00e1lisis nacional (siglo XIX)\u201d, por Gabriel Di Meglio.<\/p><p><span style=\"color: #00a79d;\">\u2014<\/span>\u201cTulio Halperin Donghi y la pol\u00edtica del siglo XIX: una propuesta de lectura\u201d, por Hilda Sabato.<\/p><p><span style=\"color: #00a79d;\">\u2014<\/span>\u201cTulio Halperin Donghi y la \u201cdemocracia\u201d como origen, destino y problema. Lecturas sobre la pol\u00edtica, de la Constituci\u00f3n al Centenario\u201d, por Laura Cucchi e In\u00e9s Rojkind.<\/p><p><span style=\"color: #00a79d;\">\u2014<\/span>\u201cLa imposibilidad de la Rep\u00fablica Verdadera (1912-1945)\u201d, por Leandro Losada.<\/p><p><span style=\"color: #00a79d;\">\u2014<\/span>\u201cEl siglo XX (argentino) de Tulio Halperin Donghi\u201d, por Roy Hora.<\/p><p><span style=\"color: #00a79d;\">\u2014<\/span>\u201cLa autobiograf\u00eda y el nacimiento del intelectual en Hispanoam\u00e9rica\u201d, por Gabriel Entin.<\/p><p><span style=\"color: #00a79d;\">\u2014<\/span>\u201cHalperin y Sarmiento\u201d, por Carlos Altamirano.<\/p><p><span style=\"color: #00a79d;\">\u2014<\/span>\u201cHalperin y Rosas\u201d, por Marcela Ternavasio.<\/p><p><span style=\"color: #00a79d;\">\u2014<\/span>\u201cEntre el desierto y la naci\u00f3n: los rom\u00e1nticos rioplatenses vistos por Tulio Halperin Donghi\u201d, por Jorge Myers.<\/p><p><span style=\"color: #00a79d;\">\u2014<\/span>\u201cUn historiador en busca de un rumbo: Tulio Halperin, c. 1955-1970\u201d, por Fernando Devoto.<\/p><p><span style=\"color: #00a79d;\">\u2014<\/span>\u201cTulio Halperin Donghi y la escuela de los <em>Annales<\/em>\u201d, por Pilar Gonz\u00e1lez Bernaldo.<\/p><p>Actualmente, est\u00e1 en edici\u00f3n un libro con todos los trabajos (y algunos agregados) que ser\u00e1 publicado por Siglo XXI Editores Argentina.<\/p>\t\t\t\t\t\t\t\t<\/div>\n\t\t\t\t<\/div>\n\t\t\t\t<\/div>\n\t\t\t\t<\/div>\n\t\t\t\t<\/div>","protected":false},"excerpt":{"rendered":"<p>La historia seg\u00fan Tulio Halperin Donghi. Exploraciones de su obra El 14 de noviembre de 2014 muri\u00f3 Tulio Halperin Donghi dejando un enorme vac\u00edo en los estudios\u00a0sobre\u00a0el pasado y\u00a0en\u00a0la vida cultural de nuestro pa\u00eds. La originalidad y vastedad de su obra, la agudeza de sus interpretaciones y la singularidad de su estilo lo convirtieron ya [&hellip;]<\/p>\n","protected":false},"author":1,"featured_media":0,"comment_status":"closed","ping_status":"closed","sticky":false,"template":"","format":"standard","meta":{"footnotes":""},"categories":[93,251],"tags":[214],"class_list":["post-8573","post","type-post","status-publish","format-standard","hentry","category-archivo-de-actividades","category-jornadas","tag-tulio-halperin-donghi"],"yoast_head":"<!-- This site is optimized with the Yoast SEO plugin v27.3 - https:\/\/yoast.com\/product\/yoast-seo-wordpress\/ -->\n<title>La historia seg\u00fan Tulio Halperin Donghi &#187; Historia Intelectual<\/title>\n<meta name=\"robots\" content=\"index, follow, max-snippet:-1, max-image-preview:large, max-video-preview:-1\" \/>\n<link rel=\"canonical\" href=\"https:\/\/historiaintelectual.com.ar\/eng\/la-historia-segun-tulio-halperin-donghi\/\" \/>\n<meta property=\"og:locale\" content=\"en_US\" \/>\n<meta property=\"og:type\" content=\"article\" \/>\n<meta property=\"og:title\" content=\"La historia seg\u00fan Tulio Halperin Donghi &#187; Historia Intelectual\" \/>\n<meta property=\"og:description\" content=\"La historia seg\u00fan Tulio Halperin Donghi. Exploraciones de su obra El 14 de noviembre de 2014 muri\u00f3 Tulio Halperin Donghi dejando un enorme vac\u00edo en los estudios\u00a0sobre\u00a0el pasado y\u00a0en\u00a0la vida cultural de nuestro pa\u00eds. La originalidad y vastedad de su obra, la agudeza de sus interpretaciones y la singularidad de su estilo lo convirtieron ya [&hellip;]\" \/>\n<meta property=\"og:url\" content=\"https:\/\/historiaintelectual.com.ar\/eng\/la-historia-segun-tulio-halperin-donghi\/\" \/>\n<meta property=\"og:site_name\" content=\"Historia Intelectual\" \/>\n<meta property=\"article:publisher\" content=\"https:\/\/www.facebook.com\/Centrodehistoriaintelectual\/\" \/>\n<meta property=\"article:published_time\" content=\"2025-05-21T19:30:47+00:00\" \/>\n<meta property=\"article:modified_time\" content=\"2025-10-09T15:16:32+00:00\" \/>\n<meta property=\"og:image\" content=\"https:\/\/historiaintelectual.com.ar\/wp-content\/uploads\/2025\/04\/logo-25_n.png\" \/>\n\t<meta property=\"og:image:width\" content=\"1113\" \/>\n\t<meta property=\"og:image:height\" content=\"1113\" \/>\n\t<meta property=\"og:image:type\" content=\"image\/png\" \/>\n<meta name=\"author\" content=\"admin\" \/>\n<script type=\"application\/ld+json\" class=\"yoast-schema-graph\">{\"@context\":\"https:\\\/\\\/schema.org\",\"@graph\":[{\"@type\":\"Article\",\"@id\":\"https:\\\/\\\/historiaintelectual.com.ar\\\/la-historia-segun-tulio-halperin-donghi\\\/#article\",\"isPartOf\":{\"@id\":\"https:\\\/\\\/historiaintelectual.com.ar\\\/la-historia-segun-tulio-halperin-donghi\\\/\"},\"author\":{\"name\":\"admin\",\"@id\":\"https:\\\/\\\/historiaintelectual.com.ar\\\/#\\\/schema\\\/person\\\/885c05ccc3314e2dec0bd9b0825c5912\"},\"headline\":\"La historia seg\u00fan Tulio Halperin Donghi\",\"datePublished\":\"2025-05-21T19:30:47+00:00\",\"dateModified\":\"2025-10-09T15:16:32+00:00\",\"mainEntityOfPage\":{\"@id\":\"https:\\\/\\\/historiaintelectual.com.ar\\\/la-historia-segun-tulio-halperin-donghi\\\/\"},\"wordCount\":428,\"publisher\":{\"@id\":\"https:\\\/\\\/historiaintelectual.com.ar\\\/#organization\"},\"keywords\":[\"Tulio Halperin Donghi\"],\"articleSection\":[\"Archivo de Actividades\",\"Jornadas\"],\"inLanguage\":\"en-US\"},{\"@type\":\"WebPage\",\"@id\":\"https:\\\/\\\/historiaintelectual.com.ar\\\/la-historia-segun-tulio-halperin-donghi\\\/\",\"url\":\"https:\\\/\\\/historiaintelectual.com.ar\\\/la-historia-segun-tulio-halperin-donghi\\\/\",\"name\":\"La historia seg\u00fan Tulio Halperin Donghi &#187; Historia Intelectual\",\"isPartOf\":{\"@id\":\"https:\\\/\\\/historiaintelectual.com.ar\\\/#website\"},\"datePublished\":\"2025-05-21T19:30:47+00:00\",\"dateModified\":\"2025-10-09T15:16:32+00:00\",\"breadcrumb\":{\"@id\":\"https:\\\/\\\/historiaintelectual.com.ar\\\/la-historia-segun-tulio-halperin-donghi\\\/#breadcrumb\"},\"inLanguage\":\"en-US\",\"potentialAction\":[{\"@type\":\"ReadAction\",\"target\":[\"https:\\\/\\\/historiaintelectual.com.ar\\\/la-historia-segun-tulio-halperin-donghi\\\/\"]}]},{\"@type\":\"BreadcrumbList\",\"@id\":\"https:\\\/\\\/historiaintelectual.com.ar\\\/la-historia-segun-tulio-halperin-donghi\\\/#breadcrumb\",\"itemListElement\":[{\"@type\":\"ListItem\",\"position\":1,\"name\":\"Portada\",\"item\":\"https:\\\/\\\/historiaintelectual.com.ar\\\/\"},{\"@type\":\"ListItem\",\"position\":2,\"name\":\"La historia seg\u00fan Tulio Halperin Donghi\"}]},{\"@type\":\"WebSite\",\"@id\":\"https:\\\/\\\/historiaintelectual.com.ar\\\/#website\",\"url\":\"https:\\\/\\\/historiaintelectual.com.ar\\\/\",\"name\":\"Historia Intelectual\",\"description\":\"Centro de Historia Intelectual\",\"publisher\":{\"@id\":\"https:\\\/\\\/historiaintelectual.com.ar\\\/#organization\"},\"alternateName\":\"Centro de historia intelectual\",\"potentialAction\":[{\"@type\":\"SearchAction\",\"target\":{\"@type\":\"EntryPoint\",\"urlTemplate\":\"https:\\\/\\\/historiaintelectual.com.ar\\\/?s={search_term_string}\"},\"query-input\":{\"@type\":\"PropertyValueSpecification\",\"valueRequired\":true,\"valueName\":\"search_term_string\"}}],\"inLanguage\":\"en-US\"},{\"@type\":\"Organization\",\"@id\":\"https:\\\/\\\/historiaintelectual.com.ar\\\/#organization\",\"name\":\"Centro Historia Intelectual\",\"url\":\"https:\\\/\\\/historiaintelectual.com.ar\\\/\",\"logo\":{\"@type\":\"ImageObject\",\"inLanguage\":\"en-US\",\"@id\":\"https:\\\/\\\/historiaintelectual.com.ar\\\/#\\\/schema\\\/logo\\\/image\\\/\",\"url\":\"https:\\\/\\\/historiaintelectual.com.ar\\\/wp-content\\\/uploads\\\/2025\\\/04\\\/logo-25.png\",\"contentUrl\":\"https:\\\/\\\/historiaintelectual.com.ar\\\/wp-content\\\/uploads\\\/2025\\\/04\\\/logo-25.png\",\"width\":456,\"height\":456,\"caption\":\"Centro Historia Intelectual\"},\"image\":{\"@id\":\"https:\\\/\\\/historiaintelectual.com.ar\\\/#\\\/schema\\\/logo\\\/image\\\/\"},\"sameAs\":[\"https:\\\/\\\/www.facebook.com\\\/Centrodehistoriaintelectual\\\/\",\"https:\\\/\\\/www.youtube.com\\\/channel\\\/UCGr8q_2-dchoqKT-jT5Lmfw\",\"https:\\\/\\\/www.instagram.com\\\/chi_unq\\\/\"]},{\"@type\":\"Person\",\"@id\":\"https:\\\/\\\/historiaintelectual.com.ar\\\/#\\\/schema\\\/person\\\/885c05ccc3314e2dec0bd9b0825c5912\",\"name\":\"admin\",\"url\":\"http:\\\/\\\/historiaintelectual.com.ar\\\/eng\\\/author\\\/admin\\\/\"}]}<\/script>\n<!-- \/ Yoast SEO plugin. -->","yoast_head_json":{"title":"La historia seg\u00fan Tulio Halperin Donghi &#187; Historia Intelectual","robots":{"index":"index","follow":"follow","max-snippet":"max-snippet:-1","max-image-preview":"max-image-preview:large","max-video-preview":"max-video-preview:-1"},"canonical":"https:\/\/historiaintelectual.com.ar\/eng\/la-historia-segun-tulio-halperin-donghi\/","og_locale":"en_US","og_type":"article","og_title":"La historia seg\u00fan Tulio Halperin Donghi &#187; Historia Intelectual","og_description":"La historia seg\u00fan Tulio Halperin Donghi. Exploraciones de su obra El 14 de noviembre de 2014 muri\u00f3 Tulio Halperin Donghi dejando un enorme vac\u00edo en los estudios\u00a0sobre\u00a0el pasado y\u00a0en\u00a0la vida cultural de nuestro pa\u00eds. La originalidad y vastedad de su obra, la agudeza de sus interpretaciones y la singularidad de su estilo lo convirtieron ya [&hellip;]","og_url":"https:\/\/historiaintelectual.com.ar\/eng\/la-historia-segun-tulio-halperin-donghi\/","og_site_name":"Historia Intelectual","article_publisher":"https:\/\/www.facebook.com\/Centrodehistoriaintelectual\/","article_published_time":"2025-05-21T19:30:47+00:00","article_modified_time":"2025-10-09T15:16:32+00:00","og_image":[{"width":1113,"height":1113,"url":"https:\/\/historiaintelectual.com.ar\/wp-content\/uploads\/2025\/04\/logo-25_n.png","type":"image\/png"}],"author":"admin","schema":{"@context":"https:\/\/schema.org","@graph":[{"@type":"Article","@id":"https:\/\/historiaintelectual.com.ar\/la-historia-segun-tulio-halperin-donghi\/#article","isPartOf":{"@id":"https:\/\/historiaintelectual.com.ar\/la-historia-segun-tulio-halperin-donghi\/"},"author":{"name":"admin","@id":"https:\/\/historiaintelectual.com.ar\/#\/schema\/person\/885c05ccc3314e2dec0bd9b0825c5912"},"headline":"La historia seg\u00fan Tulio Halperin Donghi","datePublished":"2025-05-21T19:30:47+00:00","dateModified":"2025-10-09T15:16:32+00:00","mainEntityOfPage":{"@id":"https:\/\/historiaintelectual.com.ar\/la-historia-segun-tulio-halperin-donghi\/"},"wordCount":428,"publisher":{"@id":"https:\/\/historiaintelectual.com.ar\/#organization"},"keywords":["Tulio Halperin Donghi"],"articleSection":["Archivo de Actividades","Jornadas"],"inLanguage":"en-US"},{"@type":"WebPage","@id":"https:\/\/historiaintelectual.com.ar\/la-historia-segun-tulio-halperin-donghi\/","url":"https:\/\/historiaintelectual.com.ar\/la-historia-segun-tulio-halperin-donghi\/","name":"La historia seg\u00fan Tulio Halperin Donghi &#187; Historia Intelectual","isPartOf":{"@id":"https:\/\/historiaintelectual.com.ar\/#website"},"datePublished":"2025-05-21T19:30:47+00:00","dateModified":"2025-10-09T15:16:32+00:00","breadcrumb":{"@id":"https:\/\/historiaintelectual.com.ar\/la-historia-segun-tulio-halperin-donghi\/#breadcrumb"},"inLanguage":"en-US","potentialAction":[{"@type":"ReadAction","target":["https:\/\/historiaintelectual.com.ar\/la-historia-segun-tulio-halperin-donghi\/"]}]},{"@type":"BreadcrumbList","@id":"https:\/\/historiaintelectual.com.ar\/la-historia-segun-tulio-halperin-donghi\/#breadcrumb","itemListElement":[{"@type":"ListItem","position":1,"name":"Portada","item":"https:\/\/historiaintelectual.com.ar\/"},{"@type":"ListItem","position":2,"name":"La historia seg\u00fan Tulio Halperin Donghi"}]},{"@type":"WebSite","@id":"https:\/\/historiaintelectual.com.ar\/#website","url":"https:\/\/historiaintelectual.com.ar\/","name":"Historia Intelectual","description":"Center for Intellectual History","publisher":{"@id":"https:\/\/historiaintelectual.com.ar\/#organization"},"alternateName":"Centro de historia intelectual","potentialAction":[{"@type":"SearchAction","target":{"@type":"EntryPoint","urlTemplate":"https:\/\/historiaintelectual.com.ar\/?s={search_term_string}"},"query-input":{"@type":"PropertyValueSpecification","valueRequired":true,"valueName":"search_term_string"}}],"inLanguage":"en-US"},{"@type":"Organization","@id":"https:\/\/historiaintelectual.com.ar\/#organization","name":"Centro Historia Intelectual","url":"https:\/\/historiaintelectual.com.ar\/","logo":{"@type":"ImageObject","inLanguage":"en-US","@id":"https:\/\/historiaintelectual.com.ar\/#\/schema\/logo\/image\/","url":"https:\/\/historiaintelectual.com.ar\/wp-content\/uploads\/2025\/04\/logo-25.png","contentUrl":"https:\/\/historiaintelectual.com.ar\/wp-content\/uploads\/2025\/04\/logo-25.png","width":456,"height":456,"caption":"Centro Historia Intelectual"},"image":{"@id":"https:\/\/historiaintelectual.com.ar\/#\/schema\/logo\/image\/"},"sameAs":["https:\/\/www.facebook.com\/Centrodehistoriaintelectual\/","https:\/\/www.youtube.com\/channel\/UCGr8q_2-dchoqKT-jT5Lmfw","https:\/\/www.instagram.com\/chi_unq\/"]},{"@type":"Person","@id":"https:\/\/historiaintelectual.com.ar\/#\/schema\/person\/885c05ccc3314e2dec0bd9b0825c5912","name":"admin","url":"http:\/\/historiaintelectual.com.ar\/eng\/author\/admin\/"}]}},"_links":{"self":[{"href":"http:\/\/historiaintelectual.com.ar\/eng\/wp-json\/wp\/v2\/posts\/8573","targetHints":{"allow":["GET"]}}],"collection":[{"href":"http:\/\/historiaintelectual.com.ar\/eng\/wp-json\/wp\/v2\/posts"}],"about":[{"href":"http:\/\/historiaintelectual.com.ar\/eng\/wp-json\/wp\/v2\/types\/post"}],"author":[{"embeddable":true,"href":"http:\/\/historiaintelectual.com.ar\/eng\/wp-json\/wp\/v2\/users\/1"}],"replies":[{"embeddable":true,"href":"http:\/\/historiaintelectual.com.ar\/eng\/wp-json\/wp\/v2\/comments?post=8573"}],"version-history":[{"count":6,"href":"http:\/\/historiaintelectual.com.ar\/eng\/wp-json\/wp\/v2\/posts\/8573\/revisions"}],"predecessor-version":[{"id":8579,"href":"http:\/\/historiaintelectual.com.ar\/eng\/wp-json\/wp\/v2\/posts\/8573\/revisions\/8579"}],"wp:attachment":[{"href":"http:\/\/historiaintelectual.com.ar\/eng\/wp-json\/wp\/v2\/media?parent=8573"}],"wp:term":[{"taxonomy":"category","embeddable":true,"href":"http:\/\/historiaintelectual.com.ar\/eng\/wp-json\/wp\/v2\/categories?post=8573"},{"taxonomy":"post_tag","embeddable":true,"href":"http:\/\/historiaintelectual.com.ar\/eng\/wp-json\/wp\/v2\/tags?post=8573"}],"curies":[{"name":"wp","href":"https:\/\/api.w.org\/{rel}","templated":true}]}}