{"id":7411,"date":"2022-12-12T20:08:30","date_gmt":"2022-12-12T20:08:30","guid":{"rendered":"https:\/\/historiaintelectual.com.ar\/?p=7411"},"modified":"2025-05-21T16:40:02","modified_gmt":"2025-05-21T19:40:02","slug":"maestriavirtual","status":"publish","type":"post","link":"http:\/\/historiaintelectual.com.ar\/eng\/maestriavirtual\/","title":{"rendered":"Lanzamiento de la Maestr\u00eda en Historia Intelectual, modalidad virtual"},"content":{"rendered":"<div data-elementor-type=\"wp-post\" data-elementor-id=\"7411\" class=\"elementor elementor-7411\" data-elementor-post-type=\"post\">\n\t\t\t\t<div class=\"elementor-element elementor-element-08ed315 e-con-full e-flex e-con e-parent\" data-id=\"08ed315\" data-element_type=\"container\" data-e-type=\"container\">\n\t\t<div class=\"elementor-element elementor-element-17ae809 e-con-full e-flex e-con e-child\" data-id=\"17ae809\" data-element_type=\"container\" data-e-type=\"container\">\n\t\t\t\t<div class=\"elementor-element elementor-element-55f384a elementor-widget elementor-widget-text-editor\" data-id=\"55f384a\" data-element_type=\"widget\" data-e-type=\"widget\" data-widget_type=\"text-editor.default\">\n\t\t\t\t<div class=\"elementor-widget-container\">\n\t\t\t\t\t\t\t\t\t<h2><strong>Lanzamiento de la Maestr\u00eda en Historia Intelectual, modalidad virtual<\/strong><\/h2>\t\t\t\t\t\t\t\t<\/div>\n\t\t\t\t<\/div>\n\t\t\t\t<\/div>\n\t\t<div class=\"elementor-element elementor-element-22090b3 e-con-full e-flex e-con e-child\" data-id=\"22090b3\" data-element_type=\"container\" data-e-type=\"container\">\n\t\t\t\t<div class=\"elementor-element elementor-element-4a4018c elementor-widget elementor-widget-text-editor\" data-id=\"4a4018c\" data-element_type=\"widget\" data-e-type=\"widget\" data-widget_type=\"text-editor.default\">\n\t\t\t\t<div class=\"elementor-widget-container\">\n\t\t\t\t\t\t\t\t\t<h3>Asignaturas<\/h3><p><strong><span style=\"color: #00a79d;\">&#8211;<\/span><\/strong> Ideas e intelectuales en Am\u00e9rica Latina<\/p><p><strong><span style=\"color: #00a79d;\">&#8211; <\/span><\/strong>Sociolog\u00eda de la cultura<\/p><p><strong><span style=\"color: #00a79d;\">&#8211; <\/span><\/strong>Conceptos pol\u00edticos<\/p><p><strong><span style=\"color: #00a79d;\">&#8211; <\/span><\/strong>Historia y sociolog\u00eda de los intelectuales<\/p><p><strong><span style=\"color: #00a79d;\">&#8211; <\/span><\/strong>Perspectivas en historia cultural<\/p><p><strong><span style=\"color: #00a79d;\">&#8211; <\/span><\/strong>Ciudad y campo en Am\u00e9rica Latina<\/p><p><strong><span style=\"color: #00a79d;\">&#8211; <\/span><\/strong>Est\u00e9tica y pol\u00edtica en Am\u00e9rica Latina<\/p><p><span style=\"font-family: -apple-system, BlinkMacSystemFont, 'Segoe UI', Roboto, 'Helvetica Neue', Arial, 'Noto Sans', sans-serif, 'Apple Color Emoji', 'Segoe UI Emoji', 'Segoe UI Symbol', 'Noto Color Emoji';\"><strong><span style=\"color: #00a79d;\">&#8211; <\/span><\/strong>Historia de los lenguajes pol\u00edticos<\/span><\/p><p><span style=\"font-family: -apple-system, BlinkMacSystemFont, 'Segoe UI', Roboto, 'Helvetica Neue', Arial, 'Noto Sans', sans-serif, 'Apple Color Emoji', 'Segoe UI Emoji', 'Segoe UI Symbol', 'Noto Color Emoji';\"><strong><span style=\"color: #00a79d;\">&#8211; <\/span><\/strong>Historia del libro, la edici\u00f3n y la lectura<\/span><\/p><p><span style=\"font-family: -apple-system, BlinkMacSystemFont, 'Segoe UI', Roboto, 'Helvetica Neue', Arial, 'Noto Sans', sans-serif, 'Apple Color Emoji', 'Segoe UI Emoji', 'Segoe UI Symbol', 'Noto Color Emoji';\"><strong><span style=\"color: #00a79d;\">&#8211; <\/span><\/strong>Microhistoria <\/span><\/p><p><span style=\"font-family: -apple-system, BlinkMacSystemFont, 'Segoe UI', Roboto, 'Helvetica Neue', Arial, 'Noto Sans', sans-serif, 'Apple Color Emoji', 'Segoe UI Emoji', 'Segoe UI Symbol', 'Noto Color Emoji';\"><strong><span style=\"color: #00a79d;\">&#8211; <\/span><\/strong>El giro material en lahistoria cultural <\/span><\/p><p><span style=\"font-family: -apple-system, BlinkMacSystemFont, 'Segoe UI', Roboto, 'Helvetica Neue', Arial, 'Noto Sans', sans-serif, 'Apple Color Emoji', 'Segoe UI Emoji', 'Segoe UI Symbol', 'Noto Color Emoji';\"><strong><span style=\"color: #00a79d;\">&#8211; <\/span><\/strong>Cultura visual <\/span><\/p><p><span style=\"font-family: -apple-system, BlinkMacSystemFont, 'Segoe UI', Roboto, 'Helvetica Neue', Arial, 'Noto Sans', sans-serif, 'Apple Color Emoji', 'Segoe UI Emoji', 'Segoe UI Symbol', 'Noto Color Emoji';\"><strong><span style=\"color: #00a79d;\">&#8211; <\/span><\/strong>Circulaci\u00f3n de ideas y contactos culturales en A. L.<\/span><\/p><p><span style=\"font-family: -apple-system, BlinkMacSystemFont, 'Segoe UI', Roboto, 'Helvetica Neue', Arial, 'Noto Sans', sans-serif, 'Apple Color Emoji', 'Segoe UI Emoji', 'Segoe UI Symbol', 'Noto Color Emoji';\"><strong><span style=\"color: #00a79d;\">&#8211; <\/span><\/strong>G\u00e9nero e historia intelectual <\/span><\/p><p><span style=\"font-family: -apple-system, BlinkMacSystemFont, 'Segoe UI', Roboto, 'Helvetica Neue', Arial, 'Noto Sans', sans-serif, 'Apple Color Emoji', 'Segoe UI Emoji', 'Segoe UI Symbol', 'Noto Color Emoji';\"><strong><span style=\"color: #00a79d;\">&#8211; <\/span><\/strong>Pensamiento pol\u00edtico moderno y contempor\u00e1neo <\/span><\/p><p><span style=\"font-family: -apple-system, BlinkMacSystemFont, 'Segoe UI', Roboto, 'Helvetica Neue', Arial, 'Noto Sans', sans-serif, 'Apple Color Emoji', 'Segoe UI Emoji', 'Segoe UI Symbol', 'Noto Color Emoji';\"><strong><span style=\"color: #00a79d;\">&#8211; <\/span><\/strong>Taller de Tesis<\/span><\/p>\t\t\t\t\t\t\t\t<\/div>\n\t\t\t\t<\/div>\n\t\t\t\t<\/div>\n\t\t<div class=\"elementor-element elementor-element-ca7f734 e-con-full e-flex e-con e-child\" data-id=\"ca7f734\" data-element_type=\"container\" data-e-type=\"container\">\n\t\t\t\t<div class=\"elementor-element elementor-element-cb9c0c9 elementor-widget elementor-widget-text-editor\" data-id=\"cb9c0c9\" data-element_type=\"widget\" data-e-type=\"widget\" data-widget_type=\"text-editor.default\">\n\t\t\t\t<div class=\"elementor-widget-container\">\n\t\t\t\t\t\t\t\t\t<h3>Inicio de inscripci\u00f3n<\/h3><p><em>1\u00ba de febrero de 2023<\/em><\/p><hr \/><h3>Duraci\u00f3n<\/h3><p><em>Anual<\/em><\/p><hr \/><h3>Formato<\/h3><p><em>Virtual<\/em><\/p><hr \/><h3>Informes e inscripci\u00f3n<\/h3><p><em>maestriahi@gmail.com<\/em><\/p><hr \/><h3>Plantel docente<\/h3>\t\t\t\t\t\t\t\t<\/div>\n\t\t\t\t<\/div>\n\t\t\t\t<\/div>\n\t\t\t\t<\/div>\n\t\t\t\t<\/div>","protected":false},"excerpt":{"rendered":"<p>Lanzamiento de la Maestr\u00eda en Historia Intelectual, modalidad virtual Asignaturas &#8211; Ideas e intelectuales en Am\u00e9rica Latina &#8211; Sociolog\u00eda de la cultura &#8211; Conceptos pol\u00edticos &#8211; Historia y sociolog\u00eda de los intelectuales &#8211; Perspectivas en historia cultural &#8211; Ciudad y campo en Am\u00e9rica Latina &#8211; Est\u00e9tica y pol\u00edtica en Am\u00e9rica Latina &#8211; Historia de los [&hellip;]<\/p>\n","protected":false},"author":1,"featured_media":0,"comment_status":"closed","ping_status":"closed","sticky":false,"template":"","format":"standard","meta":{"footnotes":""},"categories":[1],"tags":[193],"class_list":["post-7411","post","type-post","status-publish","format-standard","hentry","category-sin-categoria","tag-maestria-en-historia-intelectual"],"yoast_head":"<!-- This site is optimized with the Yoast SEO plugin v27.3 - https:\/\/yoast.com\/product\/yoast-seo-wordpress\/ -->\n<title>Lanzamiento de la Maestr\u00eda en Historia Intelectual, modalidad virtual &#187; Historia Intelectual<\/title>\n<meta name=\"robots\" content=\"index, follow, max-snippet:-1, max-image-preview:large, max-video-preview:-1\" \/>\n<link rel=\"canonical\" href=\"https:\/\/historiaintelectual.com.ar\/eng\/maestriavirtual\/\" \/>\n<meta property=\"og:locale\" content=\"en_US\" \/>\n<meta property=\"og:type\" content=\"article\" \/>\n<meta property=\"og:title\" content=\"Lanzamiento de la Maestr\u00eda en Historia Intelectual, modalidad virtual &#187; Historia Intelectual\" \/>\n<meta property=\"og:description\" content=\"Lanzamiento de la Maestr\u00eda en Historia Intelectual, modalidad virtual Asignaturas &#8211; Ideas e intelectuales en Am\u00e9rica Latina &#8211; Sociolog\u00eda de la cultura &#8211; Conceptos pol\u00edticos &#8211; Historia y sociolog\u00eda de los intelectuales &#8211; Perspectivas en historia cultural &#8211; Ciudad y campo en Am\u00e9rica Latina &#8211; Est\u00e9tica y pol\u00edtica en Am\u00e9rica Latina &#8211; Historia de los [&hellip;]\" \/>\n<meta property=\"og:url\" content=\"https:\/\/historiaintelectual.com.ar\/eng\/maestriavirtual\/\" \/>\n<meta property=\"og:site_name\" content=\"Historia Intelectual\" \/>\n<meta property=\"article:publisher\" content=\"https:\/\/www.facebook.com\/Centrodehistoriaintelectual\/\" \/>\n<meta property=\"article:published_time\" content=\"2022-12-12T20:08:30+00:00\" \/>\n<meta property=\"article:modified_time\" content=\"2025-05-21T19:40:02+00:00\" \/>\n<meta property=\"og:image\" content=\"https:\/\/historiaintelectual.com.ar\/wp-content\/uploads\/2025\/04\/logo-25_n.png\" \/>\n\t<meta property=\"og:image:width\" content=\"1113\" \/>\n\t<meta property=\"og:image:height\" content=\"1113\" \/>\n\t<meta property=\"og:image:type\" content=\"image\/png\" \/>\n<meta name=\"author\" content=\"admin\" \/>\n<script type=\"application\/ld+json\" class=\"yoast-schema-graph\">{\"@context\":\"https:\\\/\\\/schema.org\",\"@graph\":[{\"@type\":\"Article\",\"@id\":\"https:\\\/\\\/historiaintelectual.com.ar\\\/maestriavirtual\\\/#article\",\"isPartOf\":{\"@id\":\"https:\\\/\\\/historiaintelectual.com.ar\\\/maestriavirtual\\\/\"},\"author\":{\"name\":\"admin\",\"@id\":\"https:\\\/\\\/historiaintelectual.com.ar\\\/#\\\/schema\\\/person\\\/885c05ccc3314e2dec0bd9b0825c5912\"},\"headline\":\"Lanzamiento de la Maestr\u00eda en Historia Intelectual, modalidad virtual\",\"datePublished\":\"2022-12-12T20:08:30+00:00\",\"dateModified\":\"2025-05-21T19:40:02+00:00\",\"mainEntityOfPage\":{\"@id\":\"https:\\\/\\\/historiaintelectual.com.ar\\\/maestriavirtual\\\/\"},\"wordCount\":149,\"publisher\":{\"@id\":\"https:\\\/\\\/historiaintelectual.com.ar\\\/#organization\"},\"keywords\":[\"Maestr\u00eda en Historia Intelectual\"],\"articleSection\":[\"Sin categor\u00eda\"],\"inLanguage\":\"en-US\"},{\"@type\":\"WebPage\",\"@id\":\"https:\\\/\\\/historiaintelectual.com.ar\\\/maestriavirtual\\\/\",\"url\":\"https:\\\/\\\/historiaintelectual.com.ar\\\/maestriavirtual\\\/\",\"name\":\"Lanzamiento de la Maestr\u00eda en Historia Intelectual, modalidad virtual &#187; Historia Intelectual\",\"isPartOf\":{\"@id\":\"https:\\\/\\\/historiaintelectual.com.ar\\\/#website\"},\"datePublished\":\"2022-12-12T20:08:30+00:00\",\"dateModified\":\"2025-05-21T19:40:02+00:00\",\"breadcrumb\":{\"@id\":\"https:\\\/\\\/historiaintelectual.com.ar\\\/maestriavirtual\\\/#breadcrumb\"},\"inLanguage\":\"en-US\",\"potentialAction\":[{\"@type\":\"ReadAction\",\"target\":[\"https:\\\/\\\/historiaintelectual.com.ar\\\/maestriavirtual\\\/\"]}]},{\"@type\":\"BreadcrumbList\",\"@id\":\"https:\\\/\\\/historiaintelectual.com.ar\\\/maestriavirtual\\\/#breadcrumb\",\"itemListElement\":[{\"@type\":\"ListItem\",\"position\":1,\"name\":\"Portada\",\"item\":\"https:\\\/\\\/historiaintelectual.com.ar\\\/\"},{\"@type\":\"ListItem\",\"position\":2,\"name\":\"Lanzamiento de la Maestr\u00eda en Historia Intelectual, modalidad virtual\"}]},{\"@type\":\"WebSite\",\"@id\":\"https:\\\/\\\/historiaintelectual.com.ar\\\/#website\",\"url\":\"https:\\\/\\\/historiaintelectual.com.ar\\\/\",\"name\":\"Historia Intelectual\",\"description\":\"Centro de Historia Intelectual\",\"publisher\":{\"@id\":\"https:\\\/\\\/historiaintelectual.com.ar\\\/#organization\"},\"alternateName\":\"Centro de historia intelectual\",\"potentialAction\":[{\"@type\":\"SearchAction\",\"target\":{\"@type\":\"EntryPoint\",\"urlTemplate\":\"https:\\\/\\\/historiaintelectual.com.ar\\\/?s={search_term_string}\"},\"query-input\":{\"@type\":\"PropertyValueSpecification\",\"valueRequired\":true,\"valueName\":\"search_term_string\"}}],\"inLanguage\":\"en-US\"},{\"@type\":\"Organization\",\"@id\":\"https:\\\/\\\/historiaintelectual.com.ar\\\/#organization\",\"name\":\"Centro Historia Intelectual\",\"url\":\"https:\\\/\\\/historiaintelectual.com.ar\\\/\",\"logo\":{\"@type\":\"ImageObject\",\"inLanguage\":\"en-US\",\"@id\":\"https:\\\/\\\/historiaintelectual.com.ar\\\/#\\\/schema\\\/logo\\\/image\\\/\",\"url\":\"https:\\\/\\\/historiaintelectual.com.ar\\\/wp-content\\\/uploads\\\/2025\\\/04\\\/logo-25.png\",\"contentUrl\":\"https:\\\/\\\/historiaintelectual.com.ar\\\/wp-content\\\/uploads\\\/2025\\\/04\\\/logo-25.png\",\"width\":456,\"height\":456,\"caption\":\"Centro Historia Intelectual\"},\"image\":{\"@id\":\"https:\\\/\\\/historiaintelectual.com.ar\\\/#\\\/schema\\\/logo\\\/image\\\/\"},\"sameAs\":[\"https:\\\/\\\/www.facebook.com\\\/Centrodehistoriaintelectual\\\/\",\"https:\\\/\\\/www.youtube.com\\\/channel\\\/UCGr8q_2-dchoqKT-jT5Lmfw\",\"https:\\\/\\\/www.instagram.com\\\/chi_unq\\\/\"]},{\"@type\":\"Person\",\"@id\":\"https:\\\/\\\/historiaintelectual.com.ar\\\/#\\\/schema\\\/person\\\/885c05ccc3314e2dec0bd9b0825c5912\",\"name\":\"admin\",\"url\":\"http:\\\/\\\/historiaintelectual.com.ar\\\/eng\\\/author\\\/admin\\\/\"}]}<\/script>\n<!-- \/ Yoast SEO plugin. -->","yoast_head_json":{"title":"Lanzamiento de la Maestr\u00eda en Historia Intelectual, modalidad virtual &#187; Historia Intelectual","robots":{"index":"index","follow":"follow","max-snippet":"max-snippet:-1","max-image-preview":"max-image-preview:large","max-video-preview":"max-video-preview:-1"},"canonical":"https:\/\/historiaintelectual.com.ar\/eng\/maestriavirtual\/","og_locale":"en_US","og_type":"article","og_title":"Lanzamiento de la Maestr\u00eda en Historia Intelectual, modalidad virtual &#187; Historia Intelectual","og_description":"Lanzamiento de la Maestr\u00eda en Historia Intelectual, modalidad virtual Asignaturas &#8211; Ideas e intelectuales en Am\u00e9rica Latina &#8211; Sociolog\u00eda de la cultura &#8211; Conceptos pol\u00edticos &#8211; Historia y sociolog\u00eda de los intelectuales &#8211; Perspectivas en historia cultural &#8211; Ciudad y campo en Am\u00e9rica Latina &#8211; Est\u00e9tica y pol\u00edtica en Am\u00e9rica Latina &#8211; Historia de los [&hellip;]","og_url":"https:\/\/historiaintelectual.com.ar\/eng\/maestriavirtual\/","og_site_name":"Historia Intelectual","article_publisher":"https:\/\/www.facebook.com\/Centrodehistoriaintelectual\/","article_published_time":"2022-12-12T20:08:30+00:00","article_modified_time":"2025-05-21T19:40:02+00:00","og_image":[{"width":1113,"height":1113,"url":"https:\/\/historiaintelectual.com.ar\/wp-content\/uploads\/2025\/04\/logo-25_n.png","type":"image\/png"}],"author":"admin","schema":{"@context":"https:\/\/schema.org","@graph":[{"@type":"Article","@id":"https:\/\/historiaintelectual.com.ar\/maestriavirtual\/#article","isPartOf":{"@id":"https:\/\/historiaintelectual.com.ar\/maestriavirtual\/"},"author":{"name":"admin","@id":"https:\/\/historiaintelectual.com.ar\/#\/schema\/person\/885c05ccc3314e2dec0bd9b0825c5912"},"headline":"Lanzamiento de la Maestr\u00eda en Historia Intelectual, modalidad virtual","datePublished":"2022-12-12T20:08:30+00:00","dateModified":"2025-05-21T19:40:02+00:00","mainEntityOfPage":{"@id":"https:\/\/historiaintelectual.com.ar\/maestriavirtual\/"},"wordCount":149,"publisher":{"@id":"https:\/\/historiaintelectual.com.ar\/#organization"},"keywords":["Maestr\u00eda en Historia Intelectual"],"articleSection":["Sin categor\u00eda"],"inLanguage":"en-US"},{"@type":"WebPage","@id":"https:\/\/historiaintelectual.com.ar\/maestriavirtual\/","url":"https:\/\/historiaintelectual.com.ar\/maestriavirtual\/","name":"Lanzamiento de la Maestr\u00eda en Historia Intelectual, modalidad virtual &#187; Historia Intelectual","isPartOf":{"@id":"https:\/\/historiaintelectual.com.ar\/#website"},"datePublished":"2022-12-12T20:08:30+00:00","dateModified":"2025-05-21T19:40:02+00:00","breadcrumb":{"@id":"https:\/\/historiaintelectual.com.ar\/maestriavirtual\/#breadcrumb"},"inLanguage":"en-US","potentialAction":[{"@type":"ReadAction","target":["https:\/\/historiaintelectual.com.ar\/maestriavirtual\/"]}]},{"@type":"BreadcrumbList","@id":"https:\/\/historiaintelectual.com.ar\/maestriavirtual\/#breadcrumb","itemListElement":[{"@type":"ListItem","position":1,"name":"Portada","item":"https:\/\/historiaintelectual.com.ar\/"},{"@type":"ListItem","position":2,"name":"Lanzamiento de la Maestr\u00eda en Historia Intelectual, modalidad virtual"}]},{"@type":"WebSite","@id":"https:\/\/historiaintelectual.com.ar\/#website","url":"https:\/\/historiaintelectual.com.ar\/","name":"Historia Intelectual","description":"Center for Intellectual History","publisher":{"@id":"https:\/\/historiaintelectual.com.ar\/#organization"},"alternateName":"Centro de historia intelectual","potentialAction":[{"@type":"SearchAction","target":{"@type":"EntryPoint","urlTemplate":"https:\/\/historiaintelectual.com.ar\/?s={search_term_string}"},"query-input":{"@type":"PropertyValueSpecification","valueRequired":true,"valueName":"search_term_string"}}],"inLanguage":"en-US"},{"@type":"Organization","@id":"https:\/\/historiaintelectual.com.ar\/#organization","name":"Centro Historia Intelectual","url":"https:\/\/historiaintelectual.com.ar\/","logo":{"@type":"ImageObject","inLanguage":"en-US","@id":"https:\/\/historiaintelectual.com.ar\/#\/schema\/logo\/image\/","url":"https:\/\/historiaintelectual.com.ar\/wp-content\/uploads\/2025\/04\/logo-25.png","contentUrl":"https:\/\/historiaintelectual.com.ar\/wp-content\/uploads\/2025\/04\/logo-25.png","width":456,"height":456,"caption":"Centro Historia Intelectual"},"image":{"@id":"https:\/\/historiaintelectual.com.ar\/#\/schema\/logo\/image\/"},"sameAs":["https:\/\/www.facebook.com\/Centrodehistoriaintelectual\/","https:\/\/www.youtube.com\/channel\/UCGr8q_2-dchoqKT-jT5Lmfw","https:\/\/www.instagram.com\/chi_unq\/"]},{"@type":"Person","@id":"https:\/\/historiaintelectual.com.ar\/#\/schema\/person\/885c05ccc3314e2dec0bd9b0825c5912","name":"admin","url":"http:\/\/historiaintelectual.com.ar\/eng\/author\/admin\/"}]}},"_links":{"self":[{"href":"http:\/\/historiaintelectual.com.ar\/eng\/wp-json\/wp\/v2\/posts\/7411","targetHints":{"allow":["GET"]}}],"collection":[{"href":"http:\/\/historiaintelectual.com.ar\/eng\/wp-json\/wp\/v2\/posts"}],"about":[{"href":"http:\/\/historiaintelectual.com.ar\/eng\/wp-json\/wp\/v2\/types\/post"}],"author":[{"embeddable":true,"href":"http:\/\/historiaintelectual.com.ar\/eng\/wp-json\/wp\/v2\/users\/1"}],"replies":[{"embeddable":true,"href":"http:\/\/historiaintelectual.com.ar\/eng\/wp-json\/wp\/v2\/comments?post=7411"}],"version-history":[{"count":46,"href":"http:\/\/historiaintelectual.com.ar\/eng\/wp-json\/wp\/v2\/posts\/7411\/revisions"}],"predecessor-version":[{"id":8091,"href":"http:\/\/historiaintelectual.com.ar\/eng\/wp-json\/wp\/v2\/posts\/7411\/revisions\/8091"}],"wp:attachment":[{"href":"http:\/\/historiaintelectual.com.ar\/eng\/wp-json\/wp\/v2\/media?parent=7411"}],"wp:term":[{"taxonomy":"category","embeddable":true,"href":"http:\/\/historiaintelectual.com.ar\/eng\/wp-json\/wp\/v2\/categories?post=7411"},{"taxonomy":"post_tag","embeddable":true,"href":"http:\/\/historiaintelectual.com.ar\/eng\/wp-json\/wp\/v2\/tags?post=7411"}],"curies":[{"name":"wp","href":"https:\/\/api.w.org\/{rel}","templated":true}]}}