{"id":4542,"date":"2009-08-26T14:50:59","date_gmt":"2009-08-26T14:50:59","guid":{"rendered":"http:\/\/historiaintelectual.com.ar\/desarrollo\/?p=4542"},"modified":"2015-09-28T09:56:28","modified_gmt":"2015-09-28T09:56:28","slug":"perspectiva-sociologica","status":"publish","type":"post","link":"http:\/\/historiaintelectual.com.ar\/eng\/perspectiva-sociologica\/","title":{"rendered":"Perspectiva sociol\u00f3gica"},"content":{"rendered":"<p>Una introducci\u00f3n a la sociolog\u00eda no obvia<\/p>","protected":false},"excerpt":{"rendered":"<p>Una introducci\u00f3n a la sociolog\u00eda no obvia<\/p>","protected":false},"author":1,"featured_media":4543,"comment_status":"closed","ping_status":"closed","sticky":false,"template":"","format":"standard","meta":{"footnotes":""},"categories":[100],"tags":[],"class_list":["post-4542","post","type-post","status-publish","format-standard","has-post-thumbnail","hentry","category-intersecciones"],"yoast_head":"<!-- This site is optimized with the Yoast SEO plugin v27.3 - https:\/\/yoast.com\/product\/yoast-seo-wordpress\/ -->\n<title>Perspectiva sociol\u00f3gica &#187; Historia Intelectual<\/title>\n<meta name=\"robots\" content=\"index, follow, max-snippet:-1, max-image-preview:large, max-video-preview:-1\" \/>\n<link rel=\"canonical\" href=\"https:\/\/historiaintelectual.com.ar\/eng\/perspectiva-sociologica\/\" \/>\n<meta property=\"og:locale\" content=\"en_US\" \/>\n<meta property=\"og:type\" content=\"article\" \/>\n<meta property=\"og:title\" content=\"Perspectiva sociol\u00f3gica &#187; Historia Intelectual\" \/>\n<meta property=\"og:description\" content=\"Una introducci\u00f3n a la sociolog\u00eda no obvia\" \/>\n<meta property=\"og:url\" content=\"https:\/\/historiaintelectual.com.ar\/eng\/perspectiva-sociologica\/\" \/>\n<meta property=\"og:site_name\" content=\"Historia Intelectual\" \/>\n<meta property=\"article:publisher\" content=\"https:\/\/www.facebook.com\/Centrodehistoriaintelectual\/\" \/>\n<meta property=\"article:published_time\" content=\"2009-08-26T14:50:59+00:00\" \/>\n<meta property=\"article:modified_time\" content=\"2015-09-28T09:56:28+00:00\" \/>\n<meta property=\"og:image\" content=\"https:\/\/historiaintelectual.com.ar\/wp-content\/uploads\/2015\/08\/Persectiva-sociol\u00a2gica.jpg\" \/>\n\t<meta property=\"og:image:width\" content=\"861\" \/>\n\t<meta property=\"og:image:height\" content=\"1230\" \/>\n\t<meta property=\"og:image:type\" content=\"image\/jpeg\" \/>\n<meta name=\"author\" content=\"admin\" \/>\n<script type=\"application\/ld+json\" class=\"yoast-schema-graph\">{\"@context\":\"https:\\\/\\\/schema.org\",\"@graph\":[{\"@type\":\"Article\",\"@id\":\"https:\\\/\\\/historiaintelectual.com.ar\\\/perspectiva-sociologica\\\/#article\",\"isPartOf\":{\"@id\":\"https:\\\/\\\/historiaintelectual.com.ar\\\/perspectiva-sociologica\\\/\"},\"author\":{\"name\":\"admin\",\"@id\":\"https:\\\/\\\/historiaintelectual.com.ar\\\/#\\\/schema\\\/person\\\/885c05ccc3314e2dec0bd9b0825c5912\"},\"headline\":\"Perspectiva sociol\u00f3gica\",\"datePublished\":\"2009-08-26T14:50:59+00:00\",\"dateModified\":\"2015-09-28T09:56:28+00:00\",\"mainEntityOfPage\":{\"@id\":\"https:\\\/\\\/historiaintelectual.com.ar\\\/perspectiva-sociologica\\\/\"},\"wordCount\":12,\"publisher\":{\"@id\":\"https:\\\/\\\/historiaintelectual.com.ar\\\/#organization\"},\"image\":{\"@id\":\"https:\\\/\\\/historiaintelectual.com.ar\\\/perspectiva-sociologica\\\/#primaryimage\"},\"thumbnailUrl\":\"https:\\\/\\\/historiaintelectual.com.ar\\\/wp-content\\\/uploads\\\/2015\\\/08\\\/Persectiva-sociol\u00a2gica.jpg\",\"articleSection\":[\"Intersecciones\"],\"inLanguage\":\"en-US\"},{\"@type\":\"WebPage\",\"@id\":\"https:\\\/\\\/historiaintelectual.com.ar\\\/perspectiva-sociologica\\\/\",\"url\":\"https:\\\/\\\/historiaintelectual.com.ar\\\/perspectiva-sociologica\\\/\",\"name\":\"Perspectiva sociol\u00f3gica &#187; Historia Intelectual\",\"isPartOf\":{\"@id\":\"https:\\\/\\\/historiaintelectual.com.ar\\\/#website\"},\"primaryImageOfPage\":{\"@id\":\"https:\\\/\\\/historiaintelectual.com.ar\\\/perspectiva-sociologica\\\/#primaryimage\"},\"image\":{\"@id\":\"https:\\\/\\\/historiaintelectual.com.ar\\\/perspectiva-sociologica\\\/#primaryimage\"},\"thumbnailUrl\":\"https:\\\/\\\/historiaintelectual.com.ar\\\/wp-content\\\/uploads\\\/2015\\\/08\\\/Persectiva-sociol\u00a2gica.jpg\",\"datePublished\":\"2009-08-26T14:50:59+00:00\",\"dateModified\":\"2015-09-28T09:56:28+00:00\",\"breadcrumb\":{\"@id\":\"https:\\\/\\\/historiaintelectual.com.ar\\\/perspectiva-sociologica\\\/#breadcrumb\"},\"inLanguage\":\"en-US\",\"potentialAction\":[{\"@type\":\"ReadAction\",\"target\":[\"https:\\\/\\\/historiaintelectual.com.ar\\\/perspectiva-sociologica\\\/\"]}]},{\"@type\":\"ImageObject\",\"inLanguage\":\"en-US\",\"@id\":\"https:\\\/\\\/historiaintelectual.com.ar\\\/perspectiva-sociologica\\\/#primaryimage\",\"url\":\"https:\\\/\\\/historiaintelectual.com.ar\\\/wp-content\\\/uploads\\\/2015\\\/08\\\/Persectiva-sociol\u00a2gica.jpg\",\"contentUrl\":\"https:\\\/\\\/historiaintelectual.com.ar\\\/wp-content\\\/uploads\\\/2015\\\/08\\\/Persectiva-sociol\u00a2gica.jpg\",\"width\":861,\"height\":1230},{\"@type\":\"BreadcrumbList\",\"@id\":\"https:\\\/\\\/historiaintelectual.com.ar\\\/perspectiva-sociologica\\\/#breadcrumb\",\"itemListElement\":[{\"@type\":\"ListItem\",\"position\":1,\"name\":\"Portada\",\"item\":\"https:\\\/\\\/historiaintelectual.com.ar\\\/\"},{\"@type\":\"ListItem\",\"position\":2,\"name\":\"Perspectiva sociol\u00f3gica\"}]},{\"@type\":\"WebSite\",\"@id\":\"https:\\\/\\\/historiaintelectual.com.ar\\\/#website\",\"url\":\"https:\\\/\\\/historiaintelectual.com.ar\\\/\",\"name\":\"Historia Intelectual\",\"description\":\"Centro de Historia Intelectual\",\"publisher\":{\"@id\":\"https:\\\/\\\/historiaintelectual.com.ar\\\/#organization\"},\"alternateName\":\"Centro de historia intelectual\",\"potentialAction\":[{\"@type\":\"SearchAction\",\"target\":{\"@type\":\"EntryPoint\",\"urlTemplate\":\"https:\\\/\\\/historiaintelectual.com.ar\\\/?s={search_term_string}\"},\"query-input\":{\"@type\":\"PropertyValueSpecification\",\"valueRequired\":true,\"valueName\":\"search_term_string\"}}],\"inLanguage\":\"en-US\"},{\"@type\":\"Organization\",\"@id\":\"https:\\\/\\\/historiaintelectual.com.ar\\\/#organization\",\"name\":\"Centro Historia Intelectual\",\"url\":\"https:\\\/\\\/historiaintelectual.com.ar\\\/\",\"logo\":{\"@type\":\"ImageObject\",\"inLanguage\":\"en-US\",\"@id\":\"https:\\\/\\\/historiaintelectual.com.ar\\\/#\\\/schema\\\/logo\\\/image\\\/\",\"url\":\"https:\\\/\\\/historiaintelectual.com.ar\\\/wp-content\\\/uploads\\\/2025\\\/04\\\/logo-25.png\",\"contentUrl\":\"https:\\\/\\\/historiaintelectual.com.ar\\\/wp-content\\\/uploads\\\/2025\\\/04\\\/logo-25.png\",\"width\":456,\"height\":456,\"caption\":\"Centro Historia Intelectual\"},\"image\":{\"@id\":\"https:\\\/\\\/historiaintelectual.com.ar\\\/#\\\/schema\\\/logo\\\/image\\\/\"},\"sameAs\":[\"https:\\\/\\\/www.facebook.com\\\/Centrodehistoriaintelectual\\\/\",\"https:\\\/\\\/www.youtube.com\\\/channel\\\/UCGr8q_2-dchoqKT-jT5Lmfw\",\"https:\\\/\\\/www.instagram.com\\\/chi_unq\\\/\"]},{\"@type\":\"Person\",\"@id\":\"https:\\\/\\\/historiaintelectual.com.ar\\\/#\\\/schema\\\/person\\\/885c05ccc3314e2dec0bd9b0825c5912\",\"name\":\"admin\",\"url\":\"http:\\\/\\\/historiaintelectual.com.ar\\\/eng\\\/author\\\/admin\\\/\"}]}<\/script>\n<!-- \/ Yoast SEO plugin. -->","yoast_head_json":{"title":"Perspectiva sociol\u00f3gica &#187; Historia Intelectual","robots":{"index":"index","follow":"follow","max-snippet":"max-snippet:-1","max-image-preview":"max-image-preview:large","max-video-preview":"max-video-preview:-1"},"canonical":"https:\/\/historiaintelectual.com.ar\/eng\/perspectiva-sociologica\/","og_locale":"en_US","og_type":"article","og_title":"Perspectiva sociol\u00f3gica &#187; Historia Intelectual","og_description":"Una introducci\u00f3n a la sociolog\u00eda no obvia","og_url":"https:\/\/historiaintelectual.com.ar\/eng\/perspectiva-sociologica\/","og_site_name":"Historia Intelectual","article_publisher":"https:\/\/www.facebook.com\/Centrodehistoriaintelectual\/","article_published_time":"2009-08-26T14:50:59+00:00","article_modified_time":"2015-09-28T09:56:28+00:00","og_image":[{"width":861,"height":1230,"url":"https:\/\/historiaintelectual.com.ar\/wp-content\/uploads\/2015\/08\/Persectiva-sociol\u00a2gica.jpg","type":"image\/jpeg"}],"author":"admin","schema":{"@context":"https:\/\/schema.org","@graph":[{"@type":"Article","@id":"https:\/\/historiaintelectual.com.ar\/perspectiva-sociologica\/#article","isPartOf":{"@id":"https:\/\/historiaintelectual.com.ar\/perspectiva-sociologica\/"},"author":{"name":"admin","@id":"https:\/\/historiaintelectual.com.ar\/#\/schema\/person\/885c05ccc3314e2dec0bd9b0825c5912"},"headline":"Perspectiva sociol\u00f3gica","datePublished":"2009-08-26T14:50:59+00:00","dateModified":"2015-09-28T09:56:28+00:00","mainEntityOfPage":{"@id":"https:\/\/historiaintelectual.com.ar\/perspectiva-sociologica\/"},"wordCount":12,"publisher":{"@id":"https:\/\/historiaintelectual.com.ar\/#organization"},"image":{"@id":"https:\/\/historiaintelectual.com.ar\/perspectiva-sociologica\/#primaryimage"},"thumbnailUrl":"https:\/\/historiaintelectual.com.ar\/wp-content\/uploads\/2015\/08\/Persectiva-sociol\u00a2gica.jpg","articleSection":["Intersecciones"],"inLanguage":"en-US"},{"@type":"WebPage","@id":"https:\/\/historiaintelectual.com.ar\/perspectiva-sociologica\/","url":"https:\/\/historiaintelectual.com.ar\/perspectiva-sociologica\/","name":"Perspectiva sociol\u00f3gica &#187; Historia Intelectual","isPartOf":{"@id":"https:\/\/historiaintelectual.com.ar\/#website"},"primaryImageOfPage":{"@id":"https:\/\/historiaintelectual.com.ar\/perspectiva-sociologica\/#primaryimage"},"image":{"@id":"https:\/\/historiaintelectual.com.ar\/perspectiva-sociologica\/#primaryimage"},"thumbnailUrl":"https:\/\/historiaintelectual.com.ar\/wp-content\/uploads\/2015\/08\/Persectiva-sociol\u00a2gica.jpg","datePublished":"2009-08-26T14:50:59+00:00","dateModified":"2015-09-28T09:56:28+00:00","breadcrumb":{"@id":"https:\/\/historiaintelectual.com.ar\/perspectiva-sociologica\/#breadcrumb"},"inLanguage":"en-US","potentialAction":[{"@type":"ReadAction","target":["https:\/\/historiaintelectual.com.ar\/perspectiva-sociologica\/"]}]},{"@type":"ImageObject","inLanguage":"en-US","@id":"https:\/\/historiaintelectual.com.ar\/perspectiva-sociologica\/#primaryimage","url":"https:\/\/historiaintelectual.com.ar\/wp-content\/uploads\/2015\/08\/Persectiva-sociol\u00a2gica.jpg","contentUrl":"https:\/\/historiaintelectual.com.ar\/wp-content\/uploads\/2015\/08\/Persectiva-sociol\u00a2gica.jpg","width":861,"height":1230},{"@type":"BreadcrumbList","@id":"https:\/\/historiaintelectual.com.ar\/perspectiva-sociologica\/#breadcrumb","itemListElement":[{"@type":"ListItem","position":1,"name":"Portada","item":"https:\/\/historiaintelectual.com.ar\/"},{"@type":"ListItem","position":2,"name":"Perspectiva sociol\u00f3gica"}]},{"@type":"WebSite","@id":"https:\/\/historiaintelectual.com.ar\/#website","url":"https:\/\/historiaintelectual.com.ar\/","name":"Historia Intelectual","description":"Center for Intellectual History","publisher":{"@id":"https:\/\/historiaintelectual.com.ar\/#organization"},"alternateName":"Centro de historia intelectual","potentialAction":[{"@type":"SearchAction","target":{"@type":"EntryPoint","urlTemplate":"https:\/\/historiaintelectual.com.ar\/?s={search_term_string}"},"query-input":{"@type":"PropertyValueSpecification","valueRequired":true,"valueName":"search_term_string"}}],"inLanguage":"en-US"},{"@type":"Organization","@id":"https:\/\/historiaintelectual.com.ar\/#organization","name":"Centro Historia Intelectual","url":"https:\/\/historiaintelectual.com.ar\/","logo":{"@type":"ImageObject","inLanguage":"en-US","@id":"https:\/\/historiaintelectual.com.ar\/#\/schema\/logo\/image\/","url":"https:\/\/historiaintelectual.com.ar\/wp-content\/uploads\/2025\/04\/logo-25.png","contentUrl":"https:\/\/historiaintelectual.com.ar\/wp-content\/uploads\/2025\/04\/logo-25.png","width":456,"height":456,"caption":"Centro Historia Intelectual"},"image":{"@id":"https:\/\/historiaintelectual.com.ar\/#\/schema\/logo\/image\/"},"sameAs":["https:\/\/www.facebook.com\/Centrodehistoriaintelectual\/","https:\/\/www.youtube.com\/channel\/UCGr8q_2-dchoqKT-jT5Lmfw","https:\/\/www.instagram.com\/chi_unq\/"]},{"@type":"Person","@id":"https:\/\/historiaintelectual.com.ar\/#\/schema\/person\/885c05ccc3314e2dec0bd9b0825c5912","name":"admin","url":"http:\/\/historiaintelectual.com.ar\/eng\/author\/admin\/"}]}},"_links":{"self":[{"href":"http:\/\/historiaintelectual.com.ar\/eng\/wp-json\/wp\/v2\/posts\/4542","targetHints":{"allow":["GET"]}}],"collection":[{"href":"http:\/\/historiaintelectual.com.ar\/eng\/wp-json\/wp\/v2\/posts"}],"about":[{"href":"http:\/\/historiaintelectual.com.ar\/eng\/wp-json\/wp\/v2\/types\/post"}],"author":[{"embeddable":true,"href":"http:\/\/historiaintelectual.com.ar\/eng\/wp-json\/wp\/v2\/users\/1"}],"replies":[{"embeddable":true,"href":"http:\/\/historiaintelectual.com.ar\/eng\/wp-json\/wp\/v2\/comments?post=4542"}],"version-history":[{"count":1,"href":"http:\/\/historiaintelectual.com.ar\/eng\/wp-json\/wp\/v2\/posts\/4542\/revisions"}],"predecessor-version":[{"id":4544,"href":"http:\/\/historiaintelectual.com.ar\/eng\/wp-json\/wp\/v2\/posts\/4542\/revisions\/4544"}],"wp:featuredmedia":[{"embeddable":true,"href":"http:\/\/historiaintelectual.com.ar\/eng\/wp-json\/wp\/v2\/media\/4543"}],"wp:attachment":[{"href":"http:\/\/historiaintelectual.com.ar\/eng\/wp-json\/wp\/v2\/media?parent=4542"}],"wp:term":[{"taxonomy":"category","embeddable":true,"href":"http:\/\/historiaintelectual.com.ar\/eng\/wp-json\/wp\/v2\/categories?post=4542"},{"taxonomy":"post_tag","embeddable":true,"href":"http:\/\/historiaintelectual.com.ar\/eng\/wp-json\/wp\/v2\/tags?post=4542"}],"curies":[{"name":"wp","href":"https:\/\/api.w.org\/{rel}","templated":true}]}}