{"id":11227,"date":"2026-02-10T09:34:54","date_gmt":"2026-02-10T12:34:54","guid":{"rendered":"https:\/\/historiaintelectual.com.ar\/?p=11227"},"modified":"2026-03-13T14:26:17","modified_gmt":"2026-03-13T17:26:17","slug":"escuela-de-verano-globa-l-2026-2","status":"publish","type":"post","link":"http:\/\/historiaintelectual.com.ar\/eng\/escuela-de-verano-globa-l-2026-2\/","title":{"rendered":"GlobA.L. Summer School 2026: this is how the first edition went"},"content":{"rendered":"<div data-elementor-type=\"wp-post\" data-elementor-id=\"11227\" class=\"elementor elementor-11227\" data-elementor-post-type=\"post\">\n\t\t\t\t<div class=\"elementor-element elementor-element-08ed315 e-con-full e-flex e-con e-parent\" data-id=\"08ed315\" data-element_type=\"container\" data-e-type=\"container\">\n\t\t\t\t<div class=\"elementor-element elementor-element-9cb12fb elementor-widget elementor-widget-theme-post-title elementor-page-title elementor-widget-heading\" data-id=\"9cb12fb\" data-element_type=\"widget\" data-e-type=\"widget\" data-widget_type=\"theme-post-title.default\">\n\t\t\t\t<div class=\"elementor-widget-container\">\n\t\t\t\t\t<h2 class=\"elementor-heading-title elementor-size-default\">GlobA.L. Summer School 2026: this is how the first edition went<\/h2>\t\t\t\t<\/div>\n\t\t\t\t<\/div>\n\t\t\t\t<div class=\"elementor-element elementor-element-8a015de elementor-widget elementor-widget-image\" data-id=\"8a015de\" data-element_type=\"widget\" data-e-type=\"widget\" data-widget_type=\"image.default\">\n\t\t\t\t<div class=\"elementor-widget-container\">\n\t\t\t\t\t\t\t\t\t\t\t\t\t\t\t<img fetchpriority=\"high\" decoding=\"async\" width=\"799\" height=\"573\" src=\"https:\/\/historiaintelectual.com.ar\/wp-content\/uploads\/2026\/02\/EV_ipirangaOK.jpeg\" class=\"attachment-large size-large wp-image-11269\" alt=\"\" srcset=\"https:\/\/historiaintelectual.com.ar\/wp-content\/uploads\/2026\/02\/EV_ipirangaOK.jpeg 799w, https:\/\/historiaintelectual.com.ar\/wp-content\/uploads\/2026\/02\/EV_ipirangaOK-300x215.jpeg 300w, https:\/\/historiaintelectual.com.ar\/wp-content\/uploads\/2026\/02\/EV_ipirangaOK-768x551.jpeg 768w, https:\/\/historiaintelectual.com.ar\/wp-content\/uploads\/2026\/02\/EV_ipirangaOK-18x12.jpeg 18w\" sizes=\"(max-width: 799px) 100vw, 799px\" \/>\t\t\t\t\t\t\t\t\t\t\t\t\t\t\t<\/div>\n\t\t\t\t<\/div>\n\t\t\t\t<div class=\"elementor-element elementor-element-4a4018c elementor-widget elementor-widget-text-editor\" data-id=\"4a4018c\" data-element_type=\"widget\" data-e-type=\"widget\" data-widget_type=\"text-editor.default\">\n\t\t\t\t<div class=\"elementor-widget-container\">\n\t\t\t\t\t\t\t\t\t<p><span style=\"font-weight: 400;\">From February 9 to 13, 2026, the University of S\u00e3o Paulo hosted the first edition of the traveling school on <\/span><b>global history from Latin America<\/b><span style=\"font-weight: 400;\">, with more than 70 participants from Argentina, Brazil, Chile, Colombia, France, Mexico, and Uruguay.\u00a0<\/span><\/p><p><span style=\"font-weight: 400;\">The <\/span><b>GlobA.L. Summer School: <\/b><b><i>\u201cThinking Global History from Latin America\u201d<\/i><\/b><span style=\"font-weight: 400;\">, was organized by the Laboratory for Studies on Brazil and the Global System (Lab-Mundi\/USP), in collaboration with historians from the University of S\u00e3o Paulo (USP, Brazil), the University of the Republic (UdelaR, Uruguay), and the Center for Intellectual History at the National University of Quilmes (UNQ, Argentina). The project is the result of an initiative led by Alexandre Moreli (USP), Aldo Marchesi (UdelaR), and Mart\u00edn Bergel (CHI\/UNQ).<\/span><\/p>\t\t\t\t\t\t\t\t<\/div>\n\t\t\t\t<\/div>\n\t\t\t\t<div class=\"elementor-element elementor-element-29cddaf elementor-widget elementor-widget-gallery\" data-id=\"29cddaf\" data-element_type=\"widget\" data-e-type=\"widget\" data-settings=\"{&quot;gallery_layout&quot;:&quot;justified&quot;,&quot;lazyload&quot;:&quot;yes&quot;,&quot;ideal_row_height&quot;:{&quot;unit&quot;:&quot;px&quot;,&quot;size&quot;:200,&quot;sizes&quot;:[]},&quot;ideal_row_height_tablet&quot;:{&quot;unit&quot;:&quot;px&quot;,&quot;size&quot;:150,&quot;sizes&quot;:[]},&quot;ideal_row_height_mobile&quot;:{&quot;unit&quot;:&quot;px&quot;,&quot;size&quot;:150,&quot;sizes&quot;:[]},&quot;gap&quot;:{&quot;unit&quot;:&quot;px&quot;,&quot;size&quot;:10,&quot;sizes&quot;:[]},&quot;gap_tablet&quot;:{&quot;unit&quot;:&quot;px&quot;,&quot;size&quot;:10,&quot;sizes&quot;:[]},&quot;gap_mobile&quot;:{&quot;unit&quot;:&quot;px&quot;,&quot;size&quot;:10,&quot;sizes&quot;:[]},&quot;link_to&quot;:&quot;file&quot;,&quot;overlay_background&quot;:&quot;yes&quot;,&quot;content_hover_animation&quot;:&quot;fade-in&quot;}\" data-widget_type=\"gallery.default\">\n\t\t\t\t<div class=\"elementor-widget-container\">\n\t\t\t\t\t\t\t<div class=\"elementor-gallery__container\">\n\t\t\t\t\t\t\t<a class=\"e-gallery-item elementor-gallery-item elementor-animated-content\" href=\"https:\/\/historiaintelectual.com.ar\/wp-content\/uploads\/2026\/02\/EV1.jpeg\" data-elementor-open-lightbox=\"yes\" data-elementor-lightbox-slideshow=\"29cddaf\" data-elementor-lightbox-title=\"EV1\" data-e-action-hash=\"#elementor-action%3Aaction%3Dlightbox%26settings%3DeyJpZCI6MTEyMjgsInVybCI6Imh0dHBzOlwvXC9oaXN0b3JpYWludGVsZWN0dWFsLmNvbS5hclwvd3AtY29udGVudFwvdXBsb2Fkc1wvMjAyNlwvMDJcL0VWMS5qcGVnIiwic2xpZGVzaG93IjoiMjljZGRhZiJ9\">\n\t\t\t\t\t<div class=\"e-gallery-image elementor-gallery-item__image\" data-thumbnail=\"https:\/\/historiaintelectual.com.ar\/wp-content\/uploads\/2026\/02\/EV1-300x169.jpeg\" data-width=\"300\" data-height=\"169\" aria-label=\"Escuela de Verano Glob.Al\" role=\"img\" ><\/div>\n\t\t\t\t\t\t\t\t\t\t\t<div class=\"elementor-gallery-item__overlay\"><\/div>\n\t\t\t\t\t\t\t\t\t\t\t\t\t\t<\/a>\n\t\t\t\t\t\t\t<a class=\"e-gallery-item elementor-gallery-item elementor-animated-content\" href=\"https:\/\/historiaintelectual.com.ar\/wp-content\/uploads\/2026\/02\/EV_bergel1.jpeg\" data-elementor-open-lightbox=\"yes\" data-elementor-lightbox-slideshow=\"29cddaf\" data-elementor-lightbox-title=\"EV_bergel1\" data-e-action-hash=\"#elementor-action%3Aaction%3Dlightbox%26settings%3DeyJpZCI6MTEyNzAsInVybCI6Imh0dHBzOlwvXC9oaXN0b3JpYWludGVsZWN0dWFsLmNvbS5hclwvd3AtY29udGVudFwvdXBsb2Fkc1wvMjAyNlwvMDJcL0VWX2JlcmdlbDEuanBlZyIsInNsaWRlc2hvdyI6IjI5Y2RkYWYifQ%3D%3D\">\n\t\t\t\t\t<div class=\"e-gallery-image elementor-gallery-item__image\" data-thumbnail=\"https:\/\/historiaintelectual.com.ar\/wp-content\/uploads\/2026\/02\/EV_bergel1-300x300.jpeg\" data-width=\"300\" data-height=\"300\" aria-label=\"\" role=\"img\" ><\/div>\n\t\t\t\t\t\t\t\t\t\t\t<div class=\"elementor-gallery-item__overlay\"><\/div>\n\t\t\t\t\t\t\t\t\t\t\t\t\t\t<\/a>\n\t\t\t\t\t\t\t<a class=\"e-gallery-item elementor-gallery-item elementor-animated-content\" href=\"https:\/\/historiaintelectual.com.ar\/wp-content\/uploads\/2026\/02\/EV9.jpeg\" data-elementor-open-lightbox=\"yes\" data-elementor-lightbox-slideshow=\"29cddaf\" data-elementor-lightbox-title=\"EV9\" data-e-action-hash=\"#elementor-action%3Aaction%3Dlightbox%26settings%3DeyJpZCI6MTEyMzYsInVybCI6Imh0dHBzOlwvXC9oaXN0b3JpYWludGVsZWN0dWFsLmNvbS5hclwvd3AtY29udGVudFwvdXBsb2Fkc1wvMjAyNlwvMDJcL0VWOS5qcGVnIiwic2xpZGVzaG93IjoiMjljZGRhZiJ9\">\n\t\t\t\t\t<div class=\"e-gallery-image elementor-gallery-item__image\" data-thumbnail=\"https:\/\/historiaintelectual.com.ar\/wp-content\/uploads\/2026\/02\/EV9-225x300.jpeg\" data-width=\"225\" data-height=\"300\" aria-label=\"\" role=\"img\" ><\/div>\n\t\t\t\t\t\t\t\t\t\t\t<div class=\"elementor-gallery-item__overlay\"><\/div>\n\t\t\t\t\t\t\t\t\t\t\t\t\t\t<\/a>\n\t\t\t\t\t\t\t<a class=\"e-gallery-item elementor-gallery-item elementor-animated-content\" href=\"https:\/\/historiaintelectual.com.ar\/wp-content\/uploads\/2026\/02\/EV_dia1.jpeg\" data-elementor-open-lightbox=\"yes\" data-elementor-lightbox-slideshow=\"29cddaf\" data-elementor-lightbox-title=\"EV_dia1\" data-e-action-hash=\"#elementor-action%3Aaction%3Dlightbox%26settings%3DeyJpZCI6MTEyNzEsInVybCI6Imh0dHBzOlwvXC9oaXN0b3JpYWludGVsZWN0dWFsLmNvbS5hclwvd3AtY29udGVudFwvdXBsb2Fkc1wvMjAyNlwvMDJcL0VWX2RpYTEuanBlZyIsInNsaWRlc2hvdyI6IjI5Y2RkYWYifQ%3D%3D\">\n\t\t\t\t\t<div class=\"e-gallery-image elementor-gallery-item__image\" data-thumbnail=\"https:\/\/historiaintelectual.com.ar\/wp-content\/uploads\/2026\/02\/EV_dia1-225x300.jpeg\" data-width=\"225\" data-height=\"300\" aria-label=\"\" role=\"img\" ><\/div>\n\t\t\t\t\t\t\t\t\t\t\t<div class=\"elementor-gallery-item__overlay\"><\/div>\n\t\t\t\t\t\t\t\t\t\t\t\t\t\t<\/a>\n\t\t\t\t\t\t\t<a class=\"e-gallery-item elementor-gallery-item elementor-animated-content\" href=\"https:\/\/historiaintelectual.com.ar\/wp-content\/uploads\/2026\/02\/mUSEO1.jpeg\" data-elementor-open-lightbox=\"yes\" data-elementor-lightbox-slideshow=\"29cddaf\" data-elementor-lightbox-title=\"mUSEO1\" data-e-action-hash=\"#elementor-action%3Aaction%3Dlightbox%26settings%3DeyJpZCI6MTEyNzIsInVybCI6Imh0dHBzOlwvXC9oaXN0b3JpYWludGVsZWN0dWFsLmNvbS5hclwvd3AtY29udGVudFwvdXBsb2Fkc1wvMjAyNlwvMDJcL21VU0VPMS5qcGVnIiwic2xpZGVzaG93IjoiMjljZGRhZiJ9\">\n\t\t\t\t\t<div class=\"e-gallery-image elementor-gallery-item__image\" data-thumbnail=\"https:\/\/historiaintelectual.com.ar\/wp-content\/uploads\/2026\/02\/mUSEO1-169x300.jpeg\" data-width=\"169\" data-height=\"300\" aria-label=\"\" role=\"img\" ><\/div>\n\t\t\t\t\t\t\t\t\t\t\t<div class=\"elementor-gallery-item__overlay\"><\/div>\n\t\t\t\t\t\t\t\t\t\t\t\t\t\t<\/a>\n\t\t\t\t\t\t\t<a class=\"e-gallery-item elementor-gallery-item elementor-animated-content\" href=\"https:\/\/historiaintelectual.com.ar\/wp-content\/uploads\/2026\/02\/EV7.jpeg\" data-elementor-open-lightbox=\"yes\" data-elementor-lightbox-slideshow=\"29cddaf\" data-elementor-lightbox-title=\"EV7\" data-e-action-hash=\"#elementor-action%3Aaction%3Dlightbox%26settings%3DeyJpZCI6MTEyMzAsInVybCI6Imh0dHBzOlwvXC9oaXN0b3JpYWludGVsZWN0dWFsLmNvbS5hclwvd3AtY29udGVudFwvdXBsb2Fkc1wvMjAyNlwvMDJcL0VWNy5qcGVnIiwic2xpZGVzaG93IjoiMjljZGRhZiJ9\">\n\t\t\t\t\t<div class=\"e-gallery-image elementor-gallery-item__image\" data-thumbnail=\"https:\/\/historiaintelectual.com.ar\/wp-content\/uploads\/2026\/02\/EV7-300x169.jpeg\" data-width=\"300\" data-height=\"169\" aria-label=\"\" role=\"img\" ><\/div>\n\t\t\t\t\t\t\t\t\t\t\t<div class=\"elementor-gallery-item__overlay\"><\/div>\n\t\t\t\t\t\t\t\t\t\t\t\t\t\t<\/a>\n\t\t\t\t\t\t\t<a class=\"e-gallery-item elementor-gallery-item elementor-animated-content\" href=\"https:\/\/historiaintelectual.com.ar\/wp-content\/uploads\/2026\/02\/laura.jpeg\" data-elementor-open-lightbox=\"yes\" data-elementor-lightbox-slideshow=\"29cddaf\" data-elementor-lightbox-title=\"laura\" data-e-action-hash=\"#elementor-action%3Aaction%3Dlightbox%26settings%3DeyJpZCI6MTEyODcsInVybCI6Imh0dHBzOlwvXC9oaXN0b3JpYWludGVsZWN0dWFsLmNvbS5hclwvd3AtY29udGVudFwvdXBsb2Fkc1wvMjAyNlwvMDJcL2xhdXJhLmpwZWciLCJzbGlkZXNob3ciOiIyOWNkZGFmIn0%3D\">\n\t\t\t\t\t<div class=\"e-gallery-image elementor-gallery-item__image\" data-thumbnail=\"https:\/\/historiaintelectual.com.ar\/wp-content\/uploads\/2026\/02\/laura-300x169.jpeg\" data-width=\"300\" data-height=\"169\" aria-label=\"\" role=\"img\" ><\/div>\n\t\t\t\t\t\t\t\t\t\t\t<div class=\"elementor-gallery-item__overlay\"><\/div>\n\t\t\t\t\t\t\t\t\t\t\t\t\t\t<\/a>\n\t\t\t\t\t\t\t<a class=\"e-gallery-item elementor-gallery-item elementor-animated-content\" href=\"https:\/\/historiaintelectual.com.ar\/wp-content\/uploads\/2026\/02\/martinaylaura.jpeg\" data-elementor-open-lightbox=\"yes\" data-elementor-lightbox-slideshow=\"29cddaf\" data-elementor-lightbox-title=\"martinaylaura\" data-e-action-hash=\"#elementor-action%3Aaction%3Dlightbox%26settings%3DeyJpZCI6MTEyODgsInVybCI6Imh0dHBzOlwvXC9oaXN0b3JpYWludGVsZWN0dWFsLmNvbS5hclwvd3AtY29udGVudFwvdXBsb2Fkc1wvMjAyNlwvMDJcL21hcnRpbmF5bGF1cmEuanBlZyIsInNsaWRlc2hvdyI6IjI5Y2RkYWYifQ%3D%3D\">\n\t\t\t\t\t<div class=\"e-gallery-image elementor-gallery-item__image\" data-thumbnail=\"https:\/\/historiaintelectual.com.ar\/wp-content\/uploads\/2026\/02\/martinaylaura-300x169.jpeg\" data-width=\"300\" data-height=\"169\" aria-label=\"\" role=\"img\" ><\/div>\n\t\t\t\t\t\t\t\t\t\t\t<div class=\"elementor-gallery-item__overlay\"><\/div>\n\t\t\t\t\t\t\t\t\t\t\t\t\t\t<\/a>\n\t\t\t\t\t\t\t<a class=\"e-gallery-item elementor-gallery-item elementor-animated-content\" href=\"https:\/\/historiaintelectual.com.ar\/wp-content\/uploads\/2026\/02\/martina.jpeg\" data-elementor-open-lightbox=\"yes\" data-elementor-lightbox-slideshow=\"29cddaf\" data-elementor-lightbox-title=\"martina\" data-e-action-hash=\"#elementor-action%3Aaction%3Dlightbox%26settings%3DeyJpZCI6MTEyODksInVybCI6Imh0dHBzOlwvXC9oaXN0b3JpYWludGVsZWN0dWFsLmNvbS5hclwvd3AtY29udGVudFwvdXBsb2Fkc1wvMjAyNlwvMDJcL21hcnRpbmEuanBlZyIsInNsaWRlc2hvdyI6IjI5Y2RkYWYifQ%3D%3D\">\n\t\t\t\t\t<div class=\"e-gallery-image elementor-gallery-item__image\" data-thumbnail=\"https:\/\/historiaintelectual.com.ar\/wp-content\/uploads\/2026\/02\/martina-300x169.jpeg\" data-width=\"300\" data-height=\"169\" aria-label=\"\" role=\"img\" ><\/div>\n\t\t\t\t\t\t\t\t\t\t\t<div class=\"elementor-gallery-item__overlay\"><\/div>\n\t\t\t\t\t\t\t\t\t\t\t\t\t\t<\/a>\n\t\t\t\t\t<\/div>\n\t\t\t\t\t<\/div>\n\t\t\t\t<\/div>\n\t\t\t\t<div class=\"elementor-element elementor-element-4f428c1 elementor-widget elementor-widget-text-editor\" data-id=\"4f428c1\" data-element_type=\"widget\" data-e-type=\"widget\" data-widget_type=\"text-editor.default\">\n\t\t\t\t<div class=\"elementor-widget-container\">\n\t\t\t\t\t\t\t\t\t<p><i><span style=\"font-weight: 400;\">\u201cThe school was both an educational environment, introducing new <strong>historiographical perspectives<\/strong>, and a space for intense debate on topics such as new and classic perspectives on the history of capitalism, Braudelian and Wallersteinian approaches, new views on cultural history from a transnational perspective, and debates on <strong>global intellectual history<\/strong>\u201d,<\/span><\/i><span style=\"font-weight: 400;\"> \u201d explained Mart\u00edn Bergel, who was part of the teaching staff.\u00a0<\/span><\/p><p><span style=\"font-weight: 400;\">The teaching staff was completed by:\u00a0<\/span><\/p><ul><li style=\"font-weight: 400;\" aria-level=\"1\"><span style=\"font-weight: 400;\">Santiago Delgado (UdelaR)<\/span><\/li><li style=\"font-weight: 400;\" aria-level=\"1\"><span style=\"font-weight: 400;\">Laura Ehrlich (CHI\/UNQ)<\/span><\/li><li style=\"font-weight: 400;\" aria-level=\"1\"><span style=\"font-weight: 400;\">Camille Gapenne (UdelaR)<\/span><\/li><li style=\"font-weight: 400;\" aria-level=\"1\"><span style=\"font-weight: 400;\">Martina Garategaray (CHI\/UNQ)<\/span><\/li><li style=\"font-weight: 400;\" aria-level=\"1\"><span style=\"font-weight: 400;\">Daniel Gomes de Carvalho (USP)<\/span><\/li><li style=\"font-weight: 400;\" aria-level=\"1\"><span style=\"font-weight: 400;\">Rodrigo Goyena (USP)<\/span><\/li><li style=\"font-weight: 400;\" aria-level=\"1\"><span style=\"font-weight: 400;\">Aldo Marchesi (UdelaR)<\/span><\/li><li style=\"font-weight: 400;\" aria-level=\"1\"><span style=\"font-weight: 400;\">Vania Markarian (UdelaR)<\/span><\/li><li style=\"font-weight: 400;\" aria-level=\"1\"><span style=\"font-weight: 400;\">Alexandre Moreli (USP)<\/span><\/li><li style=\"font-weight: 400;\" aria-level=\"1\"><span style=\"font-weight: 400;\">Rafael Marquese (USP)<\/span><\/li><li style=\"font-weight: 400;\" aria-level=\"1\"><span style=\"font-weight: 400;\">Jo\u00e3o Paulo Pimenta (USP)<\/span><\/li><\/ul><p>\u00a0<\/p><p><span style=\"font-weight: 400;\">The group of professors and students said goodbye with promises to meet again at the next edition to be held in <strong>Montevideo<\/strong> in February 2027.<\/span><\/p><p><span style=\"font-weight: 400;\">Full program <\/span><a href=\"https:\/\/labmundi.fflch.usp.br\/escola-de-verao-programacao\"><span style=\"font-weight: 400;\">here<\/span><\/a><span style=\"font-weight: 400;\">.<\/span><\/p><p><a href=\"https:\/\/labmundi.fflch.usp.br\/escola-de-verao\"><span style=\"font-weight: 400;\">Learn more.<\/span><\/a><\/p>\t\t\t\t\t\t\t\t<\/div>\n\t\t\t\t<\/div>\n\t\t\t\t<\/div>\n\t\t<div class=\"elementor-element elementor-element-8e8e3b9 e-flex e-con-boxed e-con e-parent\" data-id=\"8e8e3b9\" data-element_type=\"container\" data-e-type=\"container\">\n\t\t\t\t\t<div class=\"e-con-inner\">\n\t\t\t\t\t<\/div>\n\t\t\t\t<\/div>\n\t\t\t\t<\/div>","protected":false},"excerpt":{"rendered":"<p>En su primera edici\u00f3n, m\u00e1s de 70 participantes se reunieron en la Universidad de S\u00e3o Paulo, Brasil<\/p>","protected":false},"author":96742468,"featured_media":11230,"comment_status":"closed","ping_status":"closed","sticky":false,"template":"","format":"standard","meta":{"footnotes":""},"categories":[93,251],"tags":[256],"class_list":["post-11227","post","type-post","status-publish","format-standard","has-post-thumbnail","hentry","category-archivo-de-actividades","category-jornadas","tag-historia-global"],"yoast_head":"<!-- This site is optimized with the Yoast SEO plugin v27.3 - https:\/\/yoast.com\/product\/yoast-seo-wordpress\/ -->\n<title>Escuela de Verano GlobA.L. 2026: as\u00ed fue la primera edici\u00f3n &#187; Historia Intelectual<\/title>\n<meta name=\"description\" content=\"Del 9 al 13 de febrero de 2026, se realiz\u00f3 en la Universidad de S\u00e3o Paulo la primera edici\u00f3n de la escuela itinerante sobre historia global desde Am\u00e9rica Latina, con m\u00e1s de 70 participantes de Argentina, Brasil, Chile, Colombia, Francia, M\u00e9xico y Uruguay.\" \/>\n<meta name=\"robots\" content=\"index, follow, max-snippet:-1, max-image-preview:large, max-video-preview:-1\" \/>\n<link rel=\"canonical\" href=\"https:\/\/historiaintelectual.com.ar\/eng\/escuela-de-verano-globa-l-2026-2\/\" \/>\n<meta property=\"og:locale\" content=\"en_US\" \/>\n<meta property=\"og:type\" content=\"article\" \/>\n<meta property=\"og:title\" content=\"Escuela de Verano GlobA.L. 2026: as\u00ed fue la primera edici\u00f3n &#187; Historia Intelectual\" \/>\n<meta property=\"og:description\" content=\"Del 9 al 13 de febrero de 2026, se realiz\u00f3 en la Universidad de S\u00e3o Paulo la primera edici\u00f3n de la escuela itinerante sobre historia global desde Am\u00e9rica Latina, con m\u00e1s de 70 participantes de Argentina, Brasil, Chile, Colombia, Francia, M\u00e9xico y Uruguay.\" \/>\n<meta property=\"og:url\" content=\"https:\/\/historiaintelectual.com.ar\/eng\/escuela-de-verano-globa-l-2026-2\/\" \/>\n<meta property=\"og:site_name\" content=\"Historia Intelectual\" \/>\n<meta property=\"article:publisher\" content=\"https:\/\/www.facebook.com\/Centrodehistoriaintelectual\/\" \/>\n<meta property=\"article:published_time\" content=\"2026-02-10T12:34:54+00:00\" \/>\n<meta property=\"article:modified_time\" content=\"2026-03-13T17:26:17+00:00\" \/>\n<meta property=\"og:image\" content=\"https:\/\/historiaintelectual.com.ar\/wp-content\/uploads\/2026\/02\/EV7.jpeg\" \/>\n\t<meta property=\"og:image:width\" content=\"1600\" \/>\n\t<meta property=\"og:image:height\" content=\"900\" \/>\n\t<meta property=\"og:image:type\" content=\"image\/jpeg\" \/>\n<meta name=\"author\" content=\"Noel Alvarez\" \/>\n<script type=\"application\/ld+json\" class=\"yoast-schema-graph\">{\"@context\":\"https:\\\/\\\/schema.org\",\"@graph\":[{\"@type\":\"Article\",\"@id\":\"https:\\\/\\\/historiaintelectual.com.ar\\\/escuela-de-verano-globa-l-2026-2\\\/#article\",\"isPartOf\":{\"@id\":\"https:\\\/\\\/historiaintelectual.com.ar\\\/escuela-de-verano-globa-l-2026-2\\\/\"},\"author\":{\"name\":\"Noel Alvarez\",\"@id\":\"https:\\\/\\\/historiaintelectual.com.ar\\\/#\\\/schema\\\/person\\\/d9da125a96632badb37d306ed1d2d690\"},\"headline\":\"Escuela de Verano GlobA.L. 2026: as\u00ed fue la primera edici\u00f3n\",\"datePublished\":\"2026-02-10T12:34:54+00:00\",\"dateModified\":\"2026-03-13T17:26:17+00:00\",\"mainEntityOfPage\":{\"@id\":\"https:\\\/\\\/historiaintelectual.com.ar\\\/escuela-de-verano-globa-l-2026-2\\\/\"},\"wordCount\":283,\"publisher\":{\"@id\":\"https:\\\/\\\/historiaintelectual.com.ar\\\/#organization\"},\"image\":{\"@id\":\"https:\\\/\\\/historiaintelectual.com.ar\\\/escuela-de-verano-globa-l-2026-2\\\/#primaryimage\"},\"thumbnailUrl\":\"https:\\\/\\\/historiaintelectual.com.ar\\\/wp-content\\\/uploads\\\/2026\\\/02\\\/EV7.jpeg\",\"keywords\":[\"historia global\"],\"articleSection\":[\"Archivo de Actividades\",\"Jornadas\"],\"inLanguage\":\"en-US\"},{\"@type\":\"WebPage\",\"@id\":\"https:\\\/\\\/historiaintelectual.com.ar\\\/escuela-de-verano-globa-l-2026-2\\\/\",\"url\":\"https:\\\/\\\/historiaintelectual.com.ar\\\/escuela-de-verano-globa-l-2026-2\\\/\",\"name\":\"Escuela de Verano GlobA.L. 2026: as\u00ed fue la primera edici\u00f3n &#187; Historia Intelectual\",\"isPartOf\":{\"@id\":\"https:\\\/\\\/historiaintelectual.com.ar\\\/#website\"},\"primaryImageOfPage\":{\"@id\":\"https:\\\/\\\/historiaintelectual.com.ar\\\/escuela-de-verano-globa-l-2026-2\\\/#primaryimage\"},\"image\":{\"@id\":\"https:\\\/\\\/historiaintelectual.com.ar\\\/escuela-de-verano-globa-l-2026-2\\\/#primaryimage\"},\"thumbnailUrl\":\"https:\\\/\\\/historiaintelectual.com.ar\\\/wp-content\\\/uploads\\\/2026\\\/02\\\/EV7.jpeg\",\"datePublished\":\"2026-02-10T12:34:54+00:00\",\"dateModified\":\"2026-03-13T17:26:17+00:00\",\"description\":\"Del 9 al 13 de febrero de 2026, se realiz\u00f3 en la Universidad de S\u00e3o Paulo la primera edici\u00f3n de la escuela itinerante sobre historia global desde Am\u00e9rica Latina, con m\u00e1s de 70 participantes de Argentina, Brasil, Chile, Colombia, Francia, M\u00e9xico y Uruguay.\",\"breadcrumb\":{\"@id\":\"https:\\\/\\\/historiaintelectual.com.ar\\\/escuela-de-verano-globa-l-2026-2\\\/#breadcrumb\"},\"inLanguage\":\"en-US\",\"potentialAction\":[{\"@type\":\"ReadAction\",\"target\":[\"https:\\\/\\\/historiaintelectual.com.ar\\\/escuela-de-verano-globa-l-2026-2\\\/\"]}]},{\"@type\":\"ImageObject\",\"inLanguage\":\"en-US\",\"@id\":\"https:\\\/\\\/historiaintelectual.com.ar\\\/escuela-de-verano-globa-l-2026-2\\\/#primaryimage\",\"url\":\"https:\\\/\\\/historiaintelectual.com.ar\\\/wp-content\\\/uploads\\\/2026\\\/02\\\/EV7.jpeg\",\"contentUrl\":\"https:\\\/\\\/historiaintelectual.com.ar\\\/wp-content\\\/uploads\\\/2026\\\/02\\\/EV7.jpeg\",\"width\":1600,\"height\":900},{\"@type\":\"BreadcrumbList\",\"@id\":\"https:\\\/\\\/historiaintelectual.com.ar\\\/escuela-de-verano-globa-l-2026-2\\\/#breadcrumb\",\"itemListElement\":[{\"@type\":\"ListItem\",\"position\":1,\"name\":\"Portada\",\"item\":\"https:\\\/\\\/historiaintelectual.com.ar\\\/\"},{\"@type\":\"ListItem\",\"position\":2,\"name\":\"Escuela de Verano GlobA.L. 2026: as\u00ed fue la primera edici\u00f3n\"}]},{\"@type\":\"WebSite\",\"@id\":\"https:\\\/\\\/historiaintelectual.com.ar\\\/#website\",\"url\":\"https:\\\/\\\/historiaintelectual.com.ar\\\/\",\"name\":\"Historia Intelectual\",\"description\":\"Centro de Historia Intelectual\",\"publisher\":{\"@id\":\"https:\\\/\\\/historiaintelectual.com.ar\\\/#organization\"},\"alternateName\":\"Centro de historia intelectual\",\"potentialAction\":[{\"@type\":\"SearchAction\",\"target\":{\"@type\":\"EntryPoint\",\"urlTemplate\":\"https:\\\/\\\/historiaintelectual.com.ar\\\/?s={search_term_string}\"},\"query-input\":{\"@type\":\"PropertyValueSpecification\",\"valueRequired\":true,\"valueName\":\"search_term_string\"}}],\"inLanguage\":\"en-US\"},{\"@type\":\"Organization\",\"@id\":\"https:\\\/\\\/historiaintelectual.com.ar\\\/#organization\",\"name\":\"Centro Historia Intelectual\",\"url\":\"https:\\\/\\\/historiaintelectual.com.ar\\\/\",\"logo\":{\"@type\":\"ImageObject\",\"inLanguage\":\"en-US\",\"@id\":\"https:\\\/\\\/historiaintelectual.com.ar\\\/#\\\/schema\\\/logo\\\/image\\\/\",\"url\":\"https:\\\/\\\/historiaintelectual.com.ar\\\/wp-content\\\/uploads\\\/2025\\\/04\\\/logo-25.png\",\"contentUrl\":\"https:\\\/\\\/historiaintelectual.com.ar\\\/wp-content\\\/uploads\\\/2025\\\/04\\\/logo-25.png\",\"width\":456,\"height\":456,\"caption\":\"Centro Historia Intelectual\"},\"image\":{\"@id\":\"https:\\\/\\\/historiaintelectual.com.ar\\\/#\\\/schema\\\/logo\\\/image\\\/\"},\"sameAs\":[\"https:\\\/\\\/www.facebook.com\\\/Centrodehistoriaintelectual\\\/\",\"https:\\\/\\\/www.youtube.com\\\/channel\\\/UCGr8q_2-dchoqKT-jT5Lmfw\",\"https:\\\/\\\/www.instagram.com\\\/chi_unq\\\/\"]},{\"@type\":\"Person\",\"@id\":\"https:\\\/\\\/historiaintelectual.com.ar\\\/#\\\/schema\\\/person\\\/d9da125a96632badb37d306ed1d2d690\",\"name\":\"Noel Alvarez\",\"url\":\"http:\\\/\\\/historiaintelectual.com.ar\\\/eng\\\/author\\\/noel\\\/\"}]}<\/script>\n<!-- \/ Yoast SEO plugin. -->","yoast_head_json":{"title":"Escuela de Verano GlobA.L. 2026: as\u00ed fue la primera edici\u00f3n &#187; Historia Intelectual","description":"Del 9 al 13 de febrero de 2026, se realiz\u00f3 en la Universidad de S\u00e3o Paulo la primera edici\u00f3n de la escuela itinerante sobre historia global desde Am\u00e9rica Latina, con m\u00e1s de 70 participantes de Argentina, Brasil, Chile, Colombia, Francia, M\u00e9xico y Uruguay.","robots":{"index":"index","follow":"follow","max-snippet":"max-snippet:-1","max-image-preview":"max-image-preview:large","max-video-preview":"max-video-preview:-1"},"canonical":"https:\/\/historiaintelectual.com.ar\/eng\/escuela-de-verano-globa-l-2026-2\/","og_locale":"en_US","og_type":"article","og_title":"Escuela de Verano GlobA.L. 2026: as\u00ed fue la primera edici\u00f3n &#187; Historia Intelectual","og_description":"Del 9 al 13 de febrero de 2026, se realiz\u00f3 en la Universidad de S\u00e3o Paulo la primera edici\u00f3n de la escuela itinerante sobre historia global desde Am\u00e9rica Latina, con m\u00e1s de 70 participantes de Argentina, Brasil, Chile, Colombia, Francia, M\u00e9xico y Uruguay.","og_url":"https:\/\/historiaintelectual.com.ar\/eng\/escuela-de-verano-globa-l-2026-2\/","og_site_name":"Historia Intelectual","article_publisher":"https:\/\/www.facebook.com\/Centrodehistoriaintelectual\/","article_published_time":"2026-02-10T12:34:54+00:00","article_modified_time":"2026-03-13T17:26:17+00:00","og_image":[{"width":1600,"height":900,"url":"https:\/\/historiaintelectual.com.ar\/wp-content\/uploads\/2026\/02\/EV7.jpeg","type":"image\/jpeg"}],"author":"Noel Alvarez","schema":{"@context":"https:\/\/schema.org","@graph":[{"@type":"Article","@id":"https:\/\/historiaintelectual.com.ar\/escuela-de-verano-globa-l-2026-2\/#article","isPartOf":{"@id":"https:\/\/historiaintelectual.com.ar\/escuela-de-verano-globa-l-2026-2\/"},"author":{"name":"Noel Alvarez","@id":"https:\/\/historiaintelectual.com.ar\/#\/schema\/person\/d9da125a96632badb37d306ed1d2d690"},"headline":"Escuela de Verano GlobA.L. 2026: as\u00ed fue la primera edici\u00f3n","datePublished":"2026-02-10T12:34:54+00:00","dateModified":"2026-03-13T17:26:17+00:00","mainEntityOfPage":{"@id":"https:\/\/historiaintelectual.com.ar\/escuela-de-verano-globa-l-2026-2\/"},"wordCount":283,"publisher":{"@id":"https:\/\/historiaintelectual.com.ar\/#organization"},"image":{"@id":"https:\/\/historiaintelectual.com.ar\/escuela-de-verano-globa-l-2026-2\/#primaryimage"},"thumbnailUrl":"https:\/\/historiaintelectual.com.ar\/wp-content\/uploads\/2026\/02\/EV7.jpeg","keywords":["historia global"],"articleSection":["Archivo de Actividades","Jornadas"],"inLanguage":"en-US"},{"@type":"WebPage","@id":"https:\/\/historiaintelectual.com.ar\/escuela-de-verano-globa-l-2026-2\/","url":"https:\/\/historiaintelectual.com.ar\/escuela-de-verano-globa-l-2026-2\/","name":"Escuela de Verano GlobA.L. 2026: as\u00ed fue la primera edici\u00f3n &#187; Historia Intelectual","isPartOf":{"@id":"https:\/\/historiaintelectual.com.ar\/#website"},"primaryImageOfPage":{"@id":"https:\/\/historiaintelectual.com.ar\/escuela-de-verano-globa-l-2026-2\/#primaryimage"},"image":{"@id":"https:\/\/historiaintelectual.com.ar\/escuela-de-verano-globa-l-2026-2\/#primaryimage"},"thumbnailUrl":"https:\/\/historiaintelectual.com.ar\/wp-content\/uploads\/2026\/02\/EV7.jpeg","datePublished":"2026-02-10T12:34:54+00:00","dateModified":"2026-03-13T17:26:17+00:00","description":"Del 9 al 13 de febrero de 2026, se realiz\u00f3 en la Universidad de S\u00e3o Paulo la primera edici\u00f3n de la escuela itinerante sobre historia global desde Am\u00e9rica Latina, con m\u00e1s de 70 participantes de Argentina, Brasil, Chile, Colombia, Francia, M\u00e9xico y Uruguay.","breadcrumb":{"@id":"https:\/\/historiaintelectual.com.ar\/escuela-de-verano-globa-l-2026-2\/#breadcrumb"},"inLanguage":"en-US","potentialAction":[{"@type":"ReadAction","target":["https:\/\/historiaintelectual.com.ar\/escuela-de-verano-globa-l-2026-2\/"]}]},{"@type":"ImageObject","inLanguage":"en-US","@id":"https:\/\/historiaintelectual.com.ar\/escuela-de-verano-globa-l-2026-2\/#primaryimage","url":"https:\/\/historiaintelectual.com.ar\/wp-content\/uploads\/2026\/02\/EV7.jpeg","contentUrl":"https:\/\/historiaintelectual.com.ar\/wp-content\/uploads\/2026\/02\/EV7.jpeg","width":1600,"height":900},{"@type":"BreadcrumbList","@id":"https:\/\/historiaintelectual.com.ar\/escuela-de-verano-globa-l-2026-2\/#breadcrumb","itemListElement":[{"@type":"ListItem","position":1,"name":"Portada","item":"https:\/\/historiaintelectual.com.ar\/"},{"@type":"ListItem","position":2,"name":"Escuela de Verano GlobA.L. 2026: as\u00ed fue la primera edici\u00f3n"}]},{"@type":"WebSite","@id":"https:\/\/historiaintelectual.com.ar\/#website","url":"https:\/\/historiaintelectual.com.ar\/","name":"Historia Intelectual","description":"Center for Intellectual History","publisher":{"@id":"https:\/\/historiaintelectual.com.ar\/#organization"},"alternateName":"Centro de historia intelectual","potentialAction":[{"@type":"SearchAction","target":{"@type":"EntryPoint","urlTemplate":"https:\/\/historiaintelectual.com.ar\/?s={search_term_string}"},"query-input":{"@type":"PropertyValueSpecification","valueRequired":true,"valueName":"search_term_string"}}],"inLanguage":"en-US"},{"@type":"Organization","@id":"https:\/\/historiaintelectual.com.ar\/#organization","name":"Centro Historia Intelectual","url":"https:\/\/historiaintelectual.com.ar\/","logo":{"@type":"ImageObject","inLanguage":"en-US","@id":"https:\/\/historiaintelectual.com.ar\/#\/schema\/logo\/image\/","url":"https:\/\/historiaintelectual.com.ar\/wp-content\/uploads\/2025\/04\/logo-25.png","contentUrl":"https:\/\/historiaintelectual.com.ar\/wp-content\/uploads\/2025\/04\/logo-25.png","width":456,"height":456,"caption":"Centro Historia Intelectual"},"image":{"@id":"https:\/\/historiaintelectual.com.ar\/#\/schema\/logo\/image\/"},"sameAs":["https:\/\/www.facebook.com\/Centrodehistoriaintelectual\/","https:\/\/www.youtube.com\/channel\/UCGr8q_2-dchoqKT-jT5Lmfw","https:\/\/www.instagram.com\/chi_unq\/"]},{"@type":"Person","@id":"https:\/\/historiaintelectual.com.ar\/#\/schema\/person\/d9da125a96632badb37d306ed1d2d690","name":"Noel Alvarez","url":"http:\/\/historiaintelectual.com.ar\/eng\/author\/noel\/"}]}},"_links":{"self":[{"href":"http:\/\/historiaintelectual.com.ar\/eng\/wp-json\/wp\/v2\/posts\/11227","targetHints":{"allow":["GET"]}}],"collection":[{"href":"http:\/\/historiaintelectual.com.ar\/eng\/wp-json\/wp\/v2\/posts"}],"about":[{"href":"http:\/\/historiaintelectual.com.ar\/eng\/wp-json\/wp\/v2\/types\/post"}],"author":[{"embeddable":true,"href":"http:\/\/historiaintelectual.com.ar\/eng\/wp-json\/wp\/v2\/users\/96742468"}],"replies":[{"embeddable":true,"href":"http:\/\/historiaintelectual.com.ar\/eng\/wp-json\/wp\/v2\/comments?post=11227"}],"version-history":[{"count":18,"href":"http:\/\/historiaintelectual.com.ar\/eng\/wp-json\/wp\/v2\/posts\/11227\/revisions"}],"predecessor-version":[{"id":11292,"href":"http:\/\/historiaintelectual.com.ar\/eng\/wp-json\/wp\/v2\/posts\/11227\/revisions\/11292"}],"wp:featuredmedia":[{"embeddable":true,"href":"http:\/\/historiaintelectual.com.ar\/eng\/wp-json\/wp\/v2\/media\/11230"}],"wp:attachment":[{"href":"http:\/\/historiaintelectual.com.ar\/eng\/wp-json\/wp\/v2\/media?parent=11227"}],"wp:term":[{"taxonomy":"category","embeddable":true,"href":"http:\/\/historiaintelectual.com.ar\/eng\/wp-json\/wp\/v2\/categories?post=11227"},{"taxonomy":"post_tag","embeddable":true,"href":"http:\/\/historiaintelectual.com.ar\/eng\/wp-json\/wp\/v2\/tags?post=11227"}],"curies":[{"name":"wp","href":"https:\/\/api.w.org\/{rel}","templated":true}]}}