{"id":11197,"date":"2026-01-29T18:31:55","date_gmt":"2026-01-29T21:31:55","guid":{"rendered":"https:\/\/historiaintelectual.com.ar\/?p=11197"},"modified":"2026-01-29T18:34:04","modified_gmt":"2026-01-29T21:34:04","slug":"ciclo-2021-nuevas-perspectivas-en-historia-intelectual","status":"publish","type":"post","link":"http:\/\/historiaintelectual.com.ar\/eng\/ciclo-2021-nuevas-perspectivas-en-historia-intelectual\/","title":{"rendered":"Ciclo 2021: Nuevas perspectivas en Historia Intelectual"},"content":{"rendered":"<div data-elementor-type=\"wp-post\" data-elementor-id=\"11197\" class=\"elementor elementor-11197\" data-elementor-post-type=\"post\">\n\t\t\t\t<div class=\"elementor-element elementor-element-08ed315 e-con-full e-flex e-con e-parent\" data-id=\"08ed315\" data-element_type=\"container\" data-e-type=\"container\">\n\t\t\t\t<div class=\"elementor-element elementor-element-9cb12fb elementor-widget elementor-widget-theme-post-title elementor-page-title elementor-widget-heading\" data-id=\"9cb12fb\" data-element_type=\"widget\" data-e-type=\"widget\" data-widget_type=\"theme-post-title.default\">\n\t\t\t\t<div class=\"elementor-widget-container\">\n\t\t\t\t\t<h2 class=\"elementor-heading-title elementor-size-default\">Ciclo 2021: Nuevas perspectivas en Historia Intelectual<\/h2>\t\t\t\t<\/div>\n\t\t\t\t<\/div>\n\t\t\t\t<div class=\"elementor-element elementor-element-4a4018c elementor-widget elementor-widget-text-editor\" data-id=\"4a4018c\" data-element_type=\"widget\" data-e-type=\"widget\" data-widget_type=\"text-editor.default\">\n\t\t\t\t<div class=\"elementor-widget-container\">\n\t\t\t\t\t\t\t\t\t<p><span style=\"font-weight: 400;\">En el a\u00f1o 2021, con motivo del inicio del a\u00f1o lectivo de la Maestr\u00eda en Historia Intelectual de la Universidad Nacional de Quilmes, se organiz\u00f3 un ciclo de conferencias titulado &#8220;Nuevas perspectivas en Historia Intelectual&#8221;.\u00a0<\/span><\/p><p><span style=\"font-weight: 400;\">Organizado por el Centro de Historia Intelectual, este ciclo comenz\u00f3 con la participaci\u00f3n de<strong> Vania Markarian,<\/strong> doctora en Historia por la Columbia University, responsable del \u00c1rea de Investigaci\u00f3n Hist\u00f3rica del Archivo General de la Universidad de la Rep\u00fablica, integra el Sistema Nacional de Investigadores de Uruguay.\u00a0<\/span><\/p><p>En una conferencia titulada <strong>&#8220;Episodios de la Guerra Fr\u00eda cultural en la Uruguay de los a\u00f1os sesenta&#8221;<\/strong>, Markari\u00e1n expuso alrededor de los debates y pol\u00e9micas por la reforma de educaci\u00f3n superior y el financiamiento cient\u00edfico en ese pa\u00eds, tema que abord\u00f3 en su libro <em>Universidad, revoluci\u00f3n y d\u00f3lares. Dos estudios sobre la Guerra Fr\u00eda Cultural en el Uruguay de los sesenta <\/em>(Debate, 2020).\u00a0<br \/>La conferencia se puede ver en el siguiente video:\u00a0<\/p>\t\t\t\t\t\t\t\t<\/div>\n\t\t\t\t<\/div>\n\t\t\t\t<div class=\"elementor-element elementor-element-67e20ce elementor-widget elementor-widget-video\" data-id=\"67e20ce\" data-element_type=\"widget\" data-e-type=\"widget\" data-settings=\"{&quot;youtube_url&quot;:&quot;https:\\\/\\\/www.youtube.com\\\/watch?v=pcgzn5w5fdE&quot;,&quot;video_type&quot;:&quot;youtube&quot;,&quot;controls&quot;:&quot;yes&quot;}\" data-widget_type=\"video.default\">\n\t\t\t\t<div class=\"elementor-widget-container\">\n\t\t\t\t\t\t\t<div class=\"elementor-wrapper elementor-open-inline\">\n\t\t\t<div class=\"elementor-video\"><\/div>\t\t<\/div>\n\t\t\t\t\t\t<\/div>\n\t\t\t\t<\/div>\n\t\t\t\t<div class=\"elementor-element elementor-element-98d0937 elementor-widget elementor-widget-text-editor\" data-id=\"98d0937\" data-element_type=\"widget\" data-e-type=\"widget\" data-widget_type=\"text-editor.default\">\n\t\t\t\t<div class=\"elementor-widget-container\">\n\t\t\t\t\t\t\t\t\t<p><span style=\"font-weight: 400;\">Los videos quedaron disponibles en el canal de Youtube del Centro de Historia Intelectual, con el af\u00e1n de que sirvan de recurso para investigadores, estudiantes y docentes interesados en este campo disciplinar.\u00a0<\/span><\/p><p><span style=\"font-weight: 400;\"><br \/><\/span><span style=\"font-weight: 400;\">Te invitamos a <\/span><b>suscribirte a <a href=\"https:\/\/www.youtube.com\/@CHIHistoriaIntelectual\" target=\"_blank\" rel=\"noopener\">nuestro canal<\/a><\/b><span style=\"font-weight: 400;\"> para recibir notificaciones cuando publiquemos nuevos contenidos.<\/span><\/p>\t\t\t\t\t\t\t\t<\/div>\n\t\t\t\t<\/div>\n\t\t\t\t<\/div>\n\t\t<div class=\"elementor-element elementor-element-c58ad43 e-flex e-con-boxed e-con e-parent\" data-id=\"c58ad43\" data-element_type=\"container\" data-e-type=\"container\">\n\t\t\t\t\t<div class=\"e-con-inner\">\n\t\t\t\t\t<\/div>\n\t\t\t\t<\/div>\n\t\t<div class=\"elementor-element elementor-element-f3f9976 e-flex e-con-boxed e-con e-parent\" data-id=\"f3f9976\" data-element_type=\"container\" data-e-type=\"container\">\n\t\t\t\t\t<div class=\"e-con-inner\">\n\t\t\t\t\t<\/div>\n\t\t\t\t<\/div>\n\t\t\t\t<\/div>","protected":false},"excerpt":{"rendered":"<p>En el a\u00f1o 2021, con motivo del inicio del a\u00f1o lectivo de la Maestr\u00eda en Historia Intelectual de la Universidad Nacional de Quilmes, se organiz\u00f3 un ciclo de conferencias. <\/p>","protected":false},"author":96742468,"featured_media":7897,"comment_status":"closed","ping_status":"closed","sticky":false,"template":"","format":"standard","meta":{"footnotes":""},"categories":[93,252],"tags":[],"class_list":["post-11197","post","type-post","status-publish","format-standard","has-post-thumbnail","hentry","category-archivo-de-actividades","category-charlas"],"yoast_head":"<!-- This site is optimized with the Yoast SEO plugin v27.3 - https:\/\/yoast.com\/product\/yoast-seo-wordpress\/ -->\n<title>Ciclo 2021: Nuevas perspectivas en Historia Intelectual &#187; Historia Intelectual<\/title>\n<meta name=\"robots\" content=\"index, follow, max-snippet:-1, max-image-preview:large, max-video-preview:-1\" \/>\n<link rel=\"canonical\" href=\"https:\/\/historiaintelectual.com.ar\/eng\/ciclo-2021-nuevas-perspectivas-en-historia-intelectual\/\" \/>\n<meta property=\"og:locale\" content=\"en_US\" \/>\n<meta property=\"og:type\" content=\"article\" \/>\n<meta property=\"og:title\" content=\"Ciclo 2021: Nuevas perspectivas en Historia Intelectual &#187; Historia Intelectual\" \/>\n<meta property=\"og:description\" content=\"En el a\u00f1o 2021, con motivo del inicio del a\u00f1o lectivo de la Maestr\u00eda en Historia Intelectual de la Universidad Nacional de Quilmes, se organiz\u00f3 un ciclo de conferencias.\" \/>\n<meta property=\"og:url\" content=\"https:\/\/historiaintelectual.com.ar\/eng\/ciclo-2021-nuevas-perspectivas-en-historia-intelectual\/\" \/>\n<meta property=\"og:site_name\" content=\"Historia Intelectual\" \/>\n<meta property=\"article:publisher\" content=\"https:\/\/www.facebook.com\/Centrodehistoriaintelectual\/\" \/>\n<meta property=\"article:published_time\" content=\"2026-01-29T21:31:55+00:00\" \/>\n<meta property=\"article:modified_time\" content=\"2026-01-29T21:34:04+00:00\" \/>\n<meta property=\"og:image\" content=\"https:\/\/historiaintelectual.com.ar\/wp-content\/uploads\/2025\/04\/logo-25_n.png\" \/>\n\t<meta property=\"og:image:width\" content=\"1113\" \/>\n\t<meta property=\"og:image:height\" content=\"1113\" \/>\n\t<meta property=\"og:image:type\" content=\"image\/png\" \/>\n<meta name=\"author\" content=\"Noel Alvarez\" \/>\n<script type=\"application\/ld+json\" class=\"yoast-schema-graph\">{\"@context\":\"https:\\\/\\\/schema.org\",\"@graph\":[{\"@type\":\"Article\",\"@id\":\"https:\\\/\\\/historiaintelectual.com.ar\\\/ciclo-2021-nuevas-perspectivas-en-historia-intelectual\\\/#article\",\"isPartOf\":{\"@id\":\"https:\\\/\\\/historiaintelectual.com.ar\\\/ciclo-2021-nuevas-perspectivas-en-historia-intelectual\\\/\"},\"author\":{\"name\":\"Noel Alvarez\",\"@id\":\"https:\\\/\\\/historiaintelectual.com.ar\\\/#\\\/schema\\\/person\\\/d9da125a96632badb37d306ed1d2d690\"},\"headline\":\"Ciclo 2021: Nuevas perspectivas en Historia Intelectual\",\"datePublished\":\"2026-01-29T21:31:55+00:00\",\"dateModified\":\"2026-01-29T21:34:04+00:00\",\"mainEntityOfPage\":{\"@id\":\"https:\\\/\\\/historiaintelectual.com.ar\\\/ciclo-2021-nuevas-perspectivas-en-historia-intelectual\\\/\"},\"wordCount\":229,\"publisher\":{\"@id\":\"https:\\\/\\\/historiaintelectual.com.ar\\\/#organization\"},\"image\":{\"@id\":\"https:\\\/\\\/historiaintelectual.com.ar\\\/ciclo-2021-nuevas-perspectivas-en-historia-intelectual\\\/#primaryimage\"},\"thumbnailUrl\":\"https:\\\/\\\/historiaintelectual.com.ar\\\/wp-content\\\/uploads\\\/2025\\\/04\\\/Asset-27-1.svg\",\"articleSection\":[\"Archivo de Actividades\",\"Charlas\"],\"inLanguage\":\"en-US\"},{\"@type\":\"WebPage\",\"@id\":\"https:\\\/\\\/historiaintelectual.com.ar\\\/ciclo-2021-nuevas-perspectivas-en-historia-intelectual\\\/\",\"url\":\"https:\\\/\\\/historiaintelectual.com.ar\\\/ciclo-2021-nuevas-perspectivas-en-historia-intelectual\\\/\",\"name\":\"Ciclo 2021: Nuevas perspectivas en Historia Intelectual &#187; Historia Intelectual\",\"isPartOf\":{\"@id\":\"https:\\\/\\\/historiaintelectual.com.ar\\\/#website\"},\"primaryImageOfPage\":{\"@id\":\"https:\\\/\\\/historiaintelectual.com.ar\\\/ciclo-2021-nuevas-perspectivas-en-historia-intelectual\\\/#primaryimage\"},\"image\":{\"@id\":\"https:\\\/\\\/historiaintelectual.com.ar\\\/ciclo-2021-nuevas-perspectivas-en-historia-intelectual\\\/#primaryimage\"},\"thumbnailUrl\":\"https:\\\/\\\/historiaintelectual.com.ar\\\/wp-content\\\/uploads\\\/2025\\\/04\\\/Asset-27-1.svg\",\"datePublished\":\"2026-01-29T21:31:55+00:00\",\"dateModified\":\"2026-01-29T21:34:04+00:00\",\"breadcrumb\":{\"@id\":\"https:\\\/\\\/historiaintelectual.com.ar\\\/ciclo-2021-nuevas-perspectivas-en-historia-intelectual\\\/#breadcrumb\"},\"inLanguage\":\"en-US\",\"potentialAction\":[{\"@type\":\"ReadAction\",\"target\":[\"https:\\\/\\\/historiaintelectual.com.ar\\\/ciclo-2021-nuevas-perspectivas-en-historia-intelectual\\\/\"]}]},{\"@type\":\"ImageObject\",\"inLanguage\":\"en-US\",\"@id\":\"https:\\\/\\\/historiaintelectual.com.ar\\\/ciclo-2021-nuevas-perspectivas-en-historia-intelectual\\\/#primaryimage\",\"url\":\"https:\\\/\\\/historiaintelectual.com.ar\\\/wp-content\\\/uploads\\\/2025\\\/04\\\/Asset-27-1.svg\",\"contentUrl\":\"https:\\\/\\\/historiaintelectual.com.ar\\\/wp-content\\\/uploads\\\/2025\\\/04\\\/Asset-27-1.svg\",\"width\":90,\"height\":90},{\"@type\":\"BreadcrumbList\",\"@id\":\"https:\\\/\\\/historiaintelectual.com.ar\\\/ciclo-2021-nuevas-perspectivas-en-historia-intelectual\\\/#breadcrumb\",\"itemListElement\":[{\"@type\":\"ListItem\",\"position\":1,\"name\":\"Portada\",\"item\":\"https:\\\/\\\/historiaintelectual.com.ar\\\/\"},{\"@type\":\"ListItem\",\"position\":2,\"name\":\"Ciclo 2021: Nuevas perspectivas en Historia Intelectual\"}]},{\"@type\":\"WebSite\",\"@id\":\"https:\\\/\\\/historiaintelectual.com.ar\\\/#website\",\"url\":\"https:\\\/\\\/historiaintelectual.com.ar\\\/\",\"name\":\"Historia Intelectual\",\"description\":\"Centro de Historia Intelectual\",\"publisher\":{\"@id\":\"https:\\\/\\\/historiaintelectual.com.ar\\\/#organization\"},\"alternateName\":\"Centro de historia intelectual\",\"potentialAction\":[{\"@type\":\"SearchAction\",\"target\":{\"@type\":\"EntryPoint\",\"urlTemplate\":\"https:\\\/\\\/historiaintelectual.com.ar\\\/?s={search_term_string}\"},\"query-input\":{\"@type\":\"PropertyValueSpecification\",\"valueRequired\":true,\"valueName\":\"search_term_string\"}}],\"inLanguage\":\"en-US\"},{\"@type\":\"Organization\",\"@id\":\"https:\\\/\\\/historiaintelectual.com.ar\\\/#organization\",\"name\":\"Centro Historia Intelectual\",\"url\":\"https:\\\/\\\/historiaintelectual.com.ar\\\/\",\"logo\":{\"@type\":\"ImageObject\",\"inLanguage\":\"en-US\",\"@id\":\"https:\\\/\\\/historiaintelectual.com.ar\\\/#\\\/schema\\\/logo\\\/image\\\/\",\"url\":\"https:\\\/\\\/historiaintelectual.com.ar\\\/wp-content\\\/uploads\\\/2025\\\/04\\\/logo-25.png\",\"contentUrl\":\"https:\\\/\\\/historiaintelectual.com.ar\\\/wp-content\\\/uploads\\\/2025\\\/04\\\/logo-25.png\",\"width\":456,\"height\":456,\"caption\":\"Centro Historia Intelectual\"},\"image\":{\"@id\":\"https:\\\/\\\/historiaintelectual.com.ar\\\/#\\\/schema\\\/logo\\\/image\\\/\"},\"sameAs\":[\"https:\\\/\\\/www.facebook.com\\\/Centrodehistoriaintelectual\\\/\",\"https:\\\/\\\/www.youtube.com\\\/channel\\\/UCGr8q_2-dchoqKT-jT5Lmfw\",\"https:\\\/\\\/www.instagram.com\\\/chi_unq\\\/\"]},{\"@type\":\"Person\",\"@id\":\"https:\\\/\\\/historiaintelectual.com.ar\\\/#\\\/schema\\\/person\\\/d9da125a96632badb37d306ed1d2d690\",\"name\":\"Noel Alvarez\",\"url\":\"http:\\\/\\\/historiaintelectual.com.ar\\\/eng\\\/author\\\/noel\\\/\"}]}<\/script>\n<!-- \/ Yoast SEO plugin. -->","yoast_head_json":{"title":"Ciclo 2021: Nuevas perspectivas en Historia Intelectual &#187; Historia Intelectual","robots":{"index":"index","follow":"follow","max-snippet":"max-snippet:-1","max-image-preview":"max-image-preview:large","max-video-preview":"max-video-preview:-1"},"canonical":"https:\/\/historiaintelectual.com.ar\/eng\/ciclo-2021-nuevas-perspectivas-en-historia-intelectual\/","og_locale":"en_US","og_type":"article","og_title":"Ciclo 2021: Nuevas perspectivas en Historia Intelectual &#187; Historia Intelectual","og_description":"En el a\u00f1o 2021, con motivo del inicio del a\u00f1o lectivo de la Maestr\u00eda en Historia Intelectual de la Universidad Nacional de Quilmes, se organiz\u00f3 un ciclo de conferencias.","og_url":"https:\/\/historiaintelectual.com.ar\/eng\/ciclo-2021-nuevas-perspectivas-en-historia-intelectual\/","og_site_name":"Historia Intelectual","article_publisher":"https:\/\/www.facebook.com\/Centrodehistoriaintelectual\/","article_published_time":"2026-01-29T21:31:55+00:00","article_modified_time":"2026-01-29T21:34:04+00:00","og_image":[{"width":1113,"height":1113,"url":"https:\/\/historiaintelectual.com.ar\/wp-content\/uploads\/2025\/04\/logo-25_n.png","type":"image\/png"}],"author":"Noel Alvarez","schema":{"@context":"https:\/\/schema.org","@graph":[{"@type":"Article","@id":"https:\/\/historiaintelectual.com.ar\/ciclo-2021-nuevas-perspectivas-en-historia-intelectual\/#article","isPartOf":{"@id":"https:\/\/historiaintelectual.com.ar\/ciclo-2021-nuevas-perspectivas-en-historia-intelectual\/"},"author":{"name":"Noel Alvarez","@id":"https:\/\/historiaintelectual.com.ar\/#\/schema\/person\/d9da125a96632badb37d306ed1d2d690"},"headline":"Ciclo 2021: Nuevas perspectivas en Historia Intelectual","datePublished":"2026-01-29T21:31:55+00:00","dateModified":"2026-01-29T21:34:04+00:00","mainEntityOfPage":{"@id":"https:\/\/historiaintelectual.com.ar\/ciclo-2021-nuevas-perspectivas-en-historia-intelectual\/"},"wordCount":229,"publisher":{"@id":"https:\/\/historiaintelectual.com.ar\/#organization"},"image":{"@id":"https:\/\/historiaintelectual.com.ar\/ciclo-2021-nuevas-perspectivas-en-historia-intelectual\/#primaryimage"},"thumbnailUrl":"https:\/\/historiaintelectual.com.ar\/wp-content\/uploads\/2025\/04\/Asset-27-1.svg","articleSection":["Archivo de Actividades","Charlas"],"inLanguage":"en-US"},{"@type":"WebPage","@id":"https:\/\/historiaintelectual.com.ar\/ciclo-2021-nuevas-perspectivas-en-historia-intelectual\/","url":"https:\/\/historiaintelectual.com.ar\/ciclo-2021-nuevas-perspectivas-en-historia-intelectual\/","name":"Ciclo 2021: Nuevas perspectivas en Historia Intelectual &#187; Historia Intelectual","isPartOf":{"@id":"https:\/\/historiaintelectual.com.ar\/#website"},"primaryImageOfPage":{"@id":"https:\/\/historiaintelectual.com.ar\/ciclo-2021-nuevas-perspectivas-en-historia-intelectual\/#primaryimage"},"image":{"@id":"https:\/\/historiaintelectual.com.ar\/ciclo-2021-nuevas-perspectivas-en-historia-intelectual\/#primaryimage"},"thumbnailUrl":"https:\/\/historiaintelectual.com.ar\/wp-content\/uploads\/2025\/04\/Asset-27-1.svg","datePublished":"2026-01-29T21:31:55+00:00","dateModified":"2026-01-29T21:34:04+00:00","breadcrumb":{"@id":"https:\/\/historiaintelectual.com.ar\/ciclo-2021-nuevas-perspectivas-en-historia-intelectual\/#breadcrumb"},"inLanguage":"en-US","potentialAction":[{"@type":"ReadAction","target":["https:\/\/historiaintelectual.com.ar\/ciclo-2021-nuevas-perspectivas-en-historia-intelectual\/"]}]},{"@type":"ImageObject","inLanguage":"en-US","@id":"https:\/\/historiaintelectual.com.ar\/ciclo-2021-nuevas-perspectivas-en-historia-intelectual\/#primaryimage","url":"https:\/\/historiaintelectual.com.ar\/wp-content\/uploads\/2025\/04\/Asset-27-1.svg","contentUrl":"https:\/\/historiaintelectual.com.ar\/wp-content\/uploads\/2025\/04\/Asset-27-1.svg","width":90,"height":90},{"@type":"BreadcrumbList","@id":"https:\/\/historiaintelectual.com.ar\/ciclo-2021-nuevas-perspectivas-en-historia-intelectual\/#breadcrumb","itemListElement":[{"@type":"ListItem","position":1,"name":"Portada","item":"https:\/\/historiaintelectual.com.ar\/"},{"@type":"ListItem","position":2,"name":"Ciclo 2021: Nuevas perspectivas en Historia Intelectual"}]},{"@type":"WebSite","@id":"https:\/\/historiaintelectual.com.ar\/#website","url":"https:\/\/historiaintelectual.com.ar\/","name":"Historia Intelectual","description":"Center for Intellectual History","publisher":{"@id":"https:\/\/historiaintelectual.com.ar\/#organization"},"alternateName":"Centro de historia intelectual","potentialAction":[{"@type":"SearchAction","target":{"@type":"EntryPoint","urlTemplate":"https:\/\/historiaintelectual.com.ar\/?s={search_term_string}"},"query-input":{"@type":"PropertyValueSpecification","valueRequired":true,"valueName":"search_term_string"}}],"inLanguage":"en-US"},{"@type":"Organization","@id":"https:\/\/historiaintelectual.com.ar\/#organization","name":"Centro Historia Intelectual","url":"https:\/\/historiaintelectual.com.ar\/","logo":{"@type":"ImageObject","inLanguage":"en-US","@id":"https:\/\/historiaintelectual.com.ar\/#\/schema\/logo\/image\/","url":"https:\/\/historiaintelectual.com.ar\/wp-content\/uploads\/2025\/04\/logo-25.png","contentUrl":"https:\/\/historiaintelectual.com.ar\/wp-content\/uploads\/2025\/04\/logo-25.png","width":456,"height":456,"caption":"Centro Historia Intelectual"},"image":{"@id":"https:\/\/historiaintelectual.com.ar\/#\/schema\/logo\/image\/"},"sameAs":["https:\/\/www.facebook.com\/Centrodehistoriaintelectual\/","https:\/\/www.youtube.com\/channel\/UCGr8q_2-dchoqKT-jT5Lmfw","https:\/\/www.instagram.com\/chi_unq\/"]},{"@type":"Person","@id":"https:\/\/historiaintelectual.com.ar\/#\/schema\/person\/d9da125a96632badb37d306ed1d2d690","name":"Noel Alvarez","url":"http:\/\/historiaintelectual.com.ar\/eng\/author\/noel\/"}]}},"_links":{"self":[{"href":"http:\/\/historiaintelectual.com.ar\/eng\/wp-json\/wp\/v2\/posts\/11197","targetHints":{"allow":["GET"]}}],"collection":[{"href":"http:\/\/historiaintelectual.com.ar\/eng\/wp-json\/wp\/v2\/posts"}],"about":[{"href":"http:\/\/historiaintelectual.com.ar\/eng\/wp-json\/wp\/v2\/types\/post"}],"author":[{"embeddable":true,"href":"http:\/\/historiaintelectual.com.ar\/eng\/wp-json\/wp\/v2\/users\/96742468"}],"replies":[{"embeddable":true,"href":"http:\/\/historiaintelectual.com.ar\/eng\/wp-json\/wp\/v2\/comments?post=11197"}],"version-history":[{"count":10,"href":"http:\/\/historiaintelectual.com.ar\/eng\/wp-json\/wp\/v2\/posts\/11197\/revisions"}],"predecessor-version":[{"id":11207,"href":"http:\/\/historiaintelectual.com.ar\/eng\/wp-json\/wp\/v2\/posts\/11197\/revisions\/11207"}],"wp:featuredmedia":[{"embeddable":true,"href":"http:\/\/historiaintelectual.com.ar\/eng\/wp-json\/wp\/v2\/media\/7897"}],"wp:attachment":[{"href":"http:\/\/historiaintelectual.com.ar\/eng\/wp-json\/wp\/v2\/media?parent=11197"}],"wp:term":[{"taxonomy":"category","embeddable":true,"href":"http:\/\/historiaintelectual.com.ar\/eng\/wp-json\/wp\/v2\/categories?post=11197"},{"taxonomy":"post_tag","embeddable":true,"href":"http:\/\/historiaintelectual.com.ar\/eng\/wp-json\/wp\/v2\/tags?post=11197"}],"curies":[{"name":"wp","href":"https:\/\/api.w.org\/{rel}","templated":true}]}}