{"id":11185,"date":"2026-01-28T15:41:40","date_gmt":"2026-01-28T18:41:40","guid":{"rendered":"https:\/\/historiaintelectual.com.ar\/?p=11185"},"modified":"2026-01-28T15:48:35","modified_gmt":"2026-01-28T18:48:35","slug":"conferencia-inaugural-de-la-maestria-en-historia-intelectual-2025","status":"publish","type":"post","link":"http:\/\/historiaintelectual.com.ar\/eng\/conferencia-inaugural-de-la-maestria-en-historia-intelectual-2025\/","title":{"rendered":"Conferencia inaugural de la Maestr\u00eda en Historia Intelectual 2025"},"content":{"rendered":"<div data-elementor-type=\"wp-post\" data-elementor-id=\"11185\" class=\"elementor elementor-11185\" data-elementor-post-type=\"post\">\n\t\t\t\t<div class=\"elementor-element elementor-element-08ed315 e-con-full e-flex e-con e-parent\" data-id=\"08ed315\" data-element_type=\"container\" data-e-type=\"container\">\n\t\t\t\t<div class=\"elementor-element elementor-element-9cb12fb elementor-widget elementor-widget-theme-post-title elementor-page-title elementor-widget-heading\" data-id=\"9cb12fb\" data-element_type=\"widget\" data-e-type=\"widget\" data-widget_type=\"theme-post-title.default\">\n\t\t\t\t<div class=\"elementor-widget-container\">\n\t\t\t\t\t<h2 class=\"elementor-heading-title elementor-size-default\">Conferencia inaugural de la Maestr\u00eda en Historia Intelectual 2025<\/h2>\t\t\t\t<\/div>\n\t\t\t\t<\/div>\n\t\t\t\t<div class=\"elementor-element elementor-element-0170ac0 elementor-widget__width-inherit elementor-widget elementor-widget-image\" data-id=\"0170ac0\" data-element_type=\"widget\" data-e-type=\"widget\" data-widget_type=\"image.default\">\n\t\t\t\t<div class=\"elementor-widget-container\">\n\t\t\t\t\t\t\t\t\t\t\t\t\t\t\t<img fetchpriority=\"high\" decoding=\"async\" width=\"768\" height=\"507\" src=\"https:\/\/historiaintelectual.com.ar\/wp-content\/uploads\/2026\/01\/Rojas-768x507.png\" class=\"attachment-medium_large size-medium_large wp-image-11186\" alt=\"Rafael Rojas\" srcset=\"https:\/\/historiaintelectual.com.ar\/wp-content\/uploads\/2026\/01\/Rojas-768x507.png 768w, https:\/\/historiaintelectual.com.ar\/wp-content\/uploads\/2026\/01\/Rojas-300x198.png 300w, https:\/\/historiaintelectual.com.ar\/wp-content\/uploads\/2026\/01\/Rojas-1024x676.png 1024w, https:\/\/historiaintelectual.com.ar\/wp-content\/uploads\/2026\/01\/Rojas-18x12.png 18w, https:\/\/historiaintelectual.com.ar\/wp-content\/uploads\/2026\/01\/Rojas.png 1130w\" sizes=\"(max-width: 768px) 100vw, 768px\" \/>\t\t\t\t\t\t\t\t\t\t\t\t\t\t\t<\/div>\n\t\t\t\t<\/div>\n\t\t\t\t<div class=\"elementor-element elementor-element-4a4018c elementor-widget elementor-widget-text-editor\" data-id=\"4a4018c\" data-element_type=\"widget\" data-e-type=\"widget\" data-widget_type=\"text-editor.default\">\n\t\t\t\t<div class=\"elementor-widget-container\">\n\t\t\t\t\t\t\t\t\t<p><span style=\"font-weight: 400;\">En ocasi\u00f3n de la apertura del ciclo 2025, el historiador cubano, <a href=\"https:\/\/ceh.colmex.mx\/es\/personal-academico\/rojas-rafael\/semblanza\" target=\"_blank\" rel=\"noopener\">Rafael Rojas<\/a>, dict\u00f3 la conferencia inaugural de la Maestr\u00eda en Historia Intelectual de la Universidad Nacional de Quilmes (UNQ).\u00a0<\/span><\/p><p><span style=\"font-weight: 400;\"> Rafael Rojas es profesor e investigador del Centro de Estudios Hist\u00f3ricos del COLMEX (Colegio de M\u00e9xico) y director de la revista Historia Mexicana. Su disertaci\u00f3n abord\u00f3 los debates historiogr\u00e1ficos alrededor de la Guerra Fr\u00eda en Am\u00e9rica Latina.\u00a0<\/span><\/p>\t\t\t\t\t\t\t\t<\/div>\n\t\t\t\t<\/div>\n\t\t\t\t<div class=\"elementor-element elementor-element-65fb15b elementor-widget elementor-widget-video\" data-id=\"65fb15b\" data-element_type=\"widget\" data-e-type=\"widget\" data-settings=\"{&quot;youtube_url&quot;:&quot;https:\\\/\\\/www.youtube.com\\\/watch?v=Y9hGLukjCC8&quot;,&quot;video_type&quot;:&quot;youtube&quot;,&quot;controls&quot;:&quot;yes&quot;}\" data-widget_type=\"video.default\">\n\t\t\t\t<div class=\"elementor-widget-container\">\n\t\t\t\t\t\t\t<div class=\"elementor-wrapper elementor-open-inline\">\n\t\t\t<div class=\"elementor-video\"><\/div>\t\t<\/div>\n\t\t\t\t\t\t<\/div>\n\t\t\t\t<\/div>\n\t\t\t\t<div class=\"elementor-element elementor-element-2febe33 elementor-widget elementor-widget-text-editor\" data-id=\"2febe33\" data-element_type=\"widget\" data-e-type=\"widget\" data-widget_type=\"text-editor.default\">\n\t\t\t\t<div class=\"elementor-widget-container\">\n\t\t\t\t\t\t\t\t\t<p><span style=\"font-weight: 400;\">Para mayor informaci\u00f3n sobre la Maestr\u00eda en Historia Intelectual, consultar en este <a href=\"https:\/\/historiaintelectual.com.ar\/eng\/maestria-2\/\">enlace. <\/a><\/span><\/p>\t\t\t\t\t\t\t\t<\/div>\n\t\t\t\t<\/div>\n\t\t\t\t<\/div>\n\t\t<div class=\"elementor-element elementor-element-8e8e3b9 e-flex e-con-boxed e-con e-parent\" data-id=\"8e8e3b9\" data-element_type=\"container\" data-e-type=\"container\">\n\t\t\t\t\t<div class=\"e-con-inner\">\n\t\t\t\t\t<\/div>\n\t\t\t\t<\/div>\n\t\t\t\t<\/div>","protected":false},"excerpt":{"rendered":"<p>En ocasi\u00f3n de la apertura del ciclo 2025, el historiador cubano, Rafael Rojas, dict\u00f3 la conferencia inaugural de la Maestr\u00eda en Historia Intelectual de la Universidad Nacional de Quilmes (UNQ).\u00a0 Rafael Rojas es profesor e investigador del Centro de Estudios Hist\u00f3ricos del COLMEX (Colegio de M\u00e9xico) y director de la revista Historia Mexicana. Su disertaci\u00f3n [&hellip;]<\/p>\n","protected":false},"author":96742469,"featured_media":11186,"comment_status":"closed","ping_status":"closed","sticky":false,"template":"","format":"standard","meta":{"footnotes":""},"categories":[93,252],"tags":[],"class_list":["post-11185","post","type-post","status-publish","format-standard","has-post-thumbnail","hentry","category-archivo-de-actividades","category-charlas"],"yoast_head":"<!-- This site is optimized with the Yoast SEO plugin v27.3 - https:\/\/yoast.com\/product\/yoast-seo-wordpress\/ -->\n<title>Conferencia inaugural de la Maestr\u00eda en Historia Intelectual 2025 &#187; Historia Intelectual<\/title>\n<meta name=\"robots\" content=\"index, follow, max-snippet:-1, max-image-preview:large, max-video-preview:-1\" \/>\n<link rel=\"canonical\" href=\"https:\/\/historiaintelectual.com.ar\/eng\/conferencia-inaugural-de-la-maestria-en-historia-intelectual-2025\/\" \/>\n<meta property=\"og:locale\" content=\"en_US\" \/>\n<meta property=\"og:type\" content=\"article\" \/>\n<meta property=\"og:title\" content=\"Conferencia inaugural de la Maestr\u00eda en Historia Intelectual 2025 &#187; Historia Intelectual\" \/>\n<meta property=\"og:description\" content=\"En ocasi\u00f3n de la apertura del ciclo 2025, el historiador cubano, Rafael Rojas, dict\u00f3 la conferencia inaugural de la Maestr\u00eda en Historia Intelectual de la Universidad Nacional de Quilmes (UNQ).\u00a0 Rafael Rojas es profesor e investigador del Centro de Estudios Hist\u00f3ricos del COLMEX (Colegio de M\u00e9xico) y director de la revista Historia Mexicana. Su disertaci\u00f3n [&hellip;]\" \/>\n<meta property=\"og:url\" content=\"https:\/\/historiaintelectual.com.ar\/eng\/conferencia-inaugural-de-la-maestria-en-historia-intelectual-2025\/\" \/>\n<meta property=\"og:site_name\" content=\"Historia Intelectual\" \/>\n<meta property=\"article:publisher\" content=\"https:\/\/www.facebook.com\/Centrodehistoriaintelectual\/\" \/>\n<meta property=\"article:published_time\" content=\"2026-01-28T18:41:40+00:00\" \/>\n<meta property=\"article:modified_time\" content=\"2026-01-28T18:48:35+00:00\" \/>\n<meta property=\"og:image\" content=\"https:\/\/historiaintelectual.com.ar\/wp-content\/uploads\/2026\/01\/Rojas.png\" \/>\n\t<meta property=\"og:image:width\" content=\"1130\" \/>\n\t<meta property=\"og:image:height\" content=\"746\" \/>\n\t<meta property=\"og:image:type\" content=\"image\/png\" \/>\n<meta name=\"author\" content=\"Comunicacion y Redes CHI\" \/>\n<script type=\"application\/ld+json\" class=\"yoast-schema-graph\">{\"@context\":\"https:\\\/\\\/schema.org\",\"@graph\":[{\"@type\":\"Article\",\"@id\":\"https:\\\/\\\/historiaintelectual.com.ar\\\/conferencia-inaugural-de-la-maestria-en-historia-intelectual-2025\\\/#article\",\"isPartOf\":{\"@id\":\"https:\\\/\\\/historiaintelectual.com.ar\\\/conferencia-inaugural-de-la-maestria-en-historia-intelectual-2025\\\/\"},\"author\":{\"name\":\"Comunicacion y Redes CHI\",\"@id\":\"https:\\\/\\\/historiaintelectual.com.ar\\\/#\\\/schema\\\/person\\\/769229088e15d859c56fef3de86ed3c8\"},\"headline\":\"Conferencia inaugural de la Maestr\u00eda en Historia Intelectual 2025\",\"datePublished\":\"2026-01-28T18:41:40+00:00\",\"dateModified\":\"2026-01-28T18:48:35+00:00\",\"mainEntityOfPage\":{\"@id\":\"https:\\\/\\\/historiaintelectual.com.ar\\\/conferencia-inaugural-de-la-maestria-en-historia-intelectual-2025\\\/\"},\"wordCount\":106,\"publisher\":{\"@id\":\"https:\\\/\\\/historiaintelectual.com.ar\\\/#organization\"},\"image\":{\"@id\":\"https:\\\/\\\/historiaintelectual.com.ar\\\/conferencia-inaugural-de-la-maestria-en-historia-intelectual-2025\\\/#primaryimage\"},\"thumbnailUrl\":\"https:\\\/\\\/historiaintelectual.com.ar\\\/wp-content\\\/uploads\\\/2026\\\/01\\\/Rojas.png\",\"articleSection\":[\"Archivo de Actividades\",\"Charlas\"],\"inLanguage\":\"en-US\"},{\"@type\":\"WebPage\",\"@id\":\"https:\\\/\\\/historiaintelectual.com.ar\\\/conferencia-inaugural-de-la-maestria-en-historia-intelectual-2025\\\/\",\"url\":\"https:\\\/\\\/historiaintelectual.com.ar\\\/conferencia-inaugural-de-la-maestria-en-historia-intelectual-2025\\\/\",\"name\":\"Conferencia inaugural de la Maestr\u00eda en Historia Intelectual 2025 &#187; Historia Intelectual\",\"isPartOf\":{\"@id\":\"https:\\\/\\\/historiaintelectual.com.ar\\\/#website\"},\"primaryImageOfPage\":{\"@id\":\"https:\\\/\\\/historiaintelectual.com.ar\\\/conferencia-inaugural-de-la-maestria-en-historia-intelectual-2025\\\/#primaryimage\"},\"image\":{\"@id\":\"https:\\\/\\\/historiaintelectual.com.ar\\\/conferencia-inaugural-de-la-maestria-en-historia-intelectual-2025\\\/#primaryimage\"},\"thumbnailUrl\":\"https:\\\/\\\/historiaintelectual.com.ar\\\/wp-content\\\/uploads\\\/2026\\\/01\\\/Rojas.png\",\"datePublished\":\"2026-01-28T18:41:40+00:00\",\"dateModified\":\"2026-01-28T18:48:35+00:00\",\"breadcrumb\":{\"@id\":\"https:\\\/\\\/historiaintelectual.com.ar\\\/conferencia-inaugural-de-la-maestria-en-historia-intelectual-2025\\\/#breadcrumb\"},\"inLanguage\":\"en-US\",\"potentialAction\":[{\"@type\":\"ReadAction\",\"target\":[\"https:\\\/\\\/historiaintelectual.com.ar\\\/conferencia-inaugural-de-la-maestria-en-historia-intelectual-2025\\\/\"]}]},{\"@type\":\"ImageObject\",\"inLanguage\":\"en-US\",\"@id\":\"https:\\\/\\\/historiaintelectual.com.ar\\\/conferencia-inaugural-de-la-maestria-en-historia-intelectual-2025\\\/#primaryimage\",\"url\":\"https:\\\/\\\/historiaintelectual.com.ar\\\/wp-content\\\/uploads\\\/2026\\\/01\\\/Rojas.png\",\"contentUrl\":\"https:\\\/\\\/historiaintelectual.com.ar\\\/wp-content\\\/uploads\\\/2026\\\/01\\\/Rojas.png\",\"width\":1130,\"height\":746,\"caption\":\"Rafael Rojas\"},{\"@type\":\"BreadcrumbList\",\"@id\":\"https:\\\/\\\/historiaintelectual.com.ar\\\/conferencia-inaugural-de-la-maestria-en-historia-intelectual-2025\\\/#breadcrumb\",\"itemListElement\":[{\"@type\":\"ListItem\",\"position\":1,\"name\":\"Portada\",\"item\":\"https:\\\/\\\/historiaintelectual.com.ar\\\/\"},{\"@type\":\"ListItem\",\"position\":2,\"name\":\"Conferencia inaugural de la Maestr\u00eda en Historia Intelectual 2025\"}]},{\"@type\":\"WebSite\",\"@id\":\"https:\\\/\\\/historiaintelectual.com.ar\\\/#website\",\"url\":\"https:\\\/\\\/historiaintelectual.com.ar\\\/\",\"name\":\"Historia Intelectual\",\"description\":\"Centro de Historia Intelectual\",\"publisher\":{\"@id\":\"https:\\\/\\\/historiaintelectual.com.ar\\\/#organization\"},\"alternateName\":\"Centro de historia intelectual\",\"potentialAction\":[{\"@type\":\"SearchAction\",\"target\":{\"@type\":\"EntryPoint\",\"urlTemplate\":\"https:\\\/\\\/historiaintelectual.com.ar\\\/?s={search_term_string}\"},\"query-input\":{\"@type\":\"PropertyValueSpecification\",\"valueRequired\":true,\"valueName\":\"search_term_string\"}}],\"inLanguage\":\"en-US\"},{\"@type\":\"Organization\",\"@id\":\"https:\\\/\\\/historiaintelectual.com.ar\\\/#organization\",\"name\":\"Centro Historia Intelectual\",\"url\":\"https:\\\/\\\/historiaintelectual.com.ar\\\/\",\"logo\":{\"@type\":\"ImageObject\",\"inLanguage\":\"en-US\",\"@id\":\"https:\\\/\\\/historiaintelectual.com.ar\\\/#\\\/schema\\\/logo\\\/image\\\/\",\"url\":\"https:\\\/\\\/historiaintelectual.com.ar\\\/wp-content\\\/uploads\\\/2025\\\/04\\\/logo-25.png\",\"contentUrl\":\"https:\\\/\\\/historiaintelectual.com.ar\\\/wp-content\\\/uploads\\\/2025\\\/04\\\/logo-25.png\",\"width\":456,\"height\":456,\"caption\":\"Centro Historia Intelectual\"},\"image\":{\"@id\":\"https:\\\/\\\/historiaintelectual.com.ar\\\/#\\\/schema\\\/logo\\\/image\\\/\"},\"sameAs\":[\"https:\\\/\\\/www.facebook.com\\\/Centrodehistoriaintelectual\\\/\",\"https:\\\/\\\/www.youtube.com\\\/channel\\\/UCGr8q_2-dchoqKT-jT5Lmfw\",\"https:\\\/\\\/www.instagram.com\\\/chi_unq\\\/\"]},{\"@type\":\"Person\",\"@id\":\"https:\\\/\\\/historiaintelectual.com.ar\\\/#\\\/schema\\\/person\\\/769229088e15d859c56fef3de86ed3c8\",\"name\":\"Comunicacion y Redes CHI\",\"url\":\"http:\\\/\\\/historiaintelectual.com.ar\\\/eng\\\/author\\\/comunicacion\\\/\"}]}<\/script>\n<!-- \/ Yoast SEO plugin. -->","yoast_head_json":{"title":"Conferencia inaugural de la Maestr\u00eda en Historia Intelectual 2025 &#187; Historia Intelectual","robots":{"index":"index","follow":"follow","max-snippet":"max-snippet:-1","max-image-preview":"max-image-preview:large","max-video-preview":"max-video-preview:-1"},"canonical":"https:\/\/historiaintelectual.com.ar\/eng\/conferencia-inaugural-de-la-maestria-en-historia-intelectual-2025\/","og_locale":"en_US","og_type":"article","og_title":"Conferencia inaugural de la Maestr\u00eda en Historia Intelectual 2025 &#187; Historia Intelectual","og_description":"En ocasi\u00f3n de la apertura del ciclo 2025, el historiador cubano, Rafael Rojas, dict\u00f3 la conferencia inaugural de la Maestr\u00eda en Historia Intelectual de la Universidad Nacional de Quilmes (UNQ).\u00a0 Rafael Rojas es profesor e investigador del Centro de Estudios Hist\u00f3ricos del COLMEX (Colegio de M\u00e9xico) y director de la revista Historia Mexicana. Su disertaci\u00f3n [&hellip;]","og_url":"https:\/\/historiaintelectual.com.ar\/eng\/conferencia-inaugural-de-la-maestria-en-historia-intelectual-2025\/","og_site_name":"Historia Intelectual","article_publisher":"https:\/\/www.facebook.com\/Centrodehistoriaintelectual\/","article_published_time":"2026-01-28T18:41:40+00:00","article_modified_time":"2026-01-28T18:48:35+00:00","og_image":[{"width":1130,"height":746,"url":"https:\/\/historiaintelectual.com.ar\/wp-content\/uploads\/2026\/01\/Rojas.png","type":"image\/png"}],"author":"Comunicacion y Redes CHI","schema":{"@context":"https:\/\/schema.org","@graph":[{"@type":"Article","@id":"https:\/\/historiaintelectual.com.ar\/conferencia-inaugural-de-la-maestria-en-historia-intelectual-2025\/#article","isPartOf":{"@id":"https:\/\/historiaintelectual.com.ar\/conferencia-inaugural-de-la-maestria-en-historia-intelectual-2025\/"},"author":{"name":"Comunicacion y Redes CHI","@id":"https:\/\/historiaintelectual.com.ar\/#\/schema\/person\/769229088e15d859c56fef3de86ed3c8"},"headline":"Conferencia inaugural de la Maestr\u00eda en Historia Intelectual 2025","datePublished":"2026-01-28T18:41:40+00:00","dateModified":"2026-01-28T18:48:35+00:00","mainEntityOfPage":{"@id":"https:\/\/historiaintelectual.com.ar\/conferencia-inaugural-de-la-maestria-en-historia-intelectual-2025\/"},"wordCount":106,"publisher":{"@id":"https:\/\/historiaintelectual.com.ar\/#organization"},"image":{"@id":"https:\/\/historiaintelectual.com.ar\/conferencia-inaugural-de-la-maestria-en-historia-intelectual-2025\/#primaryimage"},"thumbnailUrl":"https:\/\/historiaintelectual.com.ar\/wp-content\/uploads\/2026\/01\/Rojas.png","articleSection":["Archivo de Actividades","Charlas"],"inLanguage":"en-US"},{"@type":"WebPage","@id":"https:\/\/historiaintelectual.com.ar\/conferencia-inaugural-de-la-maestria-en-historia-intelectual-2025\/","url":"https:\/\/historiaintelectual.com.ar\/conferencia-inaugural-de-la-maestria-en-historia-intelectual-2025\/","name":"Conferencia inaugural de la Maestr\u00eda en Historia Intelectual 2025 &#187; Historia Intelectual","isPartOf":{"@id":"https:\/\/historiaintelectual.com.ar\/#website"},"primaryImageOfPage":{"@id":"https:\/\/historiaintelectual.com.ar\/conferencia-inaugural-de-la-maestria-en-historia-intelectual-2025\/#primaryimage"},"image":{"@id":"https:\/\/historiaintelectual.com.ar\/conferencia-inaugural-de-la-maestria-en-historia-intelectual-2025\/#primaryimage"},"thumbnailUrl":"https:\/\/historiaintelectual.com.ar\/wp-content\/uploads\/2026\/01\/Rojas.png","datePublished":"2026-01-28T18:41:40+00:00","dateModified":"2026-01-28T18:48:35+00:00","breadcrumb":{"@id":"https:\/\/historiaintelectual.com.ar\/conferencia-inaugural-de-la-maestria-en-historia-intelectual-2025\/#breadcrumb"},"inLanguage":"en-US","potentialAction":[{"@type":"ReadAction","target":["https:\/\/historiaintelectual.com.ar\/conferencia-inaugural-de-la-maestria-en-historia-intelectual-2025\/"]}]},{"@type":"ImageObject","inLanguage":"en-US","@id":"https:\/\/historiaintelectual.com.ar\/conferencia-inaugural-de-la-maestria-en-historia-intelectual-2025\/#primaryimage","url":"https:\/\/historiaintelectual.com.ar\/wp-content\/uploads\/2026\/01\/Rojas.png","contentUrl":"https:\/\/historiaintelectual.com.ar\/wp-content\/uploads\/2026\/01\/Rojas.png","width":1130,"height":746,"caption":"Rafael Rojas"},{"@type":"BreadcrumbList","@id":"https:\/\/historiaintelectual.com.ar\/conferencia-inaugural-de-la-maestria-en-historia-intelectual-2025\/#breadcrumb","itemListElement":[{"@type":"ListItem","position":1,"name":"Portada","item":"https:\/\/historiaintelectual.com.ar\/"},{"@type":"ListItem","position":2,"name":"Conferencia inaugural de la Maestr\u00eda en Historia Intelectual 2025"}]},{"@type":"WebSite","@id":"https:\/\/historiaintelectual.com.ar\/#website","url":"https:\/\/historiaintelectual.com.ar\/","name":"Historia Intelectual","description":"Center for Intellectual History","publisher":{"@id":"https:\/\/historiaintelectual.com.ar\/#organization"},"alternateName":"Centro de historia intelectual","potentialAction":[{"@type":"SearchAction","target":{"@type":"EntryPoint","urlTemplate":"https:\/\/historiaintelectual.com.ar\/?s={search_term_string}"},"query-input":{"@type":"PropertyValueSpecification","valueRequired":true,"valueName":"search_term_string"}}],"inLanguage":"en-US"},{"@type":"Organization","@id":"https:\/\/historiaintelectual.com.ar\/#organization","name":"Centro Historia Intelectual","url":"https:\/\/historiaintelectual.com.ar\/","logo":{"@type":"ImageObject","inLanguage":"en-US","@id":"https:\/\/historiaintelectual.com.ar\/#\/schema\/logo\/image\/","url":"https:\/\/historiaintelectual.com.ar\/wp-content\/uploads\/2025\/04\/logo-25.png","contentUrl":"https:\/\/historiaintelectual.com.ar\/wp-content\/uploads\/2025\/04\/logo-25.png","width":456,"height":456,"caption":"Centro Historia Intelectual"},"image":{"@id":"https:\/\/historiaintelectual.com.ar\/#\/schema\/logo\/image\/"},"sameAs":["https:\/\/www.facebook.com\/Centrodehistoriaintelectual\/","https:\/\/www.youtube.com\/channel\/UCGr8q_2-dchoqKT-jT5Lmfw","https:\/\/www.instagram.com\/chi_unq\/"]},{"@type":"Person","@id":"https:\/\/historiaintelectual.com.ar\/#\/schema\/person\/769229088e15d859c56fef3de86ed3c8","name":"Comunicacion y Redes CHI","url":"http:\/\/historiaintelectual.com.ar\/eng\/author\/comunicacion\/"}]}},"_links":{"self":[{"href":"http:\/\/historiaintelectual.com.ar\/eng\/wp-json\/wp\/v2\/posts\/11185","targetHints":{"allow":["GET"]}}],"collection":[{"href":"http:\/\/historiaintelectual.com.ar\/eng\/wp-json\/wp\/v2\/posts"}],"about":[{"href":"http:\/\/historiaintelectual.com.ar\/eng\/wp-json\/wp\/v2\/types\/post"}],"author":[{"embeddable":true,"href":"http:\/\/historiaintelectual.com.ar\/eng\/wp-json\/wp\/v2\/users\/96742469"}],"replies":[{"embeddable":true,"href":"http:\/\/historiaintelectual.com.ar\/eng\/wp-json\/wp\/v2\/comments?post=11185"}],"version-history":[{"count":6,"href":"http:\/\/historiaintelectual.com.ar\/eng\/wp-json\/wp\/v2\/posts\/11185\/revisions"}],"predecessor-version":[{"id":11192,"href":"http:\/\/historiaintelectual.com.ar\/eng\/wp-json\/wp\/v2\/posts\/11185\/revisions\/11192"}],"wp:featuredmedia":[{"embeddable":true,"href":"http:\/\/historiaintelectual.com.ar\/eng\/wp-json\/wp\/v2\/media\/11186"}],"wp:attachment":[{"href":"http:\/\/historiaintelectual.com.ar\/eng\/wp-json\/wp\/v2\/media?parent=11185"}],"wp:term":[{"taxonomy":"category","embeddable":true,"href":"http:\/\/historiaintelectual.com.ar\/eng\/wp-json\/wp\/v2\/categories?post=11185"},{"taxonomy":"post_tag","embeddable":true,"href":"http:\/\/historiaintelectual.com.ar\/eng\/wp-json\/wp\/v2\/tags?post=11185"}],"curies":[{"name":"wp","href":"https:\/\/api.w.org\/{rel}","templated":true}]}}