{"id":11160,"date":"2025-12-23T11:40:23","date_gmt":"2025-12-23T14:40:23","guid":{"rendered":"https:\/\/historiaintelectual.com.ar\/?p=11160"},"modified":"2026-03-04T14:45:50","modified_gmt":"2026-03-04T17:45:50","slug":"nuevo-libro-de-carlos-altamirano","status":"publish","type":"post","link":"http:\/\/historiaintelectual.com.ar\/eng\/nuevo-libro-de-carlos-altamirano\/","title":{"rendered":"Nuevo libro de Carlos Altamirano"},"content":{"rendered":"<div data-elementor-type=\"wp-post\" data-elementor-id=\"11160\" class=\"elementor elementor-11160\" data-elementor-post-type=\"post\">\n\t\t\t\t<div class=\"elementor-element elementor-element-08ed315 e-con-full e-flex e-con e-parent\" data-id=\"08ed315\" data-element_type=\"container\" data-e-type=\"container\">\n\t\t\t\t<div class=\"elementor-element elementor-element-9cb12fb elementor-widget elementor-widget-theme-post-title elementor-page-title elementor-widget-heading\" data-id=\"9cb12fb\" data-element_type=\"widget\" data-e-type=\"widget\" data-widget_type=\"theme-post-title.default\">\n\t\t\t\t<div class=\"elementor-widget-container\">\n\t\t\t\t\t<h2 class=\"elementor-heading-title elementor-size-default\">Nuevo libro de Carlos Altamirano<\/h2>\t\t\t\t<\/div>\n\t\t\t\t<\/div>\n\t\t\t\t<div class=\"elementor-element elementor-element-0170ac0 elementor-widget__width-inherit elementor-widget elementor-widget-image\" data-id=\"0170ac0\" data-element_type=\"widget\" data-e-type=\"widget\" data-widget_type=\"image.default\">\n\t\t\t\t<div class=\"elementor-widget-container\">\n\t\t\t\t\t\t\t\t\t\t\t\t\t\t\t<img fetchpriority=\"high\" decoding=\"async\" width=\"768\" height=\"1223\" src=\"https:\/\/historiaintelectual.com.ar\/wp-content\/uploads\/2020\/10\/Altamirano_Leer-y-escribir-768x1223.jpg\" class=\"attachment-medium_large size-medium_large wp-image-11155\" alt=\"Altamirano Leer y escribir, 2025\" srcset=\"https:\/\/historiaintelectual.com.ar\/wp-content\/uploads\/2020\/10\/Altamirano_Leer-y-escribir-768x1223.jpg 768w, https:\/\/historiaintelectual.com.ar\/wp-content\/uploads\/2020\/10\/Altamirano_Leer-y-escribir-188x300.jpg 188w, https:\/\/historiaintelectual.com.ar\/wp-content\/uploads\/2020\/10\/Altamirano_Leer-y-escribir-643x1024.jpg 643w, https:\/\/historiaintelectual.com.ar\/wp-content\/uploads\/2020\/10\/Altamirano_Leer-y-escribir-965x1536.jpg 965w, https:\/\/historiaintelectual.com.ar\/wp-content\/uploads\/2020\/10\/Altamirano_Leer-y-escribir-8x12.jpg 8w, https:\/\/historiaintelectual.com.ar\/wp-content\/uploads\/2020\/10\/Altamirano_Leer-y-escribir.jpg 1176w\" sizes=\"(max-width: 768px) 100vw, 768px\" \/>\t\t\t\t\t\t\t\t\t\t\t\t\t\t\t<\/div>\n\t\t\t\t<\/div>\n\t\t\t\t<div class=\"elementor-element elementor-element-4a4018c elementor-widget elementor-widget-text-editor\" data-id=\"4a4018c\" data-element_type=\"widget\" data-e-type=\"widget\" data-widget_type=\"text-editor.default\">\n\t\t\t\t<div class=\"elementor-widget-container\">\n\t\t\t\t\t\t\t\t\t<p><span style=\"font-weight: 400;\">Celebramos el cierre del a\u00f1o con una novedad editorial: <\/span><i><span style=\"font-weight: 400;\">Leer y escribir<\/span><\/i><span style=\"font-weight: 400;\">, de Carlos Altamirano (2025, Editorial UNL). <\/span><span style=\"font-weight: 400;\">A modo de radiograf\u00eda intelectual, este libro re\u00fane una serie de textos que delinean la trayectoria cr\u00edtica de Altamirano y retoman una l\u00ednea de trabajo que cruza <\/span><b>historia intelectual<\/b><span style=\"font-weight: 400;\">, <\/span><b>pol\u00edtica<\/b><span style=\"font-weight: 400;\"> and <\/span><b>sociolog\u00eda de la literatura<\/b><span style=\"font-weight: 400;\">. El libro incluye, entre otros: \u201cSobre Edward Said\u201d (2004), \u201cUn pr\u00f3logo para el <\/span><i><span style=\"font-weight: 400;\">Facundo<\/span><\/i><span style=\"font-weight: 400;\">\u201d (2005), \u201cDe la historia pol\u00edtica a la historia intelectual: reactivaciones y renovaciones\u201d (2005), \u201cJos\u00e9 Aric\u00f3 y la primera parte de <\/span><i><span style=\"font-weight: 400;\">Pasado y Presente<\/span><\/i><span style=\"font-weight: 400;\">, 1963-1965\u201d (2012), \u201cLa novela de formaci\u00f3n de un historiador (sobre <\/span><i><span style=\"font-weight: 400;\">Son memorias<\/span><\/i><span style=\"font-weight: 400;\">, de Tulio Halperin Donghi)\u201d (2012) y \u201cIzquierda(s): breve ensayo sobre la gestaci\u00f3n del lenguaje pol\u00edtico moderno\u201d (2020).<\/span><\/p><p><i><span style=\"font-weight: 400;\">Leer y escribir<\/span><\/i><span style=\"font-weight: 400;\"> se present\u00f3 en la Facultad de Humanidades y Ciencias de la Universidad Nacional del Litoral el 28 de noviembre de 2025, en un di\u00e1logo en el que participaron investigadores y profesores de esa instituci\u00f3n: Pamela Sosa (UNL), Esteban Kaipl (UNL) y Daniel Comba (UNL).\u00a0<\/span><\/p>\t\t\t\t\t\t\t\t<\/div>\n\t\t\t\t<\/div>\n\t\t\t\t<div class=\"elementor-element elementor-element-57f83e4 elementor-widget elementor-widget-video\" data-id=\"57f83e4\" data-element_type=\"widget\" data-e-type=\"widget\" data-settings=\"{&quot;youtube_url&quot;:&quot;https:\\\/\\\/www.youtube.com\\\/watch?v=h63haiBZ4l8&quot;,&quot;video_type&quot;:&quot;youtube&quot;,&quot;controls&quot;:&quot;yes&quot;}\" data-widget_type=\"video.default\">\n\t\t\t\t<div class=\"elementor-widget-container\">\n\t\t\t\t\t\t\t<div class=\"elementor-wrapper elementor-open-inline\">\n\t\t\t<div class=\"elementor-video\"><\/div>\t\t<\/div>\n\t\t\t\t\t\t<\/div>\n\t\t\t\t<\/div>\n\t\t\t\t<div class=\"elementor-element elementor-element-8b7c813 elementor-widget elementor-widget-text-editor\" data-id=\"8b7c813\" data-element_type=\"widget\" data-e-type=\"widget\" data-widget_type=\"text-editor.default\">\n\t\t\t\t<div class=\"elementor-widget-container\">\n\t\t\t\t\t\t\t\t\t<p><span style=\"font-weight: 400;\">Se consigue en la librer\u00eda de la UNL y pr\u00f3ximamente en otras librer\u00edas del pa\u00eds. M\u00e1s informaci\u00f3n: <\/span><a href=\"https:\/\/www.unl.edu.ar\/edicionesunl\/\"><span style=\"font-weight: 400;\">https:\/\/www.unl.edu.ar\/edicionesunl\/<\/span><\/a><\/p>\t\t\t\t\t\t\t\t<\/div>\n\t\t\t\t<\/div>\n\t\t\t\t<\/div>\n\t\t<div class=\"elementor-element elementor-element-8e8e3b9 e-flex e-con-boxed e-con e-parent\" data-id=\"8e8e3b9\" data-element_type=\"container\" data-e-type=\"container\">\n\t\t\t\t\t<div class=\"e-con-inner\">\n\t\t\t\t\t<\/div>\n\t\t\t\t<\/div>\n\t\t\t\t<\/div>","protected":false},"excerpt":{"rendered":"<p>Leer y escribir se present\u00f3 en la Universidad Nacional del Litoral, Santa Fe (Argentina). <\/p>","protected":false},"author":96742469,"featured_media":11155,"comment_status":"closed","ping_status":"closed","sticky":false,"template":"","format":"standard","meta":{"footnotes":""},"categories":[93,254],"tags":[],"class_list":["post-11160","post","type-post","status-publish","format-standard","has-post-thumbnail","hentry","category-archivo-de-actividades","category-presentaciones-de-libros"],"yoast_head":"<!-- This site is optimized with the Yoast SEO plugin v27.3 - https:\/\/yoast.com\/product\/yoast-seo-wordpress\/ -->\n<title>Nuevo libro de Carlos Altamirano &#187; Historia Intelectual<\/title>\n<meta name=\"robots\" content=\"index, follow, max-snippet:-1, max-image-preview:large, max-video-preview:-1\" \/>\n<link rel=\"canonical\" href=\"https:\/\/historiaintelectual.com.ar\/eng\/nuevo-libro-de-carlos-altamirano\/\" \/>\n<meta property=\"og:locale\" content=\"en_US\" \/>\n<meta property=\"og:type\" content=\"article\" \/>\n<meta property=\"og:title\" content=\"Nuevo libro de Carlos Altamirano &#187; Historia Intelectual\" \/>\n<meta property=\"og:description\" content=\"Leer y escribir se present\u00f3 en la Universidad Nacional del Litoral, Santa Fe (Argentina).\" \/>\n<meta property=\"og:url\" content=\"https:\/\/historiaintelectual.com.ar\/eng\/nuevo-libro-de-carlos-altamirano\/\" \/>\n<meta property=\"og:site_name\" content=\"Historia Intelectual\" \/>\n<meta property=\"article:publisher\" content=\"https:\/\/www.facebook.com\/Centrodehistoriaintelectual\/\" \/>\n<meta property=\"article:published_time\" content=\"2025-12-23T14:40:23+00:00\" \/>\n<meta property=\"article:modified_time\" content=\"2026-03-04T17:45:50+00:00\" \/>\n<meta property=\"og:image\" content=\"https:\/\/historiaintelectual.com.ar\/wp-content\/uploads\/2020\/10\/Altamirano_Leer-y-escribir.jpg\" \/>\n\t<meta property=\"og:image:width\" content=\"1176\" \/>\n\t<meta property=\"og:image:height\" content=\"1872\" \/>\n\t<meta property=\"og:image:type\" content=\"image\/jpeg\" \/>\n<meta name=\"author\" content=\"Comunicacion y Redes CHI\" \/>\n<script type=\"application\/ld+json\" class=\"yoast-schema-graph\">{\"@context\":\"https:\\\/\\\/schema.org\",\"@graph\":[{\"@type\":\"Article\",\"@id\":\"https:\\\/\\\/historiaintelectual.com.ar\\\/nuevo-libro-de-carlos-altamirano\\\/#article\",\"isPartOf\":{\"@id\":\"https:\\\/\\\/historiaintelectual.com.ar\\\/nuevo-libro-de-carlos-altamirano\\\/\"},\"author\":{\"name\":\"Comunicacion y Redes CHI\",\"@id\":\"https:\\\/\\\/historiaintelectual.com.ar\\\/#\\\/schema\\\/person\\\/769229088e15d859c56fef3de86ed3c8\"},\"headline\":\"Nuevo libro de Carlos Altamirano\",\"datePublished\":\"2025-12-23T14:40:23+00:00\",\"dateModified\":\"2026-03-04T17:45:50+00:00\",\"mainEntityOfPage\":{\"@id\":\"https:\\\/\\\/historiaintelectual.com.ar\\\/nuevo-libro-de-carlos-altamirano\\\/\"},\"wordCount\":215,\"publisher\":{\"@id\":\"https:\\\/\\\/historiaintelectual.com.ar\\\/#organization\"},\"image\":{\"@id\":\"https:\\\/\\\/historiaintelectual.com.ar\\\/nuevo-libro-de-carlos-altamirano\\\/#primaryimage\"},\"thumbnailUrl\":\"https:\\\/\\\/historiaintelectual.com.ar\\\/wp-content\\\/uploads\\\/2020\\\/10\\\/Altamirano_Leer-y-escribir.jpg\",\"articleSection\":[\"Archivo de Actividades\",\"Presentaciones de libros\"],\"inLanguage\":\"en-US\"},{\"@type\":\"WebPage\",\"@id\":\"https:\\\/\\\/historiaintelectual.com.ar\\\/nuevo-libro-de-carlos-altamirano\\\/\",\"url\":\"https:\\\/\\\/historiaintelectual.com.ar\\\/nuevo-libro-de-carlos-altamirano\\\/\",\"name\":\"Nuevo libro de Carlos Altamirano &#187; Historia Intelectual\",\"isPartOf\":{\"@id\":\"https:\\\/\\\/historiaintelectual.com.ar\\\/#website\"},\"primaryImageOfPage\":{\"@id\":\"https:\\\/\\\/historiaintelectual.com.ar\\\/nuevo-libro-de-carlos-altamirano\\\/#primaryimage\"},\"image\":{\"@id\":\"https:\\\/\\\/historiaintelectual.com.ar\\\/nuevo-libro-de-carlos-altamirano\\\/#primaryimage\"},\"thumbnailUrl\":\"https:\\\/\\\/historiaintelectual.com.ar\\\/wp-content\\\/uploads\\\/2020\\\/10\\\/Altamirano_Leer-y-escribir.jpg\",\"datePublished\":\"2025-12-23T14:40:23+00:00\",\"dateModified\":\"2026-03-04T17:45:50+00:00\",\"breadcrumb\":{\"@id\":\"https:\\\/\\\/historiaintelectual.com.ar\\\/nuevo-libro-de-carlos-altamirano\\\/#breadcrumb\"},\"inLanguage\":\"en-US\",\"potentialAction\":[{\"@type\":\"ReadAction\",\"target\":[\"https:\\\/\\\/historiaintelectual.com.ar\\\/nuevo-libro-de-carlos-altamirano\\\/\"]}]},{\"@type\":\"ImageObject\",\"inLanguage\":\"en-US\",\"@id\":\"https:\\\/\\\/historiaintelectual.com.ar\\\/nuevo-libro-de-carlos-altamirano\\\/#primaryimage\",\"url\":\"https:\\\/\\\/historiaintelectual.com.ar\\\/wp-content\\\/uploads\\\/2020\\\/10\\\/Altamirano_Leer-y-escribir.jpg\",\"contentUrl\":\"https:\\\/\\\/historiaintelectual.com.ar\\\/wp-content\\\/uploads\\\/2020\\\/10\\\/Altamirano_Leer-y-escribir.jpg\",\"width\":1176,\"height\":1872,\"caption\":\"Altamirano Leer y escribir, 2025\"},{\"@type\":\"BreadcrumbList\",\"@id\":\"https:\\\/\\\/historiaintelectual.com.ar\\\/nuevo-libro-de-carlos-altamirano\\\/#breadcrumb\",\"itemListElement\":[{\"@type\":\"ListItem\",\"position\":1,\"name\":\"Portada\",\"item\":\"https:\\\/\\\/historiaintelectual.com.ar\\\/\"},{\"@type\":\"ListItem\",\"position\":2,\"name\":\"Nuevo libro de Carlos Altamirano\"}]},{\"@type\":\"WebSite\",\"@id\":\"https:\\\/\\\/historiaintelectual.com.ar\\\/#website\",\"url\":\"https:\\\/\\\/historiaintelectual.com.ar\\\/\",\"name\":\"Historia Intelectual\",\"description\":\"Centro de Historia Intelectual\",\"publisher\":{\"@id\":\"https:\\\/\\\/historiaintelectual.com.ar\\\/#organization\"},\"alternateName\":\"Centro de historia intelectual\",\"potentialAction\":[{\"@type\":\"SearchAction\",\"target\":{\"@type\":\"EntryPoint\",\"urlTemplate\":\"https:\\\/\\\/historiaintelectual.com.ar\\\/?s={search_term_string}\"},\"query-input\":{\"@type\":\"PropertyValueSpecification\",\"valueRequired\":true,\"valueName\":\"search_term_string\"}}],\"inLanguage\":\"en-US\"},{\"@type\":\"Organization\",\"@id\":\"https:\\\/\\\/historiaintelectual.com.ar\\\/#organization\",\"name\":\"Centro Historia Intelectual\",\"url\":\"https:\\\/\\\/historiaintelectual.com.ar\\\/\",\"logo\":{\"@type\":\"ImageObject\",\"inLanguage\":\"en-US\",\"@id\":\"https:\\\/\\\/historiaintelectual.com.ar\\\/#\\\/schema\\\/logo\\\/image\\\/\",\"url\":\"https:\\\/\\\/historiaintelectual.com.ar\\\/wp-content\\\/uploads\\\/2025\\\/04\\\/logo-25.png\",\"contentUrl\":\"https:\\\/\\\/historiaintelectual.com.ar\\\/wp-content\\\/uploads\\\/2025\\\/04\\\/logo-25.png\",\"width\":456,\"height\":456,\"caption\":\"Centro Historia Intelectual\"},\"image\":{\"@id\":\"https:\\\/\\\/historiaintelectual.com.ar\\\/#\\\/schema\\\/logo\\\/image\\\/\"},\"sameAs\":[\"https:\\\/\\\/www.facebook.com\\\/Centrodehistoriaintelectual\\\/\",\"https:\\\/\\\/www.youtube.com\\\/channel\\\/UCGr8q_2-dchoqKT-jT5Lmfw\",\"https:\\\/\\\/www.instagram.com\\\/chi_unq\\\/\"]},{\"@type\":\"Person\",\"@id\":\"https:\\\/\\\/historiaintelectual.com.ar\\\/#\\\/schema\\\/person\\\/769229088e15d859c56fef3de86ed3c8\",\"name\":\"Comunicacion y Redes CHI\",\"url\":\"http:\\\/\\\/historiaintelectual.com.ar\\\/eng\\\/author\\\/comunicacion\\\/\"}]}<\/script>\n<!-- \/ Yoast SEO plugin. -->","yoast_head_json":{"title":"Nuevo libro de Carlos Altamirano &#187; Historia Intelectual","robots":{"index":"index","follow":"follow","max-snippet":"max-snippet:-1","max-image-preview":"max-image-preview:large","max-video-preview":"max-video-preview:-1"},"canonical":"https:\/\/historiaintelectual.com.ar\/eng\/nuevo-libro-de-carlos-altamirano\/","og_locale":"en_US","og_type":"article","og_title":"Nuevo libro de Carlos Altamirano &#187; Historia Intelectual","og_description":"Leer y escribir se present\u00f3 en la Universidad Nacional del Litoral, Santa Fe (Argentina).","og_url":"https:\/\/historiaintelectual.com.ar\/eng\/nuevo-libro-de-carlos-altamirano\/","og_site_name":"Historia Intelectual","article_publisher":"https:\/\/www.facebook.com\/Centrodehistoriaintelectual\/","article_published_time":"2025-12-23T14:40:23+00:00","article_modified_time":"2026-03-04T17:45:50+00:00","og_image":[{"width":1176,"height":1872,"url":"https:\/\/historiaintelectual.com.ar\/wp-content\/uploads\/2020\/10\/Altamirano_Leer-y-escribir.jpg","type":"image\/jpeg"}],"author":"Comunicacion y Redes CHI","schema":{"@context":"https:\/\/schema.org","@graph":[{"@type":"Article","@id":"https:\/\/historiaintelectual.com.ar\/nuevo-libro-de-carlos-altamirano\/#article","isPartOf":{"@id":"https:\/\/historiaintelectual.com.ar\/nuevo-libro-de-carlos-altamirano\/"},"author":{"name":"Comunicacion y Redes CHI","@id":"https:\/\/historiaintelectual.com.ar\/#\/schema\/person\/769229088e15d859c56fef3de86ed3c8"},"headline":"Nuevo libro de Carlos Altamirano","datePublished":"2025-12-23T14:40:23+00:00","dateModified":"2026-03-04T17:45:50+00:00","mainEntityOfPage":{"@id":"https:\/\/historiaintelectual.com.ar\/nuevo-libro-de-carlos-altamirano\/"},"wordCount":215,"publisher":{"@id":"https:\/\/historiaintelectual.com.ar\/#organization"},"image":{"@id":"https:\/\/historiaintelectual.com.ar\/nuevo-libro-de-carlos-altamirano\/#primaryimage"},"thumbnailUrl":"https:\/\/historiaintelectual.com.ar\/wp-content\/uploads\/2020\/10\/Altamirano_Leer-y-escribir.jpg","articleSection":["Archivo de Actividades","Presentaciones de libros"],"inLanguage":"en-US"},{"@type":"WebPage","@id":"https:\/\/historiaintelectual.com.ar\/nuevo-libro-de-carlos-altamirano\/","url":"https:\/\/historiaintelectual.com.ar\/nuevo-libro-de-carlos-altamirano\/","name":"Nuevo libro de Carlos Altamirano &#187; Historia Intelectual","isPartOf":{"@id":"https:\/\/historiaintelectual.com.ar\/#website"},"primaryImageOfPage":{"@id":"https:\/\/historiaintelectual.com.ar\/nuevo-libro-de-carlos-altamirano\/#primaryimage"},"image":{"@id":"https:\/\/historiaintelectual.com.ar\/nuevo-libro-de-carlos-altamirano\/#primaryimage"},"thumbnailUrl":"https:\/\/historiaintelectual.com.ar\/wp-content\/uploads\/2020\/10\/Altamirano_Leer-y-escribir.jpg","datePublished":"2025-12-23T14:40:23+00:00","dateModified":"2026-03-04T17:45:50+00:00","breadcrumb":{"@id":"https:\/\/historiaintelectual.com.ar\/nuevo-libro-de-carlos-altamirano\/#breadcrumb"},"inLanguage":"en-US","potentialAction":[{"@type":"ReadAction","target":["https:\/\/historiaintelectual.com.ar\/nuevo-libro-de-carlos-altamirano\/"]}]},{"@type":"ImageObject","inLanguage":"en-US","@id":"https:\/\/historiaintelectual.com.ar\/nuevo-libro-de-carlos-altamirano\/#primaryimage","url":"https:\/\/historiaintelectual.com.ar\/wp-content\/uploads\/2020\/10\/Altamirano_Leer-y-escribir.jpg","contentUrl":"https:\/\/historiaintelectual.com.ar\/wp-content\/uploads\/2020\/10\/Altamirano_Leer-y-escribir.jpg","width":1176,"height":1872,"caption":"Altamirano Leer y escribir, 2025"},{"@type":"BreadcrumbList","@id":"https:\/\/historiaintelectual.com.ar\/nuevo-libro-de-carlos-altamirano\/#breadcrumb","itemListElement":[{"@type":"ListItem","position":1,"name":"Portada","item":"https:\/\/historiaintelectual.com.ar\/"},{"@type":"ListItem","position":2,"name":"Nuevo libro de Carlos Altamirano"}]},{"@type":"WebSite","@id":"https:\/\/historiaintelectual.com.ar\/#website","url":"https:\/\/historiaintelectual.com.ar\/","name":"Historia Intelectual","description":"Center for Intellectual History","publisher":{"@id":"https:\/\/historiaintelectual.com.ar\/#organization"},"alternateName":"Centro de historia intelectual","potentialAction":[{"@type":"SearchAction","target":{"@type":"EntryPoint","urlTemplate":"https:\/\/historiaintelectual.com.ar\/?s={search_term_string}"},"query-input":{"@type":"PropertyValueSpecification","valueRequired":true,"valueName":"search_term_string"}}],"inLanguage":"en-US"},{"@type":"Organization","@id":"https:\/\/historiaintelectual.com.ar\/#organization","name":"Centro Historia Intelectual","url":"https:\/\/historiaintelectual.com.ar\/","logo":{"@type":"ImageObject","inLanguage":"en-US","@id":"https:\/\/historiaintelectual.com.ar\/#\/schema\/logo\/image\/","url":"https:\/\/historiaintelectual.com.ar\/wp-content\/uploads\/2025\/04\/logo-25.png","contentUrl":"https:\/\/historiaintelectual.com.ar\/wp-content\/uploads\/2025\/04\/logo-25.png","width":456,"height":456,"caption":"Centro Historia Intelectual"},"image":{"@id":"https:\/\/historiaintelectual.com.ar\/#\/schema\/logo\/image\/"},"sameAs":["https:\/\/www.facebook.com\/Centrodehistoriaintelectual\/","https:\/\/www.youtube.com\/channel\/UCGr8q_2-dchoqKT-jT5Lmfw","https:\/\/www.instagram.com\/chi_unq\/"]},{"@type":"Person","@id":"https:\/\/historiaintelectual.com.ar\/#\/schema\/person\/769229088e15d859c56fef3de86ed3c8","name":"Comunicacion y Redes CHI","url":"http:\/\/historiaintelectual.com.ar\/eng\/author\/comunicacion\/"}]}},"_links":{"self":[{"href":"http:\/\/historiaintelectual.com.ar\/eng\/wp-json\/wp\/v2\/posts\/11160","targetHints":{"allow":["GET"]}}],"collection":[{"href":"http:\/\/historiaintelectual.com.ar\/eng\/wp-json\/wp\/v2\/posts"}],"about":[{"href":"http:\/\/historiaintelectual.com.ar\/eng\/wp-json\/wp\/v2\/types\/post"}],"author":[{"embeddable":true,"href":"http:\/\/historiaintelectual.com.ar\/eng\/wp-json\/wp\/v2\/users\/96742469"}],"replies":[{"embeddable":true,"href":"http:\/\/historiaintelectual.com.ar\/eng\/wp-json\/wp\/v2\/comments?post=11160"}],"version-history":[{"count":12,"href":"http:\/\/historiaintelectual.com.ar\/eng\/wp-json\/wp\/v2\/posts\/11160\/revisions"}],"predecessor-version":[{"id":11172,"href":"http:\/\/historiaintelectual.com.ar\/eng\/wp-json\/wp\/v2\/posts\/11160\/revisions\/11172"}],"wp:featuredmedia":[{"embeddable":true,"href":"http:\/\/historiaintelectual.com.ar\/eng\/wp-json\/wp\/v2\/media\/11155"}],"wp:attachment":[{"href":"http:\/\/historiaintelectual.com.ar\/eng\/wp-json\/wp\/v2\/media?parent=11160"}],"wp:term":[{"taxonomy":"category","embeddable":true,"href":"http:\/\/historiaintelectual.com.ar\/eng\/wp-json\/wp\/v2\/categories?post=11160"},{"taxonomy":"post_tag","embeddable":true,"href":"http:\/\/historiaintelectual.com.ar\/eng\/wp-json\/wp\/v2\/tags?post=11160"}],"curies":[{"name":"wp","href":"https:\/\/api.w.org\/{rel}","templated":true}]}}