{"id":11065,"date":"2025-12-05T09:25:04","date_gmt":"2025-12-05T12:25:04","guid":{"rendered":"https:\/\/historiaintelectual.com.ar\/?p=11065"},"modified":"2026-02-11T14:06:51","modified_gmt":"2026-02-11T17:06:51","slug":"novedad-editorial-las-raices-del-arbol-de-la-libertad","status":"publish","type":"post","link":"http:\/\/historiaintelectual.com.ar\/eng\/novedad-editorial-las-raices-del-arbol-de-la-libertad\/","title":{"rendered":"Presentaci\u00f3n: Las ra\u00edces del \u00e1rbol de la libertad"},"content":{"rendered":"<div data-elementor-type=\"wp-post\" data-elementor-id=\"11065\" class=\"elementor elementor-11065\" data-elementor-post-type=\"post\">\n\t\t\t\t<div class=\"elementor-element elementor-element-08ed315 e-con-full e-flex e-con e-parent\" data-id=\"08ed315\" data-element_type=\"container\" data-e-type=\"container\">\n\t\t\t\t<div class=\"elementor-element elementor-element-9cb12fb elementor-widget elementor-widget-theme-post-title elementor-page-title elementor-widget-heading\" data-id=\"9cb12fb\" data-element_type=\"widget\" data-e-type=\"widget\" data-widget_type=\"theme-post-title.default\">\n\t\t\t\t<div class=\"elementor-widget-container\">\n\t\t\t\t\t<h2 class=\"elementor-heading-title elementor-size-default\">Presentaci\u00f3n: Las ra\u00edces del \u00e1rbol de la libertad<\/h2>\t\t\t\t<\/div>\n\t\t\t\t<\/div>\n\t\t\t\t<div class=\"elementor-element elementor-element-0170ac0 elementor-widget__width-inherit elementor-widget elementor-widget-image\" data-id=\"0170ac0\" data-element_type=\"widget\" data-e-type=\"widget\" data-widget_type=\"image.default\">\n\t\t\t\t<div class=\"elementor-widget-container\">\n\t\t\t\t\t\t\t\t\t\t\t\t\t\t\t<img fetchpriority=\"high\" decoding=\"async\" width=\"372\" height=\"550\" src=\"https:\/\/historiaintelectual.com.ar\/wp-content\/uploads\/2025\/12\/omp747-cover.jpg\" class=\"attachment-medium_large size-medium_large wp-image-11066\" alt=\"Las ra\u00edces del \u00e1rbol de la libertad\" srcset=\"https:\/\/historiaintelectual.com.ar\/wp-content\/uploads\/2025\/12\/omp747-cover.jpg 372w, https:\/\/historiaintelectual.com.ar\/wp-content\/uploads\/2025\/12\/omp747-cover-203x300.jpg 203w, https:\/\/historiaintelectual.com.ar\/wp-content\/uploads\/2025\/12\/omp747-cover-8x12.jpg 8w\" sizes=\"(max-width: 372px) 100vw, 372px\" \/>\t\t\t\t\t\t\t\t\t\t\t\t\t\t\t<\/div>\n\t\t\t\t<\/div>\n\t\t\t\t<div class=\"elementor-element elementor-element-4a4018c elementor-widget elementor-widget-text-editor\" data-id=\"4a4018c\" data-element_type=\"widget\" data-e-type=\"widget\" data-widget_type=\"text-editor.default\">\n\t\t\t\t<div class=\"elementor-widget-container\">\n\t\t\t\t\t\t\t\t\t<p><span style=\"font-weight: 400;\">\u00bfC\u00f3mo se fue construyendo la estructura territorial de la provincia de Buenos Aires? \u00bfCu\u00e1les fueron las pol\u00edticas p\u00fablicas alrededor de la fundaci\u00f3n de pueblos rurales en la frontera bonaerense? Estas preguntas articulan los trabajos compilados en <\/span><i><span style=\"font-weight: 400;\">Las ra\u00edces del \u00e1rbol de la libertad. Trazado y consolidaci\u00f3n de los poblados rurales en la frontera bonaerense (1821-1870), <\/span><\/i><span style=\"font-weight: 400;\">publicado recientemente en la colecci\u00f3n <\/span><a href=\"https:\/\/ediciones.unq.edu.ar\/publicaciones\/editorial\/colecciones\/las-ciudades-y-las-ideas.html\" target=\"_blank\" rel=\"noopener\"><i><span style=\"font-weight: 400;\">Las ciudades y las ideas<\/span><\/i><span style=\"font-weight: 400;\">,<\/span><\/a><span style=\"font-weight: 400;\"> de la editorial de la Universidad Nacional de Quilmes.\u00a0<\/span><\/p><p><span style=\"font-weight: 400;\">Este libro re\u00fane las investigaciones de un equipo dirigido por <\/span><b>Fernando Aliata<\/b><span style=\"font-weight: 400;\"> and <\/span><b>Fernando Williams<\/b><span style=\"font-weight: 400;\">, y reconstruye la historia de la fundaci\u00f3n de pueblos y la transformaci\u00f3n de sus ejidos entre 1821 y 1870. El estudio examina los or\u00edgenes normativos, la morfolog\u00eda espacial y sus correlatos sociales, y aborda tambi\u00e9n cr\u00edticas y disidencias frente al patr\u00f3n territorial predominante.<\/span><\/p>\t\t\t\t\t\t\t\t<\/div>\n\t\t\t\t<\/div>\n\t\t\t\t<div class=\"elementor-element elementor-element-57f83e4 elementor-widget elementor-widget-video\" data-id=\"57f83e4\" data-element_type=\"widget\" data-e-type=\"widget\" data-settings=\"{&quot;youtube_url&quot;:&quot;https:\\\/\\\/www.youtube.com\\\/watch?v=dAeF2CZX5xw&quot;,&quot;video_type&quot;:&quot;youtube&quot;,&quot;controls&quot;:&quot;yes&quot;}\" data-widget_type=\"video.default\">\n\t\t\t\t<div class=\"elementor-widget-container\">\n\t\t\t\t\t\t\t<div class=\"elementor-wrapper elementor-open-inline\">\n\t\t\t<div class=\"elementor-video\"><\/div>\t\t<\/div>\n\t\t\t\t\t\t<\/div>\n\t\t\t\t<\/div>\n\t\t\t\t<div class=\"elementor-element elementor-element-8b7c813 elementor-widget elementor-widget-text-editor\" data-id=\"8b7c813\" data-element_type=\"widget\" data-e-type=\"widget\" data-widget_type=\"text-editor.default\">\n\t\t\t\t<div class=\"elementor-widget-container\">\n\t\t\t\t\t\t\t\t\t<p><span style=\"font-weight: 400;\">La colecci\u00f3n<\/span><a href=\"https:\/\/ediciones.unq.edu.ar\/publicaciones\/editorial\/colecciones\/las-ciudades-y-las-ideas.html\"> <i><span style=\"font-weight: 400;\">Las ciudades y las ideas<\/span><\/i><\/a><span style=\"font-weight: 400;\">, creada por Adri\u00e1n Gorelik y dirigida actualmente por <\/span><a href=\"https:\/\/historiaintelectual.com.ar\/eng\/anahi-ballent\/\"><span style=\"font-weight: 400;\">Anahi Ballent<\/span><\/a><span style=\"font-weight: 400;\">, alberga trabajos de <\/span><b>historia cultural de la ciudad y el territorio<\/b><span style=\"font-weight: 400;\">. Se trata de tem\u00e1ticas que tienen en el centro de su inter\u00e9s realidades materiales del ambiente humano y que se ubican en la intersecci\u00f3n de varias tradiciones disciplinares, como las de la arquitectura, el urbanismo, la geograf\u00eda, la historia del arte, la historia social, la sociolog\u00eda urbana, la demograf\u00eda, entre otras, unificadas por la perspectiva hist\u00f3rico-cultural con que se las aborda. Es decir, una perspectiva hist\u00f3rica que enfoca el modo en que las realidades materiales de la ciudad y del territorio producen significaci\u00f3n y son producidas, a su vez, en ese proceso cultural.<\/span><\/p><p><b>Presentaci\u00f3n del libro<\/b><\/p><p><span style=\"font-weight: 400;\">El libro <\/span><i><span style=\"font-weight: 400;\">Las ra\u00edces del \u00e1rbol de la libertad <\/span><\/i><span style=\"font-weight: 400;\">se present\u00f3 el martes 9 de diciembre de 2025, en la Universidad Nacional de La Plata, con la participaci\u00f3n del equipo de investigaci\u00f3n (Fernando Aliata, Fernando Williams, Juan Cicciol<\/span><span style=\"font-weight: 400;\">i,\u00a0 Melina Yuln, Omar Loyola, Rosana Obreg\u00f3n, Susana Cricelli, Teresa Zweifel, Virginia Galcer\u00e1n; y comentarios de Anah\u00ed Ballent (UNQ\/CONICET) y Graciela Silvestri (UNLP\/CONICET).\u00a0<\/span><\/p>\t\t\t\t\t\t\t\t<\/div>\n\t\t\t\t<\/div>\n\t\t\t\t<div class=\"elementor-element elementor-element-de3adee elementor-widget__width-inherit elementor-widget elementor-widget-image\" data-id=\"de3adee\" data-element_type=\"widget\" data-e-type=\"widget\" data-widget_type=\"image.default\">\n\t\t\t\t<div class=\"elementor-widget-container\">\n\t\t\t\t\t\t\t\t\t\t\t\t\t\t\t<img decoding=\"async\" width=\"768\" height=\"575\" src=\"https:\/\/historiaintelectual.com.ar\/wp-content\/uploads\/2025\/12\/raices-768x575.jpg\" class=\"attachment-medium_large size-medium_large wp-image-11099\" alt=\"Presentaci\u00f3n del libro Las ra\u00edces del \u00e1rbol de la libertad\" srcset=\"https:\/\/historiaintelectual.com.ar\/wp-content\/uploads\/2025\/12\/raices-768x575.jpg 768w, https:\/\/historiaintelectual.com.ar\/wp-content\/uploads\/2025\/12\/raices-300x224.jpg 300w, https:\/\/historiaintelectual.com.ar\/wp-content\/uploads\/2025\/12\/raices-1024x766.jpg 1024w, https:\/\/historiaintelectual.com.ar\/wp-content\/uploads\/2025\/12\/raices-1536x1149.jpg 1536w, https:\/\/historiaintelectual.com.ar\/wp-content\/uploads\/2025\/12\/raices-16x12.jpg 16w, https:\/\/historiaintelectual.com.ar\/wp-content\/uploads\/2025\/12\/raices.jpg 1600w\" sizes=\"(max-width: 768px) 100vw, 768px\" \/>\t\t\t\t\t\t\t\t\t\t\t\t\t\t\t<\/div>\n\t\t\t\t<\/div>\n\t\t\t\t<div class=\"elementor-element elementor-element-df76b73 elementor-widget elementor-widget-text-editor\" data-id=\"df76b73\" data-element_type=\"widget\" data-e-type=\"widget\" data-widget_type=\"text-editor.default\">\n\t\t\t\t<div class=\"elementor-widget-container\">\n\t\t\t\t\t\t\t\t\t<p><span style=\"font-weight: 400;\">M\u00e1s informaci\u00f3n en <a href=\"https:\/\/ediciones.unq.edu.ar\/747-las-raices-del-arbol-de-la-libertad.html\" target=\"_blank\" rel=\"noopener\">este enlace.\u00a0<\/a><\/span><\/p>\t\t\t\t\t\t\t\t<\/div>\n\t\t\t\t<\/div>\n\t\t\t\t<\/div>\n\t\t<div class=\"elementor-element elementor-element-8e8e3b9 e-flex e-con-boxed e-con e-parent\" data-id=\"8e8e3b9\" data-element_type=\"container\" data-e-type=\"container\">\n\t\t\t\t\t<div class=\"e-con-inner\">\n\t\t\t\t\t<\/div>\n\t\t\t\t<\/div>\n\t\t\t\t<\/div>","protected":false},"excerpt":{"rendered":"<p>Un nuevo libro de la colecci\u00f3n Las ciudades y las ideas, de la editorial de la Universidad Nacional de Quilmes. <\/p>","protected":false},"author":96742469,"featured_media":11066,"comment_status":"closed","ping_status":"closed","sticky":false,"template":"","format":"standard","meta":{"footnotes":""},"categories":[93,254],"tags":[],"class_list":["post-11065","post","type-post","status-publish","format-standard","has-post-thumbnail","hentry","category-archivo-de-actividades","category-presentaciones-de-libros"],"yoast_head":"<!-- This site is optimized with the Yoast SEO plugin v27.3 - https:\/\/yoast.com\/product\/yoast-seo-wordpress\/ -->\n<title>Presentaci\u00f3n: Las ra\u00edces del \u00e1rbol de la libertad &#187; Historia Intelectual<\/title>\n<meta name=\"robots\" content=\"index, follow, max-snippet:-1, max-image-preview:large, max-video-preview:-1\" \/>\n<link rel=\"canonical\" href=\"https:\/\/historiaintelectual.com.ar\/eng\/novedad-editorial-las-raices-del-arbol-de-la-libertad\/\" \/>\n<meta property=\"og:locale\" content=\"en_US\" \/>\n<meta property=\"og:type\" content=\"article\" \/>\n<meta property=\"og:title\" content=\"Presentaci\u00f3n: Las ra\u00edces del \u00e1rbol de la libertad &#187; Historia Intelectual\" \/>\n<meta property=\"og:description\" content=\"Un nuevo libro de la colecci\u00f3n Las ciudades y las ideas, de la editorial de la Universidad Nacional de Quilmes.\" \/>\n<meta property=\"og:url\" content=\"https:\/\/historiaintelectual.com.ar\/eng\/novedad-editorial-las-raices-del-arbol-de-la-libertad\/\" \/>\n<meta property=\"og:site_name\" content=\"Historia Intelectual\" \/>\n<meta property=\"article:publisher\" content=\"https:\/\/www.facebook.com\/Centrodehistoriaintelectual\/\" \/>\n<meta property=\"article:published_time\" content=\"2025-12-05T12:25:04+00:00\" \/>\n<meta property=\"article:modified_time\" content=\"2026-02-11T17:06:51+00:00\" \/>\n<meta property=\"og:image\" content=\"https:\/\/historiaintelectual.com.ar\/wp-content\/uploads\/2025\/12\/omp747-cover.jpg\" \/>\n\t<meta property=\"og:image:width\" content=\"372\" \/>\n\t<meta property=\"og:image:height\" content=\"550\" \/>\n\t<meta property=\"og:image:type\" content=\"image\/jpeg\" \/>\n<meta name=\"author\" content=\"Comunicacion y Redes CHI\" \/>\n<script type=\"application\/ld+json\" class=\"yoast-schema-graph\">{\"@context\":\"https:\\\/\\\/schema.org\",\"@graph\":[{\"@type\":\"Article\",\"@id\":\"https:\\\/\\\/historiaintelectual.com.ar\\\/novedad-editorial-las-raices-del-arbol-de-la-libertad\\\/#article\",\"isPartOf\":{\"@id\":\"https:\\\/\\\/historiaintelectual.com.ar\\\/novedad-editorial-las-raices-del-arbol-de-la-libertad\\\/\"},\"author\":{\"name\":\"Comunicacion y Redes CHI\",\"@id\":\"https:\\\/\\\/historiaintelectual.com.ar\\\/#\\\/schema\\\/person\\\/769229088e15d859c56fef3de86ed3c8\"},\"headline\":\"Presentaci\u00f3n: Las ra\u00edces del \u00e1rbol de la libertad\",\"datePublished\":\"2025-12-05T12:25:04+00:00\",\"dateModified\":\"2026-02-11T17:06:51+00:00\",\"mainEntityOfPage\":{\"@id\":\"https:\\\/\\\/historiaintelectual.com.ar\\\/novedad-editorial-las-raices-del-arbol-de-la-libertad\\\/\"},\"wordCount\":372,\"publisher\":{\"@id\":\"https:\\\/\\\/historiaintelectual.com.ar\\\/#organization\"},\"image\":{\"@id\":\"https:\\\/\\\/historiaintelectual.com.ar\\\/novedad-editorial-las-raices-del-arbol-de-la-libertad\\\/#primaryimage\"},\"thumbnailUrl\":\"https:\\\/\\\/historiaintelectual.com.ar\\\/wp-content\\\/uploads\\\/2025\\\/12\\\/omp747-cover.jpg\",\"articleSection\":[\"Archivo de Actividades\",\"Presentaciones de libros\"],\"inLanguage\":\"en-US\"},{\"@type\":\"WebPage\",\"@id\":\"https:\\\/\\\/historiaintelectual.com.ar\\\/novedad-editorial-las-raices-del-arbol-de-la-libertad\\\/\",\"url\":\"https:\\\/\\\/historiaintelectual.com.ar\\\/novedad-editorial-las-raices-del-arbol-de-la-libertad\\\/\",\"name\":\"Presentaci\u00f3n: Las ra\u00edces del \u00e1rbol de la libertad &#187; Historia Intelectual\",\"isPartOf\":{\"@id\":\"https:\\\/\\\/historiaintelectual.com.ar\\\/#website\"},\"primaryImageOfPage\":{\"@id\":\"https:\\\/\\\/historiaintelectual.com.ar\\\/novedad-editorial-las-raices-del-arbol-de-la-libertad\\\/#primaryimage\"},\"image\":{\"@id\":\"https:\\\/\\\/historiaintelectual.com.ar\\\/novedad-editorial-las-raices-del-arbol-de-la-libertad\\\/#primaryimage\"},\"thumbnailUrl\":\"https:\\\/\\\/historiaintelectual.com.ar\\\/wp-content\\\/uploads\\\/2025\\\/12\\\/omp747-cover.jpg\",\"datePublished\":\"2025-12-05T12:25:04+00:00\",\"dateModified\":\"2026-02-11T17:06:51+00:00\",\"breadcrumb\":{\"@id\":\"https:\\\/\\\/historiaintelectual.com.ar\\\/novedad-editorial-las-raices-del-arbol-de-la-libertad\\\/#breadcrumb\"},\"inLanguage\":\"en-US\",\"potentialAction\":[{\"@type\":\"ReadAction\",\"target\":[\"https:\\\/\\\/historiaintelectual.com.ar\\\/novedad-editorial-las-raices-del-arbol-de-la-libertad\\\/\"]}]},{\"@type\":\"ImageObject\",\"inLanguage\":\"en-US\",\"@id\":\"https:\\\/\\\/historiaintelectual.com.ar\\\/novedad-editorial-las-raices-del-arbol-de-la-libertad\\\/#primaryimage\",\"url\":\"https:\\\/\\\/historiaintelectual.com.ar\\\/wp-content\\\/uploads\\\/2025\\\/12\\\/omp747-cover.jpg\",\"contentUrl\":\"https:\\\/\\\/historiaintelectual.com.ar\\\/wp-content\\\/uploads\\\/2025\\\/12\\\/omp747-cover.jpg\",\"width\":372,\"height\":550,\"caption\":\"Las ra\u00edces del \u00e1rbol de la libertad\"},{\"@type\":\"BreadcrumbList\",\"@id\":\"https:\\\/\\\/historiaintelectual.com.ar\\\/novedad-editorial-las-raices-del-arbol-de-la-libertad\\\/#breadcrumb\",\"itemListElement\":[{\"@type\":\"ListItem\",\"position\":1,\"name\":\"Portada\",\"item\":\"https:\\\/\\\/historiaintelectual.com.ar\\\/\"},{\"@type\":\"ListItem\",\"position\":2,\"name\":\"Presentaci\u00f3n: Las ra\u00edces del \u00e1rbol de la libertad\"}]},{\"@type\":\"WebSite\",\"@id\":\"https:\\\/\\\/historiaintelectual.com.ar\\\/#website\",\"url\":\"https:\\\/\\\/historiaintelectual.com.ar\\\/\",\"name\":\"Historia Intelectual\",\"description\":\"Centro de Historia Intelectual\",\"publisher\":{\"@id\":\"https:\\\/\\\/historiaintelectual.com.ar\\\/#organization\"},\"alternateName\":\"Centro de historia intelectual\",\"potentialAction\":[{\"@type\":\"SearchAction\",\"target\":{\"@type\":\"EntryPoint\",\"urlTemplate\":\"https:\\\/\\\/historiaintelectual.com.ar\\\/?s={search_term_string}\"},\"query-input\":{\"@type\":\"PropertyValueSpecification\",\"valueRequired\":true,\"valueName\":\"search_term_string\"}}],\"inLanguage\":\"en-US\"},{\"@type\":\"Organization\",\"@id\":\"https:\\\/\\\/historiaintelectual.com.ar\\\/#organization\",\"name\":\"Centro Historia Intelectual\",\"url\":\"https:\\\/\\\/historiaintelectual.com.ar\\\/\",\"logo\":{\"@type\":\"ImageObject\",\"inLanguage\":\"en-US\",\"@id\":\"https:\\\/\\\/historiaintelectual.com.ar\\\/#\\\/schema\\\/logo\\\/image\\\/\",\"url\":\"https:\\\/\\\/historiaintelectual.com.ar\\\/wp-content\\\/uploads\\\/2025\\\/04\\\/logo-25.png\",\"contentUrl\":\"https:\\\/\\\/historiaintelectual.com.ar\\\/wp-content\\\/uploads\\\/2025\\\/04\\\/logo-25.png\",\"width\":456,\"height\":456,\"caption\":\"Centro Historia Intelectual\"},\"image\":{\"@id\":\"https:\\\/\\\/historiaintelectual.com.ar\\\/#\\\/schema\\\/logo\\\/image\\\/\"},\"sameAs\":[\"https:\\\/\\\/www.facebook.com\\\/Centrodehistoriaintelectual\\\/\",\"https:\\\/\\\/www.youtube.com\\\/channel\\\/UCGr8q_2-dchoqKT-jT5Lmfw\",\"https:\\\/\\\/www.instagram.com\\\/chi_unq\\\/\"]},{\"@type\":\"Person\",\"@id\":\"https:\\\/\\\/historiaintelectual.com.ar\\\/#\\\/schema\\\/person\\\/769229088e15d859c56fef3de86ed3c8\",\"name\":\"Comunicacion y Redes CHI\",\"url\":\"http:\\\/\\\/historiaintelectual.com.ar\\\/eng\\\/author\\\/comunicacion\\\/\"}]}<\/script>\n<!-- \/ Yoast SEO plugin. -->","yoast_head_json":{"title":"Presentaci\u00f3n: Las ra\u00edces del \u00e1rbol de la libertad &#187; Historia Intelectual","robots":{"index":"index","follow":"follow","max-snippet":"max-snippet:-1","max-image-preview":"max-image-preview:large","max-video-preview":"max-video-preview:-1"},"canonical":"https:\/\/historiaintelectual.com.ar\/eng\/novedad-editorial-las-raices-del-arbol-de-la-libertad\/","og_locale":"en_US","og_type":"article","og_title":"Presentaci\u00f3n: Las ra\u00edces del \u00e1rbol de la libertad &#187; Historia Intelectual","og_description":"Un nuevo libro de la colecci\u00f3n Las ciudades y las ideas, de la editorial de la Universidad Nacional de Quilmes.","og_url":"https:\/\/historiaintelectual.com.ar\/eng\/novedad-editorial-las-raices-del-arbol-de-la-libertad\/","og_site_name":"Historia Intelectual","article_publisher":"https:\/\/www.facebook.com\/Centrodehistoriaintelectual\/","article_published_time":"2025-12-05T12:25:04+00:00","article_modified_time":"2026-02-11T17:06:51+00:00","og_image":[{"width":372,"height":550,"url":"https:\/\/historiaintelectual.com.ar\/wp-content\/uploads\/2025\/12\/omp747-cover.jpg","type":"image\/jpeg"}],"author":"Comunicacion y Redes CHI","schema":{"@context":"https:\/\/schema.org","@graph":[{"@type":"Article","@id":"https:\/\/historiaintelectual.com.ar\/novedad-editorial-las-raices-del-arbol-de-la-libertad\/#article","isPartOf":{"@id":"https:\/\/historiaintelectual.com.ar\/novedad-editorial-las-raices-del-arbol-de-la-libertad\/"},"author":{"name":"Comunicacion y Redes CHI","@id":"https:\/\/historiaintelectual.com.ar\/#\/schema\/person\/769229088e15d859c56fef3de86ed3c8"},"headline":"Presentaci\u00f3n: Las ra\u00edces del \u00e1rbol de la libertad","datePublished":"2025-12-05T12:25:04+00:00","dateModified":"2026-02-11T17:06:51+00:00","mainEntityOfPage":{"@id":"https:\/\/historiaintelectual.com.ar\/novedad-editorial-las-raices-del-arbol-de-la-libertad\/"},"wordCount":372,"publisher":{"@id":"https:\/\/historiaintelectual.com.ar\/#organization"},"image":{"@id":"https:\/\/historiaintelectual.com.ar\/novedad-editorial-las-raices-del-arbol-de-la-libertad\/#primaryimage"},"thumbnailUrl":"https:\/\/historiaintelectual.com.ar\/wp-content\/uploads\/2025\/12\/omp747-cover.jpg","articleSection":["Archivo de Actividades","Presentaciones de libros"],"inLanguage":"en-US"},{"@type":"WebPage","@id":"https:\/\/historiaintelectual.com.ar\/novedad-editorial-las-raices-del-arbol-de-la-libertad\/","url":"https:\/\/historiaintelectual.com.ar\/novedad-editorial-las-raices-del-arbol-de-la-libertad\/","name":"Presentaci\u00f3n: Las ra\u00edces del \u00e1rbol de la libertad &#187; Historia Intelectual","isPartOf":{"@id":"https:\/\/historiaintelectual.com.ar\/#website"},"primaryImageOfPage":{"@id":"https:\/\/historiaintelectual.com.ar\/novedad-editorial-las-raices-del-arbol-de-la-libertad\/#primaryimage"},"image":{"@id":"https:\/\/historiaintelectual.com.ar\/novedad-editorial-las-raices-del-arbol-de-la-libertad\/#primaryimage"},"thumbnailUrl":"https:\/\/historiaintelectual.com.ar\/wp-content\/uploads\/2025\/12\/omp747-cover.jpg","datePublished":"2025-12-05T12:25:04+00:00","dateModified":"2026-02-11T17:06:51+00:00","breadcrumb":{"@id":"https:\/\/historiaintelectual.com.ar\/novedad-editorial-las-raices-del-arbol-de-la-libertad\/#breadcrumb"},"inLanguage":"en-US","potentialAction":[{"@type":"ReadAction","target":["https:\/\/historiaintelectual.com.ar\/novedad-editorial-las-raices-del-arbol-de-la-libertad\/"]}]},{"@type":"ImageObject","inLanguage":"en-US","@id":"https:\/\/historiaintelectual.com.ar\/novedad-editorial-las-raices-del-arbol-de-la-libertad\/#primaryimage","url":"https:\/\/historiaintelectual.com.ar\/wp-content\/uploads\/2025\/12\/omp747-cover.jpg","contentUrl":"https:\/\/historiaintelectual.com.ar\/wp-content\/uploads\/2025\/12\/omp747-cover.jpg","width":372,"height":550,"caption":"Las ra\u00edces del \u00e1rbol de la libertad"},{"@type":"BreadcrumbList","@id":"https:\/\/historiaintelectual.com.ar\/novedad-editorial-las-raices-del-arbol-de-la-libertad\/#breadcrumb","itemListElement":[{"@type":"ListItem","position":1,"name":"Portada","item":"https:\/\/historiaintelectual.com.ar\/"},{"@type":"ListItem","position":2,"name":"Presentaci\u00f3n: Las ra\u00edces del \u00e1rbol de la libertad"}]},{"@type":"WebSite","@id":"https:\/\/historiaintelectual.com.ar\/#website","url":"https:\/\/historiaintelectual.com.ar\/","name":"Historia Intelectual","description":"Center for Intellectual History","publisher":{"@id":"https:\/\/historiaintelectual.com.ar\/#organization"},"alternateName":"Centro de historia intelectual","potentialAction":[{"@type":"SearchAction","target":{"@type":"EntryPoint","urlTemplate":"https:\/\/historiaintelectual.com.ar\/?s={search_term_string}"},"query-input":{"@type":"PropertyValueSpecification","valueRequired":true,"valueName":"search_term_string"}}],"inLanguage":"en-US"},{"@type":"Organization","@id":"https:\/\/historiaintelectual.com.ar\/#organization","name":"Centro Historia Intelectual","url":"https:\/\/historiaintelectual.com.ar\/","logo":{"@type":"ImageObject","inLanguage":"en-US","@id":"https:\/\/historiaintelectual.com.ar\/#\/schema\/logo\/image\/","url":"https:\/\/historiaintelectual.com.ar\/wp-content\/uploads\/2025\/04\/logo-25.png","contentUrl":"https:\/\/historiaintelectual.com.ar\/wp-content\/uploads\/2025\/04\/logo-25.png","width":456,"height":456,"caption":"Centro Historia Intelectual"},"image":{"@id":"https:\/\/historiaintelectual.com.ar\/#\/schema\/logo\/image\/"},"sameAs":["https:\/\/www.facebook.com\/Centrodehistoriaintelectual\/","https:\/\/www.youtube.com\/channel\/UCGr8q_2-dchoqKT-jT5Lmfw","https:\/\/www.instagram.com\/chi_unq\/"]},{"@type":"Person","@id":"https:\/\/historiaintelectual.com.ar\/#\/schema\/person\/769229088e15d859c56fef3de86ed3c8","name":"Comunicacion y Redes CHI","url":"http:\/\/historiaintelectual.com.ar\/eng\/author\/comunicacion\/"}]}},"_links":{"self":[{"href":"http:\/\/historiaintelectual.com.ar\/eng\/wp-json\/wp\/v2\/posts\/11065","targetHints":{"allow":["GET"]}}],"collection":[{"href":"http:\/\/historiaintelectual.com.ar\/eng\/wp-json\/wp\/v2\/posts"}],"about":[{"href":"http:\/\/historiaintelectual.com.ar\/eng\/wp-json\/wp\/v2\/types\/post"}],"author":[{"embeddable":true,"href":"http:\/\/historiaintelectual.com.ar\/eng\/wp-json\/wp\/v2\/users\/96742469"}],"replies":[{"embeddable":true,"href":"http:\/\/historiaintelectual.com.ar\/eng\/wp-json\/wp\/v2\/comments?post=11065"}],"version-history":[{"count":10,"href":"http:\/\/historiaintelectual.com.ar\/eng\/wp-json\/wp\/v2\/posts\/11065\/revisions"}],"predecessor-version":[{"id":11261,"href":"http:\/\/historiaintelectual.com.ar\/eng\/wp-json\/wp\/v2\/posts\/11065\/revisions\/11261"}],"wp:featuredmedia":[{"embeddable":true,"href":"http:\/\/historiaintelectual.com.ar\/eng\/wp-json\/wp\/v2\/media\/11066"}],"wp:attachment":[{"href":"http:\/\/historiaintelectual.com.ar\/eng\/wp-json\/wp\/v2\/media?parent=11065"}],"wp:term":[{"taxonomy":"category","embeddable":true,"href":"http:\/\/historiaintelectual.com.ar\/eng\/wp-json\/wp\/v2\/categories?post=11065"},{"taxonomy":"post_tag","embeddable":true,"href":"http:\/\/historiaintelectual.com.ar\/eng\/wp-json\/wp\/v2\/tags?post=11065"}],"curies":[{"name":"wp","href":"https:\/\/api.w.org\/{rel}","templated":true}]}}