{"id":10980,"date":"2025-11-05T21:59:00","date_gmt":"2025-11-06T00:59:00","guid":{"rendered":"https:\/\/historiaintelectual.com.ar\/?p=10980"},"modified":"2026-01-28T16:22:34","modified_gmt":"2026-01-28T19:22:34","slug":"salio-el-numero-29-de-prismas-revista-de-historia-intelectual","status":"publish","type":"post","link":"http:\/\/historiaintelectual.com.ar\/eng\/salio-el-numero-29-de-prismas-revista-de-historia-intelectual\/","title":{"rendered":"Sali\u00f3 el n\u00famero 29 de Prismas. Revista de Historia Intelectual"},"content":{"rendered":"<div data-elementor-type=\"wp-post\" data-elementor-id=\"10980\" class=\"elementor elementor-10980\" data-elementor-post-type=\"post\">\n\t\t\t\t<div class=\"elementor-element elementor-element-08ed315 e-con-full e-flex e-con e-parent\" data-id=\"08ed315\" data-element_type=\"container\" data-e-type=\"container\">\n\t\t\t\t<div class=\"elementor-element elementor-element-9cb12fb elementor-widget elementor-widget-theme-post-title elementor-page-title elementor-widget-heading\" data-id=\"9cb12fb\" data-element_type=\"widget\" data-e-type=\"widget\" data-widget_type=\"theme-post-title.default\">\n\t\t\t\t<div class=\"elementor-widget-container\">\n\t\t\t\t\t<h2 class=\"elementor-heading-title elementor-size-default\">Sali\u00f3 el n\u00famero 29 de Prismas. Revista de Historia Intelectual<\/h2>\t\t\t\t<\/div>\n\t\t\t\t<\/div>\n\t\t\t\t<div class=\"elementor-element elementor-element-0170ac0 elementor-widget__width-inherit elementor-widget elementor-widget-image\" data-id=\"0170ac0\" data-element_type=\"widget\" data-e-type=\"widget\" data-widget_type=\"image.default\">\n\t\t\t\t<div class=\"elementor-widget-container\">\n\t\t\t\t\t\t\t\t\t\t\t\t\t\t\t<img fetchpriority=\"high\" decoding=\"async\" width=\"703\" height=\"1024\" src=\"https:\/\/historiaintelectual.com.ar\/wp-content\/uploads\/2025\/11\/Prismas-29-tapa-sola-703x1024.jpg\" class=\"attachment-large size-large wp-image-10981\" alt=\"Prismas n\u00famero 29\" srcset=\"https:\/\/historiaintelectual.com.ar\/wp-content\/uploads\/2025\/11\/Prismas-29-tapa-sola-703x1024.jpg 703w, https:\/\/historiaintelectual.com.ar\/wp-content\/uploads\/2025\/11\/Prismas-29-tapa-sola-206x300.jpg 206w, https:\/\/historiaintelectual.com.ar\/wp-content\/uploads\/2025\/11\/Prismas-29-tapa-sola-768x1119.jpg 768w, https:\/\/historiaintelectual.com.ar\/wp-content\/uploads\/2025\/11\/Prismas-29-tapa-sola-1054x1536.jpg 1054w, https:\/\/historiaintelectual.com.ar\/wp-content\/uploads\/2025\/11\/Prismas-29-tapa-sola-1405x2048.jpg 1405w, https:\/\/historiaintelectual.com.ar\/wp-content\/uploads\/2025\/11\/Prismas-29-tapa-sola-8x12.jpg 8w, https:\/\/historiaintelectual.com.ar\/wp-content\/uploads\/2025\/11\/Prismas-29-tapa-sola-scaled.jpg 1757w\" sizes=\"(max-width: 703px) 100vw, 703px\" \/>\t\t\t\t\t\t\t\t\t\t\t\t\t\t\t<\/div>\n\t\t\t\t<\/div>\n\t\t\t\t<div class=\"elementor-element elementor-element-4a4018c elementor-widget elementor-widget-text-editor\" data-id=\"4a4018c\" data-element_type=\"widget\" data-e-type=\"widget\" data-widget_type=\"text-editor.default\">\n\t\t\t\t<div class=\"elementor-widget-container\">\n\t\t\t\t\t\t\t\t\t<p><span style=\"font-weight: 400;\">El Centro de Historia Intelectual anuncia la publicaci\u00f3n del n\u00famero 29 de <\/span><i><span style=\"font-weight: 400;\">Prismas.Revista de Historia Intelectual<\/span><\/i><span style=\"font-weight: 400;\">. Como cada a\u00f1o desde su aparici\u00f3n en 1997, la revista re\u00fane una amplia variedad de trabajos dedicados al estudio de las ideas, los intelectuales y las pr\u00e1cticas culturales.<\/span><\/p><p><span style=\"font-weight: 400;\">La secci\u00f3n <\/span><b>Argumentos <\/b><span style=\"font-weight: 400;\">presenta el art\u00edculo de Juan Carlos Torre, &#8220;Naides es m\u00e1s que naides. El impulso igualitario en la trayectoria de la sociedad argentina&#8221;.<\/span><\/p><p><span style=\"font-weight: 400;\">El <\/span><b>dossier<\/b><span style=\"font-weight: 400;\"> de esta edici\u00f3n ofrece un balance del lugar de <\/span><b>Juan Manuel de Rosas<\/b><span style=\"font-weight: 400;\"> y el rosismo en la historiograf\u00eda argentina, a prop\u00f3sito de los treinta a\u00f1os de la publicaci\u00f3n de <\/span><i><span style=\"font-weight: 400;\">Orden y virtud<\/span><\/i><span style=\"font-weight: 400;\">, de <\/span><b>Jorge Myers<\/b><span style=\"font-weight: 400;\">. Coordinaron: Gabriel Entin y Marcela Ternavasio. Escriben: Jorge Myers, Gabriel Di Meglio, Ignacio Zubizarreta, Magdalena Candioti, Ricardo D. Salvatore, Mario Etchebury-Barrera, Alejandro M. Rabinovich, Alejandro Eujanian, Patricio Fontana y Fabio Wasserman.\u00a0<\/span><\/p><p><span style=\"font-weight: 400;\">La secci\u00f3n <\/span><b>Lecturas<\/b><span style=\"font-weight: 400;\"> re\u00fane dos conjuntos de intervenciones alrededor de una trayectoria y un libro claves. Por un lado, \u201cHugo Vezzetti: itinerarios cr\u00edticos\u201d, con contribuciones de Adri\u00e1n Gorelik, Mauro Vallejo, Claudia Hilb y Sebasti\u00e1n Carassai. Por otro, \u201cVeinticinco a\u00f1os de un libro augural: sobre <\/span><i><span style=\"font-weight: 400;\">Regueros de tinta<\/span><\/i><span style=\"font-weight: 400;\"> de Sylvia Sa\u00edtta\u201d, con textos de Emiliano Gast\u00f3n S\u00e1nchez, Mart\u00edn Albornoz, Juan Buonome, Pilar Cimadevilla y Sylvia Sa\u00edtta, quien se pregunta: \u201c\u00bfLa historia del periodismo argentino no tiene quien la escriba?\u201d<\/span><\/p><p><span style=\"font-weight: 400;\">Adem\u00e1s, el n\u00famero incluye los habituales <strong>art\u00edculos<\/strong>, <strong>rese\u00f1as<\/strong>, fichas de lectura y obituarios que caracterizan a la revista.<\/span><\/p><p><span style=\"font-weight: 400;\">Con una concepci\u00f3n amplia y plural de la historia intelectual, <\/span><i><span style=\"font-weight: 400;\">Prismas<\/span><\/i><span style=\"font-weight: 400;\"> busca dar lugar a diversas perspectivas historiogr\u00e1ficas que exploran el <strong>mundo de las ideas,<\/strong> los intelectuales y la cultura: historia de las ideas, historia de los intelectuales, historia de las disciplinas, historia de la historiograf\u00eda, historia conceptual, historia cultural.\u00a0\u00a0<\/span><\/p><p>\ud83d\udd17<strong><a href=\"https:\/\/prismas.unq.edu.ar\/OJS\/index.php\/Prismas\/actual\" target=\"_blank\" rel=\"noopener\">Se puede acceder a la edici\u00f3n digital en este enlace.\u00a0<\/a><\/strong><\/p>\t\t\t\t\t\t\t\t<\/div>\n\t\t\t\t<\/div>\n\t\t\t\t<\/div>\n\t\t<div class=\"elementor-element elementor-element-8e8e3b9 e-flex e-con-boxed e-con e-parent\" data-id=\"8e8e3b9\" data-element_type=\"container\" data-e-type=\"container\">\n\t\t\t\t\t<div class=\"e-con-inner\">\n\t\t\t\t\t<\/div>\n\t\t\t\t<\/div>\n\t\t\t\t<\/div>","protected":false},"excerpt":{"rendered":"<p>Una nueva edici\u00f3n de esta publicaci\u00f3n que re\u00fane investigaciones, rese\u00f1as y reflexiones recientes en el campo de la historia intelectual.<\/p>","protected":false},"author":96742469,"featured_media":10981,"comment_status":"closed","ping_status":"closed","sticky":false,"template":"","format":"standard","meta":{"footnotes":""},"categories":[92],"tags":[],"class_list":["post-10980","post","type-post","status-publish","format-standard","has-post-thumbnail","hentry","category-actividades-en-curso"],"yoast_head":"<!-- This site is optimized with the Yoast SEO plugin v27.3 - https:\/\/yoast.com\/product\/yoast-seo-wordpress\/ -->\n<title>Sali\u00f3 el n\u00famero 29 de Prismas. Revista de Historia Intelectual &#187; Historia Intelectual<\/title>\n<meta name=\"robots\" content=\"index, follow, max-snippet:-1, max-image-preview:large, max-video-preview:-1\" \/>\n<link rel=\"canonical\" href=\"https:\/\/historiaintelectual.com.ar\/eng\/salio-el-numero-29-de-prismas-revista-de-historia-intelectual\/\" \/>\n<meta property=\"og:locale\" content=\"en_US\" \/>\n<meta property=\"og:type\" content=\"article\" \/>\n<meta property=\"og:title\" content=\"Sali\u00f3 el n\u00famero 29 de Prismas. Revista de Historia Intelectual &#187; Historia Intelectual\" \/>\n<meta property=\"og:description\" content=\"Una nueva edici\u00f3n de esta publicaci\u00f3n que re\u00fane investigaciones, rese\u00f1as y reflexiones recientes en el campo de la historia intelectual.\" \/>\n<meta property=\"og:url\" content=\"https:\/\/historiaintelectual.com.ar\/eng\/salio-el-numero-29-de-prismas-revista-de-historia-intelectual\/\" \/>\n<meta property=\"og:site_name\" content=\"Historia Intelectual\" \/>\n<meta property=\"article:publisher\" content=\"https:\/\/www.facebook.com\/Centrodehistoriaintelectual\/\" \/>\n<meta property=\"article:published_time\" content=\"2025-11-06T00:59:00+00:00\" \/>\n<meta property=\"article:modified_time\" content=\"2026-01-28T19:22:34+00:00\" \/>\n<meta property=\"og:image\" content=\"https:\/\/historiaintelectual.com.ar\/wp-content\/uploads\/2025\/11\/Prismas-29-tapa-sola-scaled.jpg\" \/>\n\t<meta property=\"og:image:width\" content=\"1757\" \/>\n\t<meta property=\"og:image:height\" content=\"2560\" \/>\n\t<meta property=\"og:image:type\" content=\"image\/jpeg\" \/>\n<meta name=\"author\" content=\"Comunicacion y Redes CHI\" \/>\n<script type=\"application\/ld+json\" class=\"yoast-schema-graph\">{\"@context\":\"https:\\\/\\\/schema.org\",\"@graph\":[{\"@type\":\"Article\",\"@id\":\"https:\\\/\\\/historiaintelectual.com.ar\\\/salio-el-numero-29-de-prismas-revista-de-historia-intelectual\\\/#article\",\"isPartOf\":{\"@id\":\"https:\\\/\\\/historiaintelectual.com.ar\\\/salio-el-numero-29-de-prismas-revista-de-historia-intelectual\\\/\"},\"author\":{\"name\":\"Comunicacion y Redes CHI\",\"@id\":\"https:\\\/\\\/historiaintelectual.com.ar\\\/#\\\/schema\\\/person\\\/769229088e15d859c56fef3de86ed3c8\"},\"headline\":\"Sali\u00f3 el n\u00famero 29 de Prismas. Revista de Historia Intelectual\",\"datePublished\":\"2025-11-06T00:59:00+00:00\",\"dateModified\":\"2026-01-28T19:22:34+00:00\",\"mainEntityOfPage\":{\"@id\":\"https:\\\/\\\/historiaintelectual.com.ar\\\/salio-el-numero-29-de-prismas-revista-de-historia-intelectual\\\/\"},\"wordCount\":336,\"publisher\":{\"@id\":\"https:\\\/\\\/historiaintelectual.com.ar\\\/#organization\"},\"image\":{\"@id\":\"https:\\\/\\\/historiaintelectual.com.ar\\\/salio-el-numero-29-de-prismas-revista-de-historia-intelectual\\\/#primaryimage\"},\"thumbnailUrl\":\"https:\\\/\\\/historiaintelectual.com.ar\\\/wp-content\\\/uploads\\\/2025\\\/11\\\/Prismas-29-tapa-sola-scaled.jpg\",\"articleSection\":[\"Actividades en curso\"],\"inLanguage\":\"en-US\"},{\"@type\":\"WebPage\",\"@id\":\"https:\\\/\\\/historiaintelectual.com.ar\\\/salio-el-numero-29-de-prismas-revista-de-historia-intelectual\\\/\",\"url\":\"https:\\\/\\\/historiaintelectual.com.ar\\\/salio-el-numero-29-de-prismas-revista-de-historia-intelectual\\\/\",\"name\":\"Sali\u00f3 el n\u00famero 29 de Prismas. Revista de Historia Intelectual &#187; Historia Intelectual\",\"isPartOf\":{\"@id\":\"https:\\\/\\\/historiaintelectual.com.ar\\\/#website\"},\"primaryImageOfPage\":{\"@id\":\"https:\\\/\\\/historiaintelectual.com.ar\\\/salio-el-numero-29-de-prismas-revista-de-historia-intelectual\\\/#primaryimage\"},\"image\":{\"@id\":\"https:\\\/\\\/historiaintelectual.com.ar\\\/salio-el-numero-29-de-prismas-revista-de-historia-intelectual\\\/#primaryimage\"},\"thumbnailUrl\":\"https:\\\/\\\/historiaintelectual.com.ar\\\/wp-content\\\/uploads\\\/2025\\\/11\\\/Prismas-29-tapa-sola-scaled.jpg\",\"datePublished\":\"2025-11-06T00:59:00+00:00\",\"dateModified\":\"2026-01-28T19:22:34+00:00\",\"breadcrumb\":{\"@id\":\"https:\\\/\\\/historiaintelectual.com.ar\\\/salio-el-numero-29-de-prismas-revista-de-historia-intelectual\\\/#breadcrumb\"},\"inLanguage\":\"en-US\",\"potentialAction\":[{\"@type\":\"ReadAction\",\"target\":[\"https:\\\/\\\/historiaintelectual.com.ar\\\/salio-el-numero-29-de-prismas-revista-de-historia-intelectual\\\/\"]}]},{\"@type\":\"ImageObject\",\"inLanguage\":\"en-US\",\"@id\":\"https:\\\/\\\/historiaintelectual.com.ar\\\/salio-el-numero-29-de-prismas-revista-de-historia-intelectual\\\/#primaryimage\",\"url\":\"https:\\\/\\\/historiaintelectual.com.ar\\\/wp-content\\\/uploads\\\/2025\\\/11\\\/Prismas-29-tapa-sola-scaled.jpg\",\"contentUrl\":\"https:\\\/\\\/historiaintelectual.com.ar\\\/wp-content\\\/uploads\\\/2025\\\/11\\\/Prismas-29-tapa-sola-scaled.jpg\",\"width\":1757,\"height\":2560,\"caption\":\"Prismas n\u00famero 29\"},{\"@type\":\"BreadcrumbList\",\"@id\":\"https:\\\/\\\/historiaintelectual.com.ar\\\/salio-el-numero-29-de-prismas-revista-de-historia-intelectual\\\/#breadcrumb\",\"itemListElement\":[{\"@type\":\"ListItem\",\"position\":1,\"name\":\"Portada\",\"item\":\"https:\\\/\\\/historiaintelectual.com.ar\\\/\"},{\"@type\":\"ListItem\",\"position\":2,\"name\":\"Sali\u00f3 el n\u00famero 29 de Prismas. Revista de Historia Intelectual\"}]},{\"@type\":\"WebSite\",\"@id\":\"https:\\\/\\\/historiaintelectual.com.ar\\\/#website\",\"url\":\"https:\\\/\\\/historiaintelectual.com.ar\\\/\",\"name\":\"Historia Intelectual\",\"description\":\"Centro de Historia Intelectual\",\"publisher\":{\"@id\":\"https:\\\/\\\/historiaintelectual.com.ar\\\/#organization\"},\"alternateName\":\"Centro de historia intelectual\",\"potentialAction\":[{\"@type\":\"SearchAction\",\"target\":{\"@type\":\"EntryPoint\",\"urlTemplate\":\"https:\\\/\\\/historiaintelectual.com.ar\\\/?s={search_term_string}\"},\"query-input\":{\"@type\":\"PropertyValueSpecification\",\"valueRequired\":true,\"valueName\":\"search_term_string\"}}],\"inLanguage\":\"en-US\"},{\"@type\":\"Organization\",\"@id\":\"https:\\\/\\\/historiaintelectual.com.ar\\\/#organization\",\"name\":\"Centro Historia Intelectual\",\"url\":\"https:\\\/\\\/historiaintelectual.com.ar\\\/\",\"logo\":{\"@type\":\"ImageObject\",\"inLanguage\":\"en-US\",\"@id\":\"https:\\\/\\\/historiaintelectual.com.ar\\\/#\\\/schema\\\/logo\\\/image\\\/\",\"url\":\"https:\\\/\\\/historiaintelectual.com.ar\\\/wp-content\\\/uploads\\\/2025\\\/04\\\/logo-25.png\",\"contentUrl\":\"https:\\\/\\\/historiaintelectual.com.ar\\\/wp-content\\\/uploads\\\/2025\\\/04\\\/logo-25.png\",\"width\":456,\"height\":456,\"caption\":\"Centro Historia Intelectual\"},\"image\":{\"@id\":\"https:\\\/\\\/historiaintelectual.com.ar\\\/#\\\/schema\\\/logo\\\/image\\\/\"},\"sameAs\":[\"https:\\\/\\\/www.facebook.com\\\/Centrodehistoriaintelectual\\\/\",\"https:\\\/\\\/www.youtube.com\\\/channel\\\/UCGr8q_2-dchoqKT-jT5Lmfw\",\"https:\\\/\\\/www.instagram.com\\\/chi_unq\\\/\"]},{\"@type\":\"Person\",\"@id\":\"https:\\\/\\\/historiaintelectual.com.ar\\\/#\\\/schema\\\/person\\\/769229088e15d859c56fef3de86ed3c8\",\"name\":\"Comunicacion y Redes CHI\",\"url\":\"http:\\\/\\\/historiaintelectual.com.ar\\\/eng\\\/author\\\/comunicacion\\\/\"}]}<\/script>\n<!-- \/ Yoast SEO plugin. -->","yoast_head_json":{"title":"Sali\u00f3 el n\u00famero 29 de Prismas. Revista de Historia Intelectual &#187; Historia Intelectual","robots":{"index":"index","follow":"follow","max-snippet":"max-snippet:-1","max-image-preview":"max-image-preview:large","max-video-preview":"max-video-preview:-1"},"canonical":"https:\/\/historiaintelectual.com.ar\/eng\/salio-el-numero-29-de-prismas-revista-de-historia-intelectual\/","og_locale":"en_US","og_type":"article","og_title":"Sali\u00f3 el n\u00famero 29 de Prismas. Revista de Historia Intelectual &#187; Historia Intelectual","og_description":"Una nueva edici\u00f3n de esta publicaci\u00f3n que re\u00fane investigaciones, rese\u00f1as y reflexiones recientes en el campo de la historia intelectual.","og_url":"https:\/\/historiaintelectual.com.ar\/eng\/salio-el-numero-29-de-prismas-revista-de-historia-intelectual\/","og_site_name":"Historia Intelectual","article_publisher":"https:\/\/www.facebook.com\/Centrodehistoriaintelectual\/","article_published_time":"2025-11-06T00:59:00+00:00","article_modified_time":"2026-01-28T19:22:34+00:00","og_image":[{"width":1757,"height":2560,"url":"https:\/\/historiaintelectual.com.ar\/wp-content\/uploads\/2025\/11\/Prismas-29-tapa-sola-scaled.jpg","type":"image\/jpeg"}],"author":"Comunicacion y Redes CHI","schema":{"@context":"https:\/\/schema.org","@graph":[{"@type":"Article","@id":"https:\/\/historiaintelectual.com.ar\/salio-el-numero-29-de-prismas-revista-de-historia-intelectual\/#article","isPartOf":{"@id":"https:\/\/historiaintelectual.com.ar\/salio-el-numero-29-de-prismas-revista-de-historia-intelectual\/"},"author":{"name":"Comunicacion y Redes CHI","@id":"https:\/\/historiaintelectual.com.ar\/#\/schema\/person\/769229088e15d859c56fef3de86ed3c8"},"headline":"Sali\u00f3 el n\u00famero 29 de Prismas. Revista de Historia Intelectual","datePublished":"2025-11-06T00:59:00+00:00","dateModified":"2026-01-28T19:22:34+00:00","mainEntityOfPage":{"@id":"https:\/\/historiaintelectual.com.ar\/salio-el-numero-29-de-prismas-revista-de-historia-intelectual\/"},"wordCount":336,"publisher":{"@id":"https:\/\/historiaintelectual.com.ar\/#organization"},"image":{"@id":"https:\/\/historiaintelectual.com.ar\/salio-el-numero-29-de-prismas-revista-de-historia-intelectual\/#primaryimage"},"thumbnailUrl":"https:\/\/historiaintelectual.com.ar\/wp-content\/uploads\/2025\/11\/Prismas-29-tapa-sola-scaled.jpg","articleSection":["Actividades en curso"],"inLanguage":"en-US"},{"@type":"WebPage","@id":"https:\/\/historiaintelectual.com.ar\/salio-el-numero-29-de-prismas-revista-de-historia-intelectual\/","url":"https:\/\/historiaintelectual.com.ar\/salio-el-numero-29-de-prismas-revista-de-historia-intelectual\/","name":"Sali\u00f3 el n\u00famero 29 de Prismas. Revista de Historia Intelectual &#187; Historia Intelectual","isPartOf":{"@id":"https:\/\/historiaintelectual.com.ar\/#website"},"primaryImageOfPage":{"@id":"https:\/\/historiaintelectual.com.ar\/salio-el-numero-29-de-prismas-revista-de-historia-intelectual\/#primaryimage"},"image":{"@id":"https:\/\/historiaintelectual.com.ar\/salio-el-numero-29-de-prismas-revista-de-historia-intelectual\/#primaryimage"},"thumbnailUrl":"https:\/\/historiaintelectual.com.ar\/wp-content\/uploads\/2025\/11\/Prismas-29-tapa-sola-scaled.jpg","datePublished":"2025-11-06T00:59:00+00:00","dateModified":"2026-01-28T19:22:34+00:00","breadcrumb":{"@id":"https:\/\/historiaintelectual.com.ar\/salio-el-numero-29-de-prismas-revista-de-historia-intelectual\/#breadcrumb"},"inLanguage":"en-US","potentialAction":[{"@type":"ReadAction","target":["https:\/\/historiaintelectual.com.ar\/salio-el-numero-29-de-prismas-revista-de-historia-intelectual\/"]}]},{"@type":"ImageObject","inLanguage":"en-US","@id":"https:\/\/historiaintelectual.com.ar\/salio-el-numero-29-de-prismas-revista-de-historia-intelectual\/#primaryimage","url":"https:\/\/historiaintelectual.com.ar\/wp-content\/uploads\/2025\/11\/Prismas-29-tapa-sola-scaled.jpg","contentUrl":"https:\/\/historiaintelectual.com.ar\/wp-content\/uploads\/2025\/11\/Prismas-29-tapa-sola-scaled.jpg","width":1757,"height":2560,"caption":"Prismas n\u00famero 29"},{"@type":"BreadcrumbList","@id":"https:\/\/historiaintelectual.com.ar\/salio-el-numero-29-de-prismas-revista-de-historia-intelectual\/#breadcrumb","itemListElement":[{"@type":"ListItem","position":1,"name":"Portada","item":"https:\/\/historiaintelectual.com.ar\/"},{"@type":"ListItem","position":2,"name":"Sali\u00f3 el n\u00famero 29 de Prismas. Revista de Historia Intelectual"}]},{"@type":"WebSite","@id":"https:\/\/historiaintelectual.com.ar\/#website","url":"https:\/\/historiaintelectual.com.ar\/","name":"Historia Intelectual","description":"Center for Intellectual History","publisher":{"@id":"https:\/\/historiaintelectual.com.ar\/#organization"},"alternateName":"Centro de historia intelectual","potentialAction":[{"@type":"SearchAction","target":{"@type":"EntryPoint","urlTemplate":"https:\/\/historiaintelectual.com.ar\/?s={search_term_string}"},"query-input":{"@type":"PropertyValueSpecification","valueRequired":true,"valueName":"search_term_string"}}],"inLanguage":"en-US"},{"@type":"Organization","@id":"https:\/\/historiaintelectual.com.ar\/#organization","name":"Centro Historia Intelectual","url":"https:\/\/historiaintelectual.com.ar\/","logo":{"@type":"ImageObject","inLanguage":"en-US","@id":"https:\/\/historiaintelectual.com.ar\/#\/schema\/logo\/image\/","url":"https:\/\/historiaintelectual.com.ar\/wp-content\/uploads\/2025\/04\/logo-25.png","contentUrl":"https:\/\/historiaintelectual.com.ar\/wp-content\/uploads\/2025\/04\/logo-25.png","width":456,"height":456,"caption":"Centro Historia Intelectual"},"image":{"@id":"https:\/\/historiaintelectual.com.ar\/#\/schema\/logo\/image\/"},"sameAs":["https:\/\/www.facebook.com\/Centrodehistoriaintelectual\/","https:\/\/www.youtube.com\/channel\/UCGr8q_2-dchoqKT-jT5Lmfw","https:\/\/www.instagram.com\/chi_unq\/"]},{"@type":"Person","@id":"https:\/\/historiaintelectual.com.ar\/#\/schema\/person\/769229088e15d859c56fef3de86ed3c8","name":"Comunicacion y Redes CHI","url":"http:\/\/historiaintelectual.com.ar\/eng\/author\/comunicacion\/"}]}},"_links":{"self":[{"href":"http:\/\/historiaintelectual.com.ar\/eng\/wp-json\/wp\/v2\/posts\/10980","targetHints":{"allow":["GET"]}}],"collection":[{"href":"http:\/\/historiaintelectual.com.ar\/eng\/wp-json\/wp\/v2\/posts"}],"about":[{"href":"http:\/\/historiaintelectual.com.ar\/eng\/wp-json\/wp\/v2\/types\/post"}],"author":[{"embeddable":true,"href":"http:\/\/historiaintelectual.com.ar\/eng\/wp-json\/wp\/v2\/users\/96742469"}],"replies":[{"embeddable":true,"href":"http:\/\/historiaintelectual.com.ar\/eng\/wp-json\/wp\/v2\/comments?post=10980"}],"version-history":[{"count":6,"href":"http:\/\/historiaintelectual.com.ar\/eng\/wp-json\/wp\/v2\/posts\/10980\/revisions"}],"predecessor-version":[{"id":10999,"href":"http:\/\/historiaintelectual.com.ar\/eng\/wp-json\/wp\/v2\/posts\/10980\/revisions\/10999"}],"wp:featuredmedia":[{"embeddable":true,"href":"http:\/\/historiaintelectual.com.ar\/eng\/wp-json\/wp\/v2\/media\/10981"}],"wp:attachment":[{"href":"http:\/\/historiaintelectual.com.ar\/eng\/wp-json\/wp\/v2\/media?parent=10980"}],"wp:term":[{"taxonomy":"category","embeddable":true,"href":"http:\/\/historiaintelectual.com.ar\/eng\/wp-json\/wp\/v2\/categories?post=10980"},{"taxonomy":"post_tag","embeddable":true,"href":"http:\/\/historiaintelectual.com.ar\/eng\/wp-json\/wp\/v2\/tags?post=10980"}],"curies":[{"name":"wp","href":"https:\/\/api.w.org\/{rel}","templated":true}]}}