{"id":10957,"date":"2025-10-31T09:24:00","date_gmt":"2025-10-31T12:24:00","guid":{"rendered":"https:\/\/historiaintelectual.com.ar\/?p=10957"},"modified":"2025-11-21T11:26:14","modified_gmt":"2025-11-21T14:26:14","slug":"coloquio-para-una-critica-del-discurso-decolonial","status":"publish","type":"post","link":"http:\/\/historiaintelectual.com.ar\/eng\/coloquio-para-una-critica-del-discurso-decolonial\/","title":{"rendered":"Coloquio \u201cPara una cr\u00edtica del discurso decolonial\u201d (2025)"},"content":{"rendered":"<div data-elementor-type=\"wp-post\" data-elementor-id=\"10957\" class=\"elementor elementor-10957\" data-elementor-post-type=\"post\">\n\t\t\t\t<div class=\"elementor-element elementor-element-08ed315 e-con-full e-flex e-con e-parent\" data-id=\"08ed315\" data-element_type=\"container\" data-e-type=\"container\">\n\t\t\t\t<div class=\"elementor-element elementor-element-9cb12fb elementor-widget elementor-widget-theme-post-title elementor-page-title elementor-widget-heading\" data-id=\"9cb12fb\" data-element_type=\"widget\" data-e-type=\"widget\" data-widget_type=\"theme-post-title.default\">\n\t\t\t\t<div class=\"elementor-widget-container\">\n\t\t\t\t\t<h2 class=\"elementor-heading-title elementor-size-default\">Coloquio \u201cPara una cr\u00edtica del discurso decolonial\u201d (2025)<\/h2>\t\t\t\t<\/div>\n\t\t\t\t<\/div>\n\t\t\t\t<div class=\"elementor-element elementor-element-4a4018c elementor-widget elementor-widget-text-editor\" data-id=\"4a4018c\" data-element_type=\"widget\" data-e-type=\"widget\" data-widget_type=\"text-editor.default\">\n\t\t\t\t<div class=\"elementor-widget-container\">\n\t\t\t\t\t\t\t\t\t<p><span style=\"font-weight: 400;\">El <\/span><b>mi\u00e9rcoles 12 de noviembre a las 18:00 (hora Argentina)<\/b><span style=\"font-weight: 400;\"> se realiz\u00f3 un nuevo coloquio de la <\/span><b>Maestr\u00eda en Historia Intelectual<\/b><span style=\"font-weight: 400;\">, organizado por el <\/span><b>Centro de Historia Intelectual de la Universidad Nacional de Quilmes<\/b><span style=\"font-weight: 400;\">. <\/span><\/p><p><span style=\"font-weight: 400;\">En esta ocasi\u00f3n, la mesa redonda titulada <\/span><i><span style=\"font-weight: 400;\">\u201cPara una cr\u00edtica del discurso decolonial\u201d<\/span><\/i><span style=\"font-weight: 400;\"> convoc\u00f3 a tres reconocidos especialistas: <\/span><a href=\"https:\/\/historiaintelectual.com.ar\/eng\/elias-palti\/\"><b>El\u00edas Palti<\/b><\/a><span style=\"font-weight: 400;\"> (Centro de Historia Intelectual, UNQ \u2013 Argentina), <\/span><b>Jorge Ca\u00f1izares-Esguerra<\/b><span style=\"font-weight: 400;\"> (Universidad de Texas, Austin \u2013 Estados Unidos) y <\/span><b>Mark Thurner<\/b><span style=\"font-weight: 400;\"> (Universidad de Londres \/ FLACSO-Quito).<\/span><\/p><p><span style=\"font-weight: 400;\">El encuentro propuso abrir un espacio de di\u00e1logo y debate en torno a las formas en que el <\/span><b>pensamiento decolonial <\/b><span style=\"font-weight: 400;\">ha sido abordado desde la historia intelectual.\u00a0<\/span><\/p><p>La actividad se puede volver a ver en <a href=\"https:\/\/www.youtube.com\/watch?v=pQfF5-T-yjM&amp;t=163s\" target=\"_blank\" rel=\"noopener\">este video:\u00a0<\/a><\/p>\t\t\t\t\t\t\t\t<\/div>\n\t\t\t\t<\/div>\n\t\t\t\t<div class=\"elementor-element elementor-element-5887353 elementor-widget elementor-widget-video\" data-id=\"5887353\" data-element_type=\"widget\" data-e-type=\"widget\" data-settings=\"{&quot;youtube_url&quot;:&quot;https:\\\/\\\/www.youtube.com\\\/watch?v=pQfF5-T-yjM&amp;t=163s&quot;,&quot;video_type&quot;:&quot;youtube&quot;,&quot;controls&quot;:&quot;yes&quot;}\" data-widget_type=\"video.default\">\n\t\t\t\t<div class=\"elementor-widget-container\">\n\t\t\t\t\t\t\t<div class=\"elementor-wrapper elementor-open-inline\">\n\t\t\t<div class=\"elementor-video\"><\/div>\t\t<\/div>\n\t\t\t\t\t\t<\/div>\n\t\t\t\t<\/div>\n\t\t\t\t<div class=\"elementor-element elementor-element-0170ac0 elementor-widget__width-inherit elementor-widget elementor-widget-image\" data-id=\"0170ac0\" data-element_type=\"widget\" data-e-type=\"widget\" data-widget_type=\"image.default\">\n\t\t\t\t<div class=\"elementor-widget-container\">\n\t\t\t\t\t\t\t\t\t\t\t\t\t\t\t<img fetchpriority=\"high\" decoding=\"async\" width=\"800\" height=\"1000\" src=\"https:\/\/historiaintelectual.com.ar\/wp-content\/uploads\/2025\/10\/feedCOLOQUIO1_Palti_ok-819x1024.jpg\" class=\"attachment-large size-large wp-image-10986\" alt=\"\" srcset=\"https:\/\/historiaintelectual.com.ar\/wp-content\/uploads\/2025\/10\/feedCOLOQUIO1_Palti_ok-819x1024.jpg 819w, https:\/\/historiaintelectual.com.ar\/wp-content\/uploads\/2025\/10\/feedCOLOQUIO1_Palti_ok-240x300.jpg 240w, https:\/\/historiaintelectual.com.ar\/wp-content\/uploads\/2025\/10\/feedCOLOQUIO1_Palti_ok-768x960.jpg 768w, https:\/\/historiaintelectual.com.ar\/wp-content\/uploads\/2025\/10\/feedCOLOQUIO1_Palti_ok-10x12.jpg 10w, https:\/\/historiaintelectual.com.ar\/wp-content\/uploads\/2025\/10\/feedCOLOQUIO1_Palti_ok.jpg 1082w\" sizes=\"(max-width: 800px) 100vw, 800px\" \/>\t\t\t\t\t\t\t\t\t\t\t\t\t\t\t<\/div>\n\t\t\t\t<\/div>\n\t\t\t\t<\/div>\n\t\t<div class=\"elementor-element elementor-element-c58ad43 e-flex e-con-boxed e-con e-parent\" data-id=\"c58ad43\" data-element_type=\"container\" data-e-type=\"container\">\n\t\t\t\t\t<div class=\"e-con-inner\">\n\t\t\t\t\t<\/div>\n\t\t\t\t<\/div>\n\t\t<div class=\"elementor-element elementor-element-f3f9976 e-flex e-con-boxed e-con e-parent\" data-id=\"f3f9976\" data-element_type=\"container\" data-e-type=\"container\">\n\t\t\t\t\t<div class=\"e-con-inner\">\n\t\t\t\t\t<\/div>\n\t\t\t\t<\/div>\n\t\t<div class=\"elementor-element elementor-element-8e8e3b9 e-flex e-con-boxed e-con e-parent\" data-id=\"8e8e3b9\" data-element_type=\"container\" data-e-type=\"container\">\n\t\t\t\t\t<div class=\"e-con-inner\">\n\t\t\t\t\t<\/div>\n\t\t\t\t<\/div>\n\t\t<div class=\"elementor-element elementor-element-7bd0f27 e-flex e-con-boxed e-con e-parent\" data-id=\"7bd0f27\" data-element_type=\"container\" data-e-type=\"container\">\n\t\t\t\t\t<div class=\"e-con-inner\">\n\t\t\t\t\t<\/div>\n\t\t\t\t<\/div>\n\t\t\t\t<\/div>","protected":false},"excerpt":{"rendered":"<p>El pr\u00f3ximo mi\u00e9rcoles 12 de noviembre se realizar\u00e1 un nuevo coloquio de la Maestr\u00eda en Historia Intelectual, con modalidad virtual.<\/p>","protected":false},"author":96742469,"featured_media":0,"comment_status":"closed","ping_status":"closed","sticky":false,"template":"","format":"standard","meta":{"footnotes":""},"categories":[93,252],"tags":[],"class_list":["post-10957","post","type-post","status-publish","format-standard","hentry","category-archivo-de-actividades","category-charlas"],"yoast_head":"<!-- This site is optimized with the Yoast SEO plugin v27.3 - https:\/\/yoast.com\/product\/yoast-seo-wordpress\/ -->\n<title>Coloquio \u201cPara una cr\u00edtica del discurso decolonial\u201d (2025) &#187; Historia Intelectual<\/title>\n<meta name=\"robots\" content=\"index, follow, max-snippet:-1, max-image-preview:large, max-video-preview:-1\" \/>\n<link rel=\"canonical\" href=\"https:\/\/historiaintelectual.com.ar\/eng\/coloquio-para-una-critica-del-discurso-decolonial\/\" \/>\n<meta property=\"og:locale\" content=\"en_US\" \/>\n<meta property=\"og:type\" content=\"article\" \/>\n<meta property=\"og:title\" content=\"Coloquio \u201cPara una cr\u00edtica del discurso decolonial\u201d (2025) &#187; Historia Intelectual\" \/>\n<meta property=\"og:description\" content=\"El pr\u00f3ximo mi\u00e9rcoles 12 de noviembre se realizar\u00e1 un nuevo coloquio de la Maestr\u00eda en Historia Intelectual, con modalidad virtual.\" \/>\n<meta property=\"og:url\" content=\"https:\/\/historiaintelectual.com.ar\/eng\/coloquio-para-una-critica-del-discurso-decolonial\/\" \/>\n<meta property=\"og:site_name\" content=\"Historia Intelectual\" \/>\n<meta property=\"article:publisher\" content=\"https:\/\/www.facebook.com\/Centrodehistoriaintelectual\/\" \/>\n<meta property=\"article:published_time\" content=\"2025-10-31T12:24:00+00:00\" \/>\n<meta property=\"article:modified_time\" content=\"2025-11-21T14:26:14+00:00\" \/>\n<meta property=\"og:image\" content=\"https:\/\/historiaintelectual.com.ar\/wp-content\/uploads\/2025\/10\/feedCOLOQUIO1_Palti_ok.jpg\" \/>\n\t<meta property=\"og:image:width\" content=\"1082\" \/>\n\t<meta property=\"og:image:height\" content=\"1353\" \/>\n\t<meta property=\"og:image:type\" content=\"image\/jpeg\" \/>\n<meta name=\"author\" content=\"Comunicacion y Redes CHI\" \/>\n<script type=\"application\/ld+json\" class=\"yoast-schema-graph\">{\"@context\":\"https:\\\/\\\/schema.org\",\"@graph\":[{\"@type\":\"Article\",\"@id\":\"https:\\\/\\\/historiaintelectual.com.ar\\\/coloquio-para-una-critica-del-discurso-decolonial\\\/#article\",\"isPartOf\":{\"@id\":\"https:\\\/\\\/historiaintelectual.com.ar\\\/coloquio-para-una-critica-del-discurso-decolonial\\\/\"},\"author\":{\"name\":\"Comunicacion y Redes CHI\",\"@id\":\"https:\\\/\\\/historiaintelectual.com.ar\\\/#\\\/schema\\\/person\\\/769229088e15d859c56fef3de86ed3c8\"},\"headline\":\"Coloquio \u201cPara una cr\u00edtica del discurso decolonial\u201d (2025)\",\"datePublished\":\"2025-10-31T12:24:00+00:00\",\"dateModified\":\"2025-11-21T14:26:14+00:00\",\"mainEntityOfPage\":{\"@id\":\"https:\\\/\\\/historiaintelectual.com.ar\\\/coloquio-para-una-critica-del-discurso-decolonial\\\/\"},\"wordCount\":135,\"publisher\":{\"@id\":\"https:\\\/\\\/historiaintelectual.com.ar\\\/#organization\"},\"image\":{\"@id\":\"https:\\\/\\\/historiaintelectual.com.ar\\\/coloquio-para-una-critica-del-discurso-decolonial\\\/#primaryimage\"},\"thumbnailUrl\":\"https:\\\/\\\/historiaintelectual.com.ar\\\/wp-content\\\/uploads\\\/2025\\\/10\\\/feedCOLOQUIO1_Palti_ok-819x1024.jpg\",\"articleSection\":[\"Archivo de Actividades\",\"Charlas\"],\"inLanguage\":\"en-US\"},{\"@type\":\"WebPage\",\"@id\":\"https:\\\/\\\/historiaintelectual.com.ar\\\/coloquio-para-una-critica-del-discurso-decolonial\\\/\",\"url\":\"https:\\\/\\\/historiaintelectual.com.ar\\\/coloquio-para-una-critica-del-discurso-decolonial\\\/\",\"name\":\"Coloquio \u201cPara una cr\u00edtica del discurso decolonial\u201d (2025) &#187; Historia Intelectual\",\"isPartOf\":{\"@id\":\"https:\\\/\\\/historiaintelectual.com.ar\\\/#website\"},\"primaryImageOfPage\":{\"@id\":\"https:\\\/\\\/historiaintelectual.com.ar\\\/coloquio-para-una-critica-del-discurso-decolonial\\\/#primaryimage\"},\"image\":{\"@id\":\"https:\\\/\\\/historiaintelectual.com.ar\\\/coloquio-para-una-critica-del-discurso-decolonial\\\/#primaryimage\"},\"thumbnailUrl\":\"https:\\\/\\\/historiaintelectual.com.ar\\\/wp-content\\\/uploads\\\/2025\\\/10\\\/feedCOLOQUIO1_Palti_ok-819x1024.jpg\",\"datePublished\":\"2025-10-31T12:24:00+00:00\",\"dateModified\":\"2025-11-21T14:26:14+00:00\",\"breadcrumb\":{\"@id\":\"https:\\\/\\\/historiaintelectual.com.ar\\\/coloquio-para-una-critica-del-discurso-decolonial\\\/#breadcrumb\"},\"inLanguage\":\"en-US\",\"potentialAction\":[{\"@type\":\"ReadAction\",\"target\":[\"https:\\\/\\\/historiaintelectual.com.ar\\\/coloquio-para-una-critica-del-discurso-decolonial\\\/\"]}]},{\"@type\":\"ImageObject\",\"inLanguage\":\"en-US\",\"@id\":\"https:\\\/\\\/historiaintelectual.com.ar\\\/coloquio-para-una-critica-del-discurso-decolonial\\\/#primaryimage\",\"url\":\"https:\\\/\\\/historiaintelectual.com.ar\\\/wp-content\\\/uploads\\\/2025\\\/10\\\/feedCOLOQUIO1_Palti_ok-819x1024.jpg\",\"contentUrl\":\"https:\\\/\\\/historiaintelectual.com.ar\\\/wp-content\\\/uploads\\\/2025\\\/10\\\/feedCOLOQUIO1_Palti_ok-819x1024.jpg\"},{\"@type\":\"BreadcrumbList\",\"@id\":\"https:\\\/\\\/historiaintelectual.com.ar\\\/coloquio-para-una-critica-del-discurso-decolonial\\\/#breadcrumb\",\"itemListElement\":[{\"@type\":\"ListItem\",\"position\":1,\"name\":\"Portada\",\"item\":\"https:\\\/\\\/historiaintelectual.com.ar\\\/\"},{\"@type\":\"ListItem\",\"position\":2,\"name\":\"Coloquio \u201cPara una cr\u00edtica del discurso decolonial\u201d (2025)\"}]},{\"@type\":\"WebSite\",\"@id\":\"https:\\\/\\\/historiaintelectual.com.ar\\\/#website\",\"url\":\"https:\\\/\\\/historiaintelectual.com.ar\\\/\",\"name\":\"Historia Intelectual\",\"description\":\"Centro de Historia Intelectual\",\"publisher\":{\"@id\":\"https:\\\/\\\/historiaintelectual.com.ar\\\/#organization\"},\"alternateName\":\"Centro de historia intelectual\",\"potentialAction\":[{\"@type\":\"SearchAction\",\"target\":{\"@type\":\"EntryPoint\",\"urlTemplate\":\"https:\\\/\\\/historiaintelectual.com.ar\\\/?s={search_term_string}\"},\"query-input\":{\"@type\":\"PropertyValueSpecification\",\"valueRequired\":true,\"valueName\":\"search_term_string\"}}],\"inLanguage\":\"en-US\"},{\"@type\":\"Organization\",\"@id\":\"https:\\\/\\\/historiaintelectual.com.ar\\\/#organization\",\"name\":\"Centro Historia Intelectual\",\"url\":\"https:\\\/\\\/historiaintelectual.com.ar\\\/\",\"logo\":{\"@type\":\"ImageObject\",\"inLanguage\":\"en-US\",\"@id\":\"https:\\\/\\\/historiaintelectual.com.ar\\\/#\\\/schema\\\/logo\\\/image\\\/\",\"url\":\"https:\\\/\\\/historiaintelectual.com.ar\\\/wp-content\\\/uploads\\\/2025\\\/04\\\/logo-25.png\",\"contentUrl\":\"https:\\\/\\\/historiaintelectual.com.ar\\\/wp-content\\\/uploads\\\/2025\\\/04\\\/logo-25.png\",\"width\":456,\"height\":456,\"caption\":\"Centro Historia Intelectual\"},\"image\":{\"@id\":\"https:\\\/\\\/historiaintelectual.com.ar\\\/#\\\/schema\\\/logo\\\/image\\\/\"},\"sameAs\":[\"https:\\\/\\\/www.facebook.com\\\/Centrodehistoriaintelectual\\\/\",\"https:\\\/\\\/www.youtube.com\\\/channel\\\/UCGr8q_2-dchoqKT-jT5Lmfw\",\"https:\\\/\\\/www.instagram.com\\\/chi_unq\\\/\"]},{\"@type\":\"Person\",\"@id\":\"https:\\\/\\\/historiaintelectual.com.ar\\\/#\\\/schema\\\/person\\\/769229088e15d859c56fef3de86ed3c8\",\"name\":\"Comunicacion y Redes CHI\",\"url\":\"http:\\\/\\\/historiaintelectual.com.ar\\\/eng\\\/author\\\/comunicacion\\\/\"}]}<\/script>\n<!-- \/ Yoast SEO plugin. -->","yoast_head_json":{"title":"Coloquio \u201cPara una cr\u00edtica del discurso decolonial\u201d (2025) &#187; Historia Intelectual","robots":{"index":"index","follow":"follow","max-snippet":"max-snippet:-1","max-image-preview":"max-image-preview:large","max-video-preview":"max-video-preview:-1"},"canonical":"https:\/\/historiaintelectual.com.ar\/eng\/coloquio-para-una-critica-del-discurso-decolonial\/","og_locale":"en_US","og_type":"article","og_title":"Coloquio \u201cPara una cr\u00edtica del discurso decolonial\u201d (2025) &#187; Historia Intelectual","og_description":"El pr\u00f3ximo mi\u00e9rcoles 12 de noviembre se realizar\u00e1 un nuevo coloquio de la Maestr\u00eda en Historia Intelectual, con modalidad virtual.","og_url":"https:\/\/historiaintelectual.com.ar\/eng\/coloquio-para-una-critica-del-discurso-decolonial\/","og_site_name":"Historia Intelectual","article_publisher":"https:\/\/www.facebook.com\/Centrodehistoriaintelectual\/","article_published_time":"2025-10-31T12:24:00+00:00","article_modified_time":"2025-11-21T14:26:14+00:00","og_image":[{"width":1082,"height":1353,"url":"https:\/\/historiaintelectual.com.ar\/wp-content\/uploads\/2025\/10\/feedCOLOQUIO1_Palti_ok.jpg","type":"image\/jpeg"}],"author":"Comunicacion y Redes CHI","schema":{"@context":"https:\/\/schema.org","@graph":[{"@type":"Article","@id":"https:\/\/historiaintelectual.com.ar\/coloquio-para-una-critica-del-discurso-decolonial\/#article","isPartOf":{"@id":"https:\/\/historiaintelectual.com.ar\/coloquio-para-una-critica-del-discurso-decolonial\/"},"author":{"name":"Comunicacion y Redes CHI","@id":"https:\/\/historiaintelectual.com.ar\/#\/schema\/person\/769229088e15d859c56fef3de86ed3c8"},"headline":"Coloquio \u201cPara una cr\u00edtica del discurso decolonial\u201d (2025)","datePublished":"2025-10-31T12:24:00+00:00","dateModified":"2025-11-21T14:26:14+00:00","mainEntityOfPage":{"@id":"https:\/\/historiaintelectual.com.ar\/coloquio-para-una-critica-del-discurso-decolonial\/"},"wordCount":135,"publisher":{"@id":"https:\/\/historiaintelectual.com.ar\/#organization"},"image":{"@id":"https:\/\/historiaintelectual.com.ar\/coloquio-para-una-critica-del-discurso-decolonial\/#primaryimage"},"thumbnailUrl":"https:\/\/historiaintelectual.com.ar\/wp-content\/uploads\/2025\/10\/feedCOLOQUIO1_Palti_ok-819x1024.jpg","articleSection":["Archivo de Actividades","Charlas"],"inLanguage":"en-US"},{"@type":"WebPage","@id":"https:\/\/historiaintelectual.com.ar\/coloquio-para-una-critica-del-discurso-decolonial\/","url":"https:\/\/historiaintelectual.com.ar\/coloquio-para-una-critica-del-discurso-decolonial\/","name":"Coloquio \u201cPara una cr\u00edtica del discurso decolonial\u201d (2025) &#187; Historia Intelectual","isPartOf":{"@id":"https:\/\/historiaintelectual.com.ar\/#website"},"primaryImageOfPage":{"@id":"https:\/\/historiaintelectual.com.ar\/coloquio-para-una-critica-del-discurso-decolonial\/#primaryimage"},"image":{"@id":"https:\/\/historiaintelectual.com.ar\/coloquio-para-una-critica-del-discurso-decolonial\/#primaryimage"},"thumbnailUrl":"https:\/\/historiaintelectual.com.ar\/wp-content\/uploads\/2025\/10\/feedCOLOQUIO1_Palti_ok-819x1024.jpg","datePublished":"2025-10-31T12:24:00+00:00","dateModified":"2025-11-21T14:26:14+00:00","breadcrumb":{"@id":"https:\/\/historiaintelectual.com.ar\/coloquio-para-una-critica-del-discurso-decolonial\/#breadcrumb"},"inLanguage":"en-US","potentialAction":[{"@type":"ReadAction","target":["https:\/\/historiaintelectual.com.ar\/coloquio-para-una-critica-del-discurso-decolonial\/"]}]},{"@type":"ImageObject","inLanguage":"en-US","@id":"https:\/\/historiaintelectual.com.ar\/coloquio-para-una-critica-del-discurso-decolonial\/#primaryimage","url":"https:\/\/historiaintelectual.com.ar\/wp-content\/uploads\/2025\/10\/feedCOLOQUIO1_Palti_ok-819x1024.jpg","contentUrl":"https:\/\/historiaintelectual.com.ar\/wp-content\/uploads\/2025\/10\/feedCOLOQUIO1_Palti_ok-819x1024.jpg"},{"@type":"BreadcrumbList","@id":"https:\/\/historiaintelectual.com.ar\/coloquio-para-una-critica-del-discurso-decolonial\/#breadcrumb","itemListElement":[{"@type":"ListItem","position":1,"name":"Portada","item":"https:\/\/historiaintelectual.com.ar\/"},{"@type":"ListItem","position":2,"name":"Coloquio \u201cPara una cr\u00edtica del discurso decolonial\u201d (2025)"}]},{"@type":"WebSite","@id":"https:\/\/historiaintelectual.com.ar\/#website","url":"https:\/\/historiaintelectual.com.ar\/","name":"Historia Intelectual","description":"Center for Intellectual History","publisher":{"@id":"https:\/\/historiaintelectual.com.ar\/#organization"},"alternateName":"Centro de historia intelectual","potentialAction":[{"@type":"SearchAction","target":{"@type":"EntryPoint","urlTemplate":"https:\/\/historiaintelectual.com.ar\/?s={search_term_string}"},"query-input":{"@type":"PropertyValueSpecification","valueRequired":true,"valueName":"search_term_string"}}],"inLanguage":"en-US"},{"@type":"Organization","@id":"https:\/\/historiaintelectual.com.ar\/#organization","name":"Centro Historia Intelectual","url":"https:\/\/historiaintelectual.com.ar\/","logo":{"@type":"ImageObject","inLanguage":"en-US","@id":"https:\/\/historiaintelectual.com.ar\/#\/schema\/logo\/image\/","url":"https:\/\/historiaintelectual.com.ar\/wp-content\/uploads\/2025\/04\/logo-25.png","contentUrl":"https:\/\/historiaintelectual.com.ar\/wp-content\/uploads\/2025\/04\/logo-25.png","width":456,"height":456,"caption":"Centro Historia Intelectual"},"image":{"@id":"https:\/\/historiaintelectual.com.ar\/#\/schema\/logo\/image\/"},"sameAs":["https:\/\/www.facebook.com\/Centrodehistoriaintelectual\/","https:\/\/www.youtube.com\/channel\/UCGr8q_2-dchoqKT-jT5Lmfw","https:\/\/www.instagram.com\/chi_unq\/"]},{"@type":"Person","@id":"https:\/\/historiaintelectual.com.ar\/#\/schema\/person\/769229088e15d859c56fef3de86ed3c8","name":"Comunicacion y Redes CHI","url":"http:\/\/historiaintelectual.com.ar\/eng\/author\/comunicacion\/"}]}},"_links":{"self":[{"href":"http:\/\/historiaintelectual.com.ar\/eng\/wp-json\/wp\/v2\/posts\/10957","targetHints":{"allow":["GET"]}}],"collection":[{"href":"http:\/\/historiaintelectual.com.ar\/eng\/wp-json\/wp\/v2\/posts"}],"about":[{"href":"http:\/\/historiaintelectual.com.ar\/eng\/wp-json\/wp\/v2\/types\/post"}],"author":[{"embeddable":true,"href":"http:\/\/historiaintelectual.com.ar\/eng\/wp-json\/wp\/v2\/users\/96742469"}],"replies":[{"embeddable":true,"href":"http:\/\/historiaintelectual.com.ar\/eng\/wp-json\/wp\/v2\/comments?post=10957"}],"version-history":[{"count":30,"href":"http:\/\/historiaintelectual.com.ar\/eng\/wp-json\/wp\/v2\/posts\/10957\/revisions"}],"predecessor-version":[{"id":11009,"href":"http:\/\/historiaintelectual.com.ar\/eng\/wp-json\/wp\/v2\/posts\/10957\/revisions\/11009"}],"wp:attachment":[{"href":"http:\/\/historiaintelectual.com.ar\/eng\/wp-json\/wp\/v2\/media?parent=10957"}],"wp:term":[{"taxonomy":"category","embeddable":true,"href":"http:\/\/historiaintelectual.com.ar\/eng\/wp-json\/wp\/v2\/categories?post=10957"},{"taxonomy":"post_tag","embeddable":true,"href":"http:\/\/historiaintelectual.com.ar\/eng\/wp-json\/wp\/v2\/tags?post=10957"}],"curies":[{"name":"wp","href":"https:\/\/api.w.org\/{rel}","templated":true}]}}