{"id":10876,"date":"2025-10-16T08:18:04","date_gmt":"2025-10-16T11:18:04","guid":{"rendered":"https:\/\/historiaintelectual.com.ar\/?p=10876"},"modified":"2025-12-12T11:54:12","modified_gmt":"2025-12-12T14:54:12","slug":"presentacion-del-libro-en-quete-de-republique","status":"publish","type":"post","link":"http:\/\/historiaintelectual.com.ar\/eng\/presentacion-del-libro-en-quete-de-republique\/","title":{"rendered":"Presentaci\u00f3n de \u201cEn qu\u00eate de r\u00e9publique\u201d, de Gabriel Entin (2025)"},"content":{"rendered":"<div data-elementor-type=\"wp-post\" data-elementor-id=\"10876\" class=\"elementor elementor-10876\" data-elementor-post-type=\"post\">\n\t\t\t\t<div class=\"elementor-element elementor-element-08ed315 e-con-full e-flex e-con e-parent\" data-id=\"08ed315\" data-element_type=\"container\" data-e-type=\"container\">\n\t\t\t\t<div class=\"elementor-element elementor-element-9cb12fb elementor-widget elementor-widget-theme-post-title elementor-page-title elementor-widget-heading\" data-id=\"9cb12fb\" data-element_type=\"widget\" data-e-type=\"widget\" data-widget_type=\"theme-post-title.default\">\n\t\t\t\t<div class=\"elementor-widget-container\">\n\t\t\t\t\t<h2 class=\"elementor-heading-title elementor-size-default\">Presentaci\u00f3n de \u201cEn qu\u00eate de r\u00e9publique\u201d, de Gabriel Entin (2025)<\/h2>\t\t\t\t<\/div>\n\t\t\t\t<\/div>\n\t\t\t\t<div class=\"elementor-element elementor-element-0170ac0 elementor-widget__width-inherit elementor-widget elementor-widget-image\" data-id=\"0170ac0\" data-element_type=\"widget\" data-e-type=\"widget\" data-widget_type=\"image.default\">\n\t\t\t\t<div class=\"elementor-widget-container\">\n\t\t\t\t\t\t\t\t\t\t\t\t\t\t\t<img fetchpriority=\"high\" decoding=\"async\" width=\"300\" height=\"436\" src=\"https:\/\/historiaintelectual.com.ar\/wp-content\/uploads\/2025\/10\/entin.jpg\" class=\"attachment-large size-large wp-image-10877\" alt=\"\" srcset=\"https:\/\/historiaintelectual.com.ar\/wp-content\/uploads\/2025\/10\/entin.jpg 300w, https:\/\/historiaintelectual.com.ar\/wp-content\/uploads\/2025\/10\/entin-206x300.jpg 206w, https:\/\/historiaintelectual.com.ar\/wp-content\/uploads\/2025\/10\/entin-8x12.jpg 8w\" sizes=\"(max-width: 300px) 100vw, 300px\" \/>\t\t\t\t\t\t\t\t\t\t\t\t\t\t\t<\/div>\n\t\t\t\t<\/div>\n\t\t\t\t<div class=\"elementor-element elementor-element-4a4018c elementor-widget elementor-widget-text-editor\" data-id=\"4a4018c\" data-element_type=\"widget\" data-e-type=\"widget\" data-widget_type=\"text-editor.default\">\n\t\t\t\t<div class=\"elementor-widget-container\">\n\t\t\t\t\t\t\t\t\t<p><span style=\"font-weight: 400;\">El historiador Gabriel Entin present\u00f3 en El Colegio de M\u00e9xico su libro <\/span><i><span style=\"font-weight: 400;\">\u201cEn qu\u00eate de r\u00e9publique\u201d<\/span><\/i><span style=\"font-weight: 400;\">, una historia de la construcci\u00f3n de las rep\u00fablicas durante la <strong>revoluci\u00f3n e independencia en Hispanom\u00e9rica<\/strong>, tomando como estudio de caso al R\u00edo de la Plata.\u00a0<\/span><\/p><p><span style=\"font-weight: 400;\">La actividad cont\u00f3 con la participaci\u00f3n como comentaristas de Pilar Gonz\u00e1lez Bernaldo (Universidad Paris-Cit\u00e9) y Erika Gabriela Pani Bano (El Colegio de M\u00e9xico), quienes acompa\u00f1aron al autor en una conversaci\u00f3n sobre <strong>la rep\u00fablica y el republicanismo<\/strong> durante las revoluciones hispanoamericanas de principios del siglo XIX.<\/span><\/p><p><span style=\"font-weight: 400;\">\u00bfC\u00f3mo se explica la explosi\u00f3n republicana, la mayor del mundo atl\u00e1ntico durante las <strong>revoluciones en Hispanoam\u00e9rica<\/strong>? Este libro, publicado en 2025 por Presses Universitaires de Rennes, explora esta pregunta a partir de una <strong>historia conceptual de la rep\u00fablica<\/strong> en el mundo hisp\u00e1nico desde el siglo XVI en adelante. Esta<\/span> <span style=\"font-weight: 400;\">historia revela tambi\u00e9n las ambig\u00fcedades y los desaf\u00edos constitutivos del republicanismo atl\u00e1ntico.<\/span><\/p><p><strong>Informaci\u00f3n:\u00a0<\/strong><\/p><p><span style=\"font-weight: 400;\">\ud83d\udcc5Martes 21 de octubre<\/span><\/p><p><span style=\"font-weight: 400;\">\u23f1\ufe0f12:00 (MX), 15:00 (AR)<\/span><\/p><p><span style=\"font-weight: 400;\">\ud83d\udccd Sal\u00f3n 2247, El Colegio de M\u00e9xico &#8211; Colmex<\/span><\/p><p><span style=\"font-weight: 400;\">\ud83d\udd17<a href=\"https:\/\/www.youtube.com\/live\/KQageBqXgM4\" target=\"_blank\" rel=\"noopener\">La presentaci\u00f3n se transmiti\u00f3 en vivo y se puede volver a ver en este enlace al canal de YouTube del Colegio de M\u00e9xico.<\/a><\/span><\/p>\t\t\t\t\t\t\t\t<\/div>\n\t\t\t\t<\/div>\n\t\t\t\t<\/div>\n\t\t<div class=\"elementor-element elementor-element-c58ad43 e-flex e-con-boxed e-con e-parent\" data-id=\"c58ad43\" data-element_type=\"container\" data-e-type=\"container\">\n\t\t\t\t\t<div class=\"e-con-inner\">\n\t\t\t\t\t<\/div>\n\t\t\t\t<\/div>\n\t\t<div class=\"elementor-element elementor-element-f3f9976 e-flex e-con-boxed e-con e-parent\" data-id=\"f3f9976\" data-element_type=\"container\" data-e-type=\"container\">\n\t\t\t\t\t<div class=\"e-con-inner\">\n\t\t\t\t\t<\/div>\n\t\t\t\t<\/div>\n\t\t<div class=\"elementor-element elementor-element-8e8e3b9 e-flex e-con-boxed e-con e-parent\" data-id=\"8e8e3b9\" data-element_type=\"container\" data-e-type=\"container\">\n\t\t\t\t\t<div class=\"e-con-inner\">\n\t\t\t\t\t<\/div>\n\t\t\t\t<\/div>\n\t\t<div class=\"elementor-element elementor-element-7bd0f27 e-flex e-con-boxed e-con e-parent\" data-id=\"7bd0f27\" data-element_type=\"container\" data-e-type=\"container\">\n\t\t\t\t\t<div class=\"e-con-inner\">\n\t\t\t\t\t<\/div>\n\t\t\t\t<\/div>\n\t\t\t\t<\/div>","protected":false},"excerpt":{"rendered":"<p>El historiador Gabriel Entin present\u00f3 en El Colegio de M\u00e9xico su libro \u201cEn qu\u00eate de r\u00e9publique\u201d, una historia de la construcci\u00f3n de las rep\u00fablicas durante la revoluci\u00f3n e independencia en Hispanom\u00e9rica. <\/p>","protected":false},"author":96742469,"featured_media":0,"comment_status":"closed","ping_status":"closed","sticky":false,"template":"","format":"standard","meta":{"footnotes":""},"categories":[93,254],"tags":[],"class_list":["post-10876","post","type-post","status-publish","format-standard","hentry","category-archivo-de-actividades","category-presentaciones-de-libros"],"yoast_head":"<!-- This site is optimized with the Yoast SEO plugin v27.3 - https:\/\/yoast.com\/product\/yoast-seo-wordpress\/ -->\n<title>Presentaci\u00f3n de \u201cEn qu\u00eate de r\u00e9publique\u201d, de Gabriel Entin (2025) &#187; Historia Intelectual<\/title>\n<meta name=\"robots\" content=\"index, follow, max-snippet:-1, max-image-preview:large, max-video-preview:-1\" \/>\n<link rel=\"canonical\" href=\"https:\/\/historiaintelectual.com.ar\/eng\/presentacion-del-libro-en-quete-de-republique\/\" \/>\n<meta property=\"og:locale\" content=\"en_US\" \/>\n<meta property=\"og:type\" content=\"article\" \/>\n<meta property=\"og:title\" content=\"Presentaci\u00f3n de \u201cEn qu\u00eate de r\u00e9publique\u201d, de Gabriel Entin (2025) &#187; Historia Intelectual\" \/>\n<meta property=\"og:description\" content=\"El historiador Gabriel Entin present\u00f3 en El Colegio de M\u00e9xico su libro \u201cEn qu\u00eate de r\u00e9publique\u201d, una historia de la construcci\u00f3n de las rep\u00fablicas durante la revoluci\u00f3n e independencia en Hispanom\u00e9rica.\" \/>\n<meta property=\"og:url\" content=\"https:\/\/historiaintelectual.com.ar\/eng\/presentacion-del-libro-en-quete-de-republique\/\" \/>\n<meta property=\"og:site_name\" content=\"Historia Intelectual\" \/>\n<meta property=\"article:publisher\" content=\"https:\/\/www.facebook.com\/Centrodehistoriaintelectual\/\" \/>\n<meta property=\"article:published_time\" content=\"2025-10-16T11:18:04+00:00\" \/>\n<meta property=\"article:modified_time\" content=\"2025-12-12T14:54:12+00:00\" \/>\n<meta property=\"og:image\" content=\"https:\/\/historiaintelectual.com.ar\/wp-content\/uploads\/2025\/10\/entin.jpg\" \/>\n\t<meta property=\"og:image:width\" content=\"300\" \/>\n\t<meta property=\"og:image:height\" content=\"436\" \/>\n\t<meta property=\"og:image:type\" content=\"image\/jpeg\" \/>\n<meta name=\"author\" content=\"Comunicacion y Redes CHI\" \/>\n<script type=\"application\/ld+json\" class=\"yoast-schema-graph\">{\"@context\":\"https:\\\/\\\/schema.org\",\"@graph\":[{\"@type\":\"Article\",\"@id\":\"https:\\\/\\\/historiaintelectual.com.ar\\\/presentacion-del-libro-en-quete-de-republique\\\/#article\",\"isPartOf\":{\"@id\":\"https:\\\/\\\/historiaintelectual.com.ar\\\/presentacion-del-libro-en-quete-de-republique\\\/\"},\"author\":{\"name\":\"Comunicacion y Redes CHI\",\"@id\":\"https:\\\/\\\/historiaintelectual.com.ar\\\/#\\\/schema\\\/person\\\/769229088e15d859c56fef3de86ed3c8\"},\"headline\":\"Presentaci\u00f3n de \u201cEn qu\u00eate de r\u00e9publique\u201d, de Gabriel Entin (2025)\",\"datePublished\":\"2025-10-16T11:18:04+00:00\",\"dateModified\":\"2025-12-12T14:54:12+00:00\",\"mainEntityOfPage\":{\"@id\":\"https:\\\/\\\/historiaintelectual.com.ar\\\/presentacion-del-libro-en-quete-de-republique\\\/\"},\"wordCount\":223,\"publisher\":{\"@id\":\"https:\\\/\\\/historiaintelectual.com.ar\\\/#organization\"},\"image\":{\"@id\":\"https:\\\/\\\/historiaintelectual.com.ar\\\/presentacion-del-libro-en-quete-de-republique\\\/#primaryimage\"},\"thumbnailUrl\":\"https:\\\/\\\/historiaintelectual.com.ar\\\/wp-content\\\/uploads\\\/2025\\\/10\\\/entin.jpg\",\"articleSection\":[\"Archivo de Actividades\",\"Presentaciones de libros\"],\"inLanguage\":\"en-US\"},{\"@type\":\"WebPage\",\"@id\":\"https:\\\/\\\/historiaintelectual.com.ar\\\/presentacion-del-libro-en-quete-de-republique\\\/\",\"url\":\"https:\\\/\\\/historiaintelectual.com.ar\\\/presentacion-del-libro-en-quete-de-republique\\\/\",\"name\":\"Presentaci\u00f3n de \u201cEn qu\u00eate de r\u00e9publique\u201d, de Gabriel Entin (2025) &#187; Historia Intelectual\",\"isPartOf\":{\"@id\":\"https:\\\/\\\/historiaintelectual.com.ar\\\/#website\"},\"primaryImageOfPage\":{\"@id\":\"https:\\\/\\\/historiaintelectual.com.ar\\\/presentacion-del-libro-en-quete-de-republique\\\/#primaryimage\"},\"image\":{\"@id\":\"https:\\\/\\\/historiaintelectual.com.ar\\\/presentacion-del-libro-en-quete-de-republique\\\/#primaryimage\"},\"thumbnailUrl\":\"https:\\\/\\\/historiaintelectual.com.ar\\\/wp-content\\\/uploads\\\/2025\\\/10\\\/entin.jpg\",\"datePublished\":\"2025-10-16T11:18:04+00:00\",\"dateModified\":\"2025-12-12T14:54:12+00:00\",\"breadcrumb\":{\"@id\":\"https:\\\/\\\/historiaintelectual.com.ar\\\/presentacion-del-libro-en-quete-de-republique\\\/#breadcrumb\"},\"inLanguage\":\"en-US\",\"potentialAction\":[{\"@type\":\"ReadAction\",\"target\":[\"https:\\\/\\\/historiaintelectual.com.ar\\\/presentacion-del-libro-en-quete-de-republique\\\/\"]}]},{\"@type\":\"ImageObject\",\"inLanguage\":\"en-US\",\"@id\":\"https:\\\/\\\/historiaintelectual.com.ar\\\/presentacion-del-libro-en-quete-de-republique\\\/#primaryimage\",\"url\":\"https:\\\/\\\/historiaintelectual.com.ar\\\/wp-content\\\/uploads\\\/2025\\\/10\\\/entin.jpg\",\"contentUrl\":\"https:\\\/\\\/historiaintelectual.com.ar\\\/wp-content\\\/uploads\\\/2025\\\/10\\\/entin.jpg\"},{\"@type\":\"BreadcrumbList\",\"@id\":\"https:\\\/\\\/historiaintelectual.com.ar\\\/presentacion-del-libro-en-quete-de-republique\\\/#breadcrumb\",\"itemListElement\":[{\"@type\":\"ListItem\",\"position\":1,\"name\":\"Portada\",\"item\":\"https:\\\/\\\/historiaintelectual.com.ar\\\/\"},{\"@type\":\"ListItem\",\"position\":2,\"name\":\"Presentaci\u00f3n de \u201cEn qu\u00eate de r\u00e9publique\u201d, de Gabriel Entin (2025)\"}]},{\"@type\":\"WebSite\",\"@id\":\"https:\\\/\\\/historiaintelectual.com.ar\\\/#website\",\"url\":\"https:\\\/\\\/historiaintelectual.com.ar\\\/\",\"name\":\"Historia Intelectual\",\"description\":\"Centro de Historia Intelectual\",\"publisher\":{\"@id\":\"https:\\\/\\\/historiaintelectual.com.ar\\\/#organization\"},\"alternateName\":\"Centro de historia intelectual\",\"potentialAction\":[{\"@type\":\"SearchAction\",\"target\":{\"@type\":\"EntryPoint\",\"urlTemplate\":\"https:\\\/\\\/historiaintelectual.com.ar\\\/?s={search_term_string}\"},\"query-input\":{\"@type\":\"PropertyValueSpecification\",\"valueRequired\":true,\"valueName\":\"search_term_string\"}}],\"inLanguage\":\"en-US\"},{\"@type\":\"Organization\",\"@id\":\"https:\\\/\\\/historiaintelectual.com.ar\\\/#organization\",\"name\":\"Centro Historia Intelectual\",\"url\":\"https:\\\/\\\/historiaintelectual.com.ar\\\/\",\"logo\":{\"@type\":\"ImageObject\",\"inLanguage\":\"en-US\",\"@id\":\"https:\\\/\\\/historiaintelectual.com.ar\\\/#\\\/schema\\\/logo\\\/image\\\/\",\"url\":\"https:\\\/\\\/historiaintelectual.com.ar\\\/wp-content\\\/uploads\\\/2025\\\/04\\\/logo-25.png\",\"contentUrl\":\"https:\\\/\\\/historiaintelectual.com.ar\\\/wp-content\\\/uploads\\\/2025\\\/04\\\/logo-25.png\",\"width\":456,\"height\":456,\"caption\":\"Centro Historia Intelectual\"},\"image\":{\"@id\":\"https:\\\/\\\/historiaintelectual.com.ar\\\/#\\\/schema\\\/logo\\\/image\\\/\"},\"sameAs\":[\"https:\\\/\\\/www.facebook.com\\\/Centrodehistoriaintelectual\\\/\",\"https:\\\/\\\/www.youtube.com\\\/channel\\\/UCGr8q_2-dchoqKT-jT5Lmfw\",\"https:\\\/\\\/www.instagram.com\\\/chi_unq\\\/\"]},{\"@type\":\"Person\",\"@id\":\"https:\\\/\\\/historiaintelectual.com.ar\\\/#\\\/schema\\\/person\\\/769229088e15d859c56fef3de86ed3c8\",\"name\":\"Comunicacion y Redes CHI\",\"url\":\"http:\\\/\\\/historiaintelectual.com.ar\\\/eng\\\/author\\\/comunicacion\\\/\"}]}<\/script>\n<!-- \/ Yoast SEO plugin. -->","yoast_head_json":{"title":"Presentaci\u00f3n de \u201cEn qu\u00eate de r\u00e9publique\u201d, de Gabriel Entin (2025) &#187; Historia Intelectual","robots":{"index":"index","follow":"follow","max-snippet":"max-snippet:-1","max-image-preview":"max-image-preview:large","max-video-preview":"max-video-preview:-1"},"canonical":"https:\/\/historiaintelectual.com.ar\/eng\/presentacion-del-libro-en-quete-de-republique\/","og_locale":"en_US","og_type":"article","og_title":"Presentaci\u00f3n de \u201cEn qu\u00eate de r\u00e9publique\u201d, de Gabriel Entin (2025) &#187; Historia Intelectual","og_description":"El historiador Gabriel Entin present\u00f3 en El Colegio de M\u00e9xico su libro \u201cEn qu\u00eate de r\u00e9publique\u201d, una historia de la construcci\u00f3n de las rep\u00fablicas durante la revoluci\u00f3n e independencia en Hispanom\u00e9rica.","og_url":"https:\/\/historiaintelectual.com.ar\/eng\/presentacion-del-libro-en-quete-de-republique\/","og_site_name":"Historia Intelectual","article_publisher":"https:\/\/www.facebook.com\/Centrodehistoriaintelectual\/","article_published_time":"2025-10-16T11:18:04+00:00","article_modified_time":"2025-12-12T14:54:12+00:00","og_image":[{"width":300,"height":436,"url":"https:\/\/historiaintelectual.com.ar\/wp-content\/uploads\/2025\/10\/entin.jpg","type":"image\/jpeg"}],"author":"Comunicacion y Redes CHI","schema":{"@context":"https:\/\/schema.org","@graph":[{"@type":"Article","@id":"https:\/\/historiaintelectual.com.ar\/presentacion-del-libro-en-quete-de-republique\/#article","isPartOf":{"@id":"https:\/\/historiaintelectual.com.ar\/presentacion-del-libro-en-quete-de-republique\/"},"author":{"name":"Comunicacion y Redes CHI","@id":"https:\/\/historiaintelectual.com.ar\/#\/schema\/person\/769229088e15d859c56fef3de86ed3c8"},"headline":"Presentaci\u00f3n de \u201cEn qu\u00eate de r\u00e9publique\u201d, de Gabriel Entin (2025)","datePublished":"2025-10-16T11:18:04+00:00","dateModified":"2025-12-12T14:54:12+00:00","mainEntityOfPage":{"@id":"https:\/\/historiaintelectual.com.ar\/presentacion-del-libro-en-quete-de-republique\/"},"wordCount":223,"publisher":{"@id":"https:\/\/historiaintelectual.com.ar\/#organization"},"image":{"@id":"https:\/\/historiaintelectual.com.ar\/presentacion-del-libro-en-quete-de-republique\/#primaryimage"},"thumbnailUrl":"https:\/\/historiaintelectual.com.ar\/wp-content\/uploads\/2025\/10\/entin.jpg","articleSection":["Archivo de Actividades","Presentaciones de libros"],"inLanguage":"en-US"},{"@type":"WebPage","@id":"https:\/\/historiaintelectual.com.ar\/presentacion-del-libro-en-quete-de-republique\/","url":"https:\/\/historiaintelectual.com.ar\/presentacion-del-libro-en-quete-de-republique\/","name":"Presentaci\u00f3n de \u201cEn qu\u00eate de r\u00e9publique\u201d, de Gabriel Entin (2025) &#187; Historia Intelectual","isPartOf":{"@id":"https:\/\/historiaintelectual.com.ar\/#website"},"primaryImageOfPage":{"@id":"https:\/\/historiaintelectual.com.ar\/presentacion-del-libro-en-quete-de-republique\/#primaryimage"},"image":{"@id":"https:\/\/historiaintelectual.com.ar\/presentacion-del-libro-en-quete-de-republique\/#primaryimage"},"thumbnailUrl":"https:\/\/historiaintelectual.com.ar\/wp-content\/uploads\/2025\/10\/entin.jpg","datePublished":"2025-10-16T11:18:04+00:00","dateModified":"2025-12-12T14:54:12+00:00","breadcrumb":{"@id":"https:\/\/historiaintelectual.com.ar\/presentacion-del-libro-en-quete-de-republique\/#breadcrumb"},"inLanguage":"en-US","potentialAction":[{"@type":"ReadAction","target":["https:\/\/historiaintelectual.com.ar\/presentacion-del-libro-en-quete-de-republique\/"]}]},{"@type":"ImageObject","inLanguage":"en-US","@id":"https:\/\/historiaintelectual.com.ar\/presentacion-del-libro-en-quete-de-republique\/#primaryimage","url":"https:\/\/historiaintelectual.com.ar\/wp-content\/uploads\/2025\/10\/entin.jpg","contentUrl":"https:\/\/historiaintelectual.com.ar\/wp-content\/uploads\/2025\/10\/entin.jpg"},{"@type":"BreadcrumbList","@id":"https:\/\/historiaintelectual.com.ar\/presentacion-del-libro-en-quete-de-republique\/#breadcrumb","itemListElement":[{"@type":"ListItem","position":1,"name":"Portada","item":"https:\/\/historiaintelectual.com.ar\/"},{"@type":"ListItem","position":2,"name":"Presentaci\u00f3n de \u201cEn qu\u00eate de r\u00e9publique\u201d, de Gabriel Entin (2025)"}]},{"@type":"WebSite","@id":"https:\/\/historiaintelectual.com.ar\/#website","url":"https:\/\/historiaintelectual.com.ar\/","name":"Historia Intelectual","description":"Center for Intellectual History","publisher":{"@id":"https:\/\/historiaintelectual.com.ar\/#organization"},"alternateName":"Centro de historia intelectual","potentialAction":[{"@type":"SearchAction","target":{"@type":"EntryPoint","urlTemplate":"https:\/\/historiaintelectual.com.ar\/?s={search_term_string}"},"query-input":{"@type":"PropertyValueSpecification","valueRequired":true,"valueName":"search_term_string"}}],"inLanguage":"en-US"},{"@type":"Organization","@id":"https:\/\/historiaintelectual.com.ar\/#organization","name":"Centro Historia Intelectual","url":"https:\/\/historiaintelectual.com.ar\/","logo":{"@type":"ImageObject","inLanguage":"en-US","@id":"https:\/\/historiaintelectual.com.ar\/#\/schema\/logo\/image\/","url":"https:\/\/historiaintelectual.com.ar\/wp-content\/uploads\/2025\/04\/logo-25.png","contentUrl":"https:\/\/historiaintelectual.com.ar\/wp-content\/uploads\/2025\/04\/logo-25.png","width":456,"height":456,"caption":"Centro Historia Intelectual"},"image":{"@id":"https:\/\/historiaintelectual.com.ar\/#\/schema\/logo\/image\/"},"sameAs":["https:\/\/www.facebook.com\/Centrodehistoriaintelectual\/","https:\/\/www.youtube.com\/channel\/UCGr8q_2-dchoqKT-jT5Lmfw","https:\/\/www.instagram.com\/chi_unq\/"]},{"@type":"Person","@id":"https:\/\/historiaintelectual.com.ar\/#\/schema\/person\/769229088e15d859c56fef3de86ed3c8","name":"Comunicacion y Redes CHI","url":"http:\/\/historiaintelectual.com.ar\/eng\/author\/comunicacion\/"}]}},"_links":{"self":[{"href":"http:\/\/historiaintelectual.com.ar\/eng\/wp-json\/wp\/v2\/posts\/10876","targetHints":{"allow":["GET"]}}],"collection":[{"href":"http:\/\/historiaintelectual.com.ar\/eng\/wp-json\/wp\/v2\/posts"}],"about":[{"href":"http:\/\/historiaintelectual.com.ar\/eng\/wp-json\/wp\/v2\/types\/post"}],"author":[{"embeddable":true,"href":"http:\/\/historiaintelectual.com.ar\/eng\/wp-json\/wp\/v2\/users\/96742469"}],"replies":[{"embeddable":true,"href":"http:\/\/historiaintelectual.com.ar\/eng\/wp-json\/wp\/v2\/comments?post=10876"}],"version-history":[{"count":26,"href":"http:\/\/historiaintelectual.com.ar\/eng\/wp-json\/wp\/v2\/posts\/10876\/revisions"}],"predecessor-version":[{"id":11106,"href":"http:\/\/historiaintelectual.com.ar\/eng\/wp-json\/wp\/v2\/posts\/10876\/revisions\/11106"}],"wp:attachment":[{"href":"http:\/\/historiaintelectual.com.ar\/eng\/wp-json\/wp\/v2\/media?parent=10876"}],"wp:term":[{"taxonomy":"category","embeddable":true,"href":"http:\/\/historiaintelectual.com.ar\/eng\/wp-json\/wp\/v2\/categories?post=10876"},{"taxonomy":"post_tag","embeddable":true,"href":"http:\/\/historiaintelectual.com.ar\/eng\/wp-json\/wp\/v2\/tags?post=10876"}],"curies":[{"name":"wp","href":"https:\/\/api.w.org\/{rel}","templated":true}]}}