{"id":10789,"date":"2025-10-06T15:16:17","date_gmt":"2025-10-06T18:16:17","guid":{"rendered":"https:\/\/historiaintelectual.com.ar\/?p=10789"},"modified":"2026-02-18T15:10:33","modified_gmt":"2026-02-18T18:10:33","slug":"escuela-de-verano-globa-l-2026","status":"publish","type":"post","link":"http:\/\/historiaintelectual.com.ar\/eng\/escuela-de-verano-globa-l-2026\/","title":{"rendered":"Escuela de Verano GlobA.L. 2026"},"content":{"rendered":"<div data-elementor-type=\"wp-post\" data-elementor-id=\"10789\" class=\"elementor elementor-10789\" data-elementor-post-type=\"post\">\n\t\t\t\t<div class=\"elementor-element elementor-element-08ed315 e-con-full e-flex e-con e-parent\" data-id=\"08ed315\" data-element_type=\"container\" data-e-type=\"container\">\n\t\t\t\t<div class=\"elementor-element elementor-element-9cb12fb elementor-widget elementor-widget-theme-post-title elementor-page-title elementor-widget-heading\" data-id=\"9cb12fb\" data-element_type=\"widget\" data-e-type=\"widget\" data-widget_type=\"theme-post-title.default\">\n\t\t\t\t<div class=\"elementor-widget-container\">\n\t\t\t\t\t<h2 class=\"elementor-heading-title elementor-size-default\">Escuela de Verano GlobA.L. 2026<\/h2>\t\t\t\t<\/div>\n\t\t\t\t<\/div>\n\t\t\t\t<div class=\"elementor-element elementor-element-0170ac0 elementor-widget__width-inherit elementor-widget elementor-widget-image\" data-id=\"0170ac0\" data-element_type=\"widget\" data-e-type=\"widget\" data-widget_type=\"image.default\">\n\t\t\t\t<div class=\"elementor-widget-container\">\n\t\t\t\t\t\t\t\t\t\t\t\t\t\t\t<img fetchpriority=\"high\" decoding=\"async\" width=\"480\" height=\"362\" src=\"https:\/\/historiaintelectual.com.ar\/wp-content\/uploads\/2025\/10\/Tarsilia2.jpeg\" class=\"attachment-large size-large wp-image-10795\" alt=\"\" srcset=\"https:\/\/historiaintelectual.com.ar\/wp-content\/uploads\/2025\/10\/Tarsilia2.jpeg 480w, https:\/\/historiaintelectual.com.ar\/wp-content\/uploads\/2025\/10\/Tarsilia2-300x226.jpeg 300w, https:\/\/historiaintelectual.com.ar\/wp-content\/uploads\/2025\/10\/Tarsilia2-16x12.jpeg 16w\" sizes=\"(max-width: 480px) 100vw, 480px\" \/>\t\t\t\t\t\t\t\t\t\t\t\t\t\t\t<\/div>\n\t\t\t\t<\/div>\n\t\t\t\t<div class=\"elementor-element elementor-element-4a4018c elementor-widget elementor-widget-text-editor\" data-id=\"4a4018c\" data-element_type=\"widget\" data-e-type=\"widget\" data-widget_type=\"text-editor.default\">\n\t\t\t\t<div class=\"elementor-widget-container\">\n\t\t\t\t\t\t\t\t\t<p><span style=\"font-weight: 400;\">Tenemos el agrado de anunciar el lanzamiento de la primera <\/span><strong><i>\u201cEscuela de Verano GlobA.L.: Pensando la Historia Global desde Am\u00e9rica Latina\u201d<\/i><\/strong><span style=\"font-weight: 400;\">, organizada por el Laboratorio de Estudios sobre Brasil y el Sistema Mundial (Lab-Mundi \/USP), en asociaci\u00f3n con historiadores e historiadoras de la Universidad de S\u00e3o Paulo (USP, Brasil), la Universidad de la Rep\u00fablica (UdelaR, Uruguay) y el Centro de Historia Intelectual de la Universidad Nacional de Quilmes (UNQ, Argentina).\u00a0<\/span><\/p><p><span style=\"font-weight: 400;\">El proyecto es resultado de un impulso liderado por Alexandre Morelli (USP), Aldo Marchesi (UdelaR) y Mart\u00edn Bergel (CHI\/UNQ) y tendr\u00e1 una din\u00e1mica anual e itinerante, eligiendo cada edici\u00f3n a una de las instituciones organizadoras como sede. Esta primera edici\u00f3n, ser\u00e1 del <\/span><b>9 al 13 de febrero de 2026<\/b><span style=\"font-weight: 400;\"> en el <\/span><a href=\"https:\/\/labmundi.fflch.usp.br\/\"><span style=\"font-weight: 400;\">Instituto de Relaciones Internacionales de S<\/span><span style=\"font-weight: 400;\">\u00e3<\/span><span style=\"font-weight: 400;\">o Paulo<\/span><\/a><span style=\"font-weight: 400;\">, bajo el tema \u201cSistemas, Tiempos, Espacios\u201d; y participar\u00e1n como profesores desde el Centro de Historia Intelectual, <\/span><a href=\"https:\/\/historiaintelectual.com.ar\/eng\/martin-bergel\/\"><span style=\"font-weight: 400;\">Mart\u00edn Bergel<\/span><\/a><span style=\"font-weight: 400;\">, <\/span><a href=\"https:\/\/historiaintelectual.com.ar\/eng\/laura-ehrlich\/\"><span style=\"font-weight: 400;\">Laura Ehrlich<\/span><\/a><span style=\"font-weight: 400;\"> and <\/span><a href=\"https:\/\/historiaintelectual.com.ar\/eng\/martina-garategaray\/\"><span style=\"font-weight: 400;\">Martina Garategaray<\/span><\/a><span style=\"font-weight: 400;\">.\u00a0<\/span><\/p><p><span style=\"font-weight: 400;\">La escuela est\u00e1 dirigida a graduados\/as y estudiantes de maestr\u00eda y doctorado de cualquier nacionalidad. Invitamos a la comunidad acad\u00e9mica de la regi\u00f3n a discutir investigaciones que reflexionen sobre los quehaceres historiogr\u00e1ficos en <\/span><b>perspectivas sist\u00e9micas y relacionales<\/b><span style=\"font-weight: 400;\">, que valoren la pluralidad de los tiempos hist\u00f3ricos, que exploren m\u00faltiples escalas espaciales y que busquen totalizaciones en sus unidades de observaci\u00f3n.<\/span><\/p><h5><b>Modalidades y programaci\u00f3n<\/b><\/h5><p><span style=\"font-weight: 400;\">La Escuela se desarrollar\u00e1 en portugu\u00e9s y espa\u00f1ol, sin traducci\u00f3n simult\u00e1nea, y contar\u00e1 con las siguientes actividades:<\/span><\/p><ul><li style=\"font-weight: 400;\" aria-level=\"1\"><b>Clases<\/b><span style=\"font-weight: 400;\"> sobre grandes temas analizados desde la perspectiva de la Historia Global;<\/span><\/li><li style=\"font-weight: 400;\" aria-level=\"1\"><b>Mesas Redondas<\/b><span style=\"font-weight: 400;\">, promoviendo un debate m\u00e1s din\u00e1mico sobre las potencialidades y desaf\u00edos del quehacer historiogr\u00e1fico en perspectiva global;<\/span><\/li><li style=\"font-weight: 400;\" aria-level=\"1\"><b>Talleres de Investigaci\u00f3n<\/b><span style=\"font-weight: 400;\">, en los cuales las y los participantes podr\u00e1n debatir sus agendas de investigaci\u00f3n junto con el plantel docente.\u00a0<\/span><\/li><\/ul><p><span style=\"font-weight: 400;\">Para postular, deber\u00e1n presentar una <strong>carta de inter\u00e9s y un CV, hasta el 26 de octubre.<\/strong> Se trata de una actividad sin costo de inscripci\u00f3n ni de participaci\u00f3n. Los costos de traslado, alojamiento y comidas correr\u00e1n por cuenta de los participantes.\u00a0<\/span><\/p><p><span style=\"font-weight: 400;\">\ud83d\udce7 <\/span><b>Correo para postulaciones:<\/b><span style=\"font-weight: 400;\"> historiaglobal.al@gmail.com<\/span><span style=\"font-weight: 400;\"><br \/><\/span><span style=\"font-weight: 400;\"> \ud83d\uddd3\ufe0f <\/span><b>Fecha l\u00edmite:<\/b><span style=\"font-weight: 400;\"> 26 de octubre<\/span><\/p><p><span style=\"font-weight: 400;\">\ud83d\udd17 <\/span><b>Full program <\/b><a href=\"https:\/\/drive.google.com\/file\/d\/1SsE8AvifO-i5pe-iioweyNi62bL-ax4T\/view?usp=sharing\"><b>here<\/b><b><br \/><\/b><\/a><span style=\"font-weight: 400;\"> \ud83d\udd17<\/span><a href=\"https:\/\/labmundi.fflch.usp.br\/escola-de-verao\"> <b>Learn more.<\/b><\/a><\/p><p><em>\u2728<\/em>Actualizaci\u00f3n enero 2026: Para esta primera edici\u00f3n, las inscripciones ya se encuentran cerradas. La programaci\u00f3n se puede consultar <strong><a href=\"https:\/\/labmundi.fflch.usp.br\/escola-de-verao-programacao\" target=\"_blank\" rel=\"noopener\">here<\/a><\/strong>.\u00a0<\/p><p><em>Cr\u00e9dito de la imagen: Tarsila do Amaral, S\u00e3o Paulo, 1924, \u00f3leo sobre tela, 57 cm \u00d7 90 cm, Acervo de la Pinacoteca del Estado de S\u00e3o Paulo\/Brasil. Imagen <\/em><em>disponible en la Enciclopedia Ita\u00fa Cultural.<\/em><\/p>\t\t\t\t\t\t\t\t<\/div>\n\t\t\t\t<\/div>\n\t\t\t\t<\/div>\n\t\t<div class=\"elementor-element elementor-element-c58ad43 e-flex e-con-boxed e-con e-parent\" data-id=\"c58ad43\" data-element_type=\"container\" data-e-type=\"container\">\n\t\t\t\t\t<div class=\"e-con-inner\">\n\t\t\t\t\t<\/div>\n\t\t\t\t<\/div>\n\t\t<div class=\"elementor-element elementor-element-f3f9976 e-flex e-con-boxed e-con e-parent\" data-id=\"f3f9976\" data-element_type=\"container\" data-e-type=\"container\">\n\t\t\t\t\t<div class=\"e-con-inner\">\n\t\t\t\t\t<\/div>\n\t\t\t\t<\/div>\n\t\t\t\t<\/div>","protected":false},"excerpt":{"rendered":"<p>La Escuela de Verano GlobA.L., organizada por Lab-Mundi\/Universidad de S\u00e3o Paulo, la Universidad de la Rep\u00fablica de Montevideo y el Centro de Historia Intelectual de la Universidad de Quilmes, anuncia su primera edici\u00f3n en S\u00e3o Paulo en febrero de 2026. Una propuesta itinerante para pensar Am\u00e9rica Latina desde la Historia Global.<\/p>","protected":false},"author":96742469,"featured_media":0,"comment_status":"closed","ping_status":"closed","sticky":false,"template":"","format":"standard","meta":{"footnotes":""},"categories":[93,251],"tags":[256],"class_list":["post-10789","post","type-post","status-publish","format-standard","hentry","category-archivo-de-actividades","category-jornadas","tag-historia-global"],"yoast_head":"<!-- This site is optimized with the Yoast SEO plugin v27.3 - https:\/\/yoast.com\/product\/yoast-seo-wordpress\/ -->\n<title>Escuela de Verano GlobA.L. 2026 &#187; Historia Intelectual<\/title>\n<meta name=\"robots\" content=\"index, follow, max-snippet:-1, max-image-preview:large, max-video-preview:-1\" \/>\n<link rel=\"canonical\" href=\"https:\/\/historiaintelectual.com.ar\/eng\/escuela-de-verano-globa-l-2026\/\" \/>\n<meta property=\"og:locale\" content=\"en_US\" \/>\n<meta property=\"og:type\" content=\"article\" \/>\n<meta property=\"og:title\" content=\"Escuela de Verano GlobA.L. 2026 &#187; Historia Intelectual\" \/>\n<meta property=\"og:description\" content=\"La Escuela de Verano GlobA.L., organizada por Lab-Mundi\/Universidad de S\u00e3o Paulo, la Universidad de la Rep\u00fablica de Montevideo y el Centro de Historia Intelectual de la Universidad de Quilmes, anuncia su primera edici\u00f3n en S\u00e3o Paulo en febrero de 2026. Una propuesta itinerante para pensar Am\u00e9rica Latina desde la Historia Global.\" \/>\n<meta property=\"og:url\" content=\"https:\/\/historiaintelectual.com.ar\/eng\/escuela-de-verano-globa-l-2026\/\" \/>\n<meta property=\"og:site_name\" content=\"Historia Intelectual\" \/>\n<meta property=\"article:publisher\" content=\"https:\/\/www.facebook.com\/Centrodehistoriaintelectual\/\" \/>\n<meta property=\"article:published_time\" content=\"2025-10-06T18:16:17+00:00\" \/>\n<meta property=\"article:modified_time\" content=\"2026-02-18T18:10:33+00:00\" \/>\n<meta property=\"og:image\" content=\"https:\/\/historiaintelectual.com.ar\/wp-content\/uploads\/2025\/10\/Tarsilia2.jpeg\" \/>\n\t<meta property=\"og:image:width\" content=\"480\" \/>\n\t<meta property=\"og:image:height\" content=\"362\" \/>\n\t<meta property=\"og:image:type\" content=\"image\/jpeg\" \/>\n<meta name=\"author\" content=\"Comunicacion y Redes CHI\" \/>\n<script type=\"application\/ld+json\" class=\"yoast-schema-graph\">{\"@context\":\"https:\\\/\\\/schema.org\",\"@graph\":[{\"@type\":\"Article\",\"@id\":\"https:\\\/\\\/historiaintelectual.com.ar\\\/escuela-de-verano-globa-l-2026\\\/#article\",\"isPartOf\":{\"@id\":\"https:\\\/\\\/historiaintelectual.com.ar\\\/escuela-de-verano-globa-l-2026\\\/\"},\"author\":{\"name\":\"Comunicacion y Redes CHI\",\"@id\":\"https:\\\/\\\/historiaintelectual.com.ar\\\/#\\\/schema\\\/person\\\/769229088e15d859c56fef3de86ed3c8\"},\"headline\":\"Escuela de Verano GlobA.L. 2026\",\"datePublished\":\"2025-10-06T18:16:17+00:00\",\"dateModified\":\"2026-02-18T18:10:33+00:00\",\"mainEntityOfPage\":{\"@id\":\"https:\\\/\\\/historiaintelectual.com.ar\\\/escuela-de-verano-globa-l-2026\\\/\"},\"wordCount\":436,\"publisher\":{\"@id\":\"https:\\\/\\\/historiaintelectual.com.ar\\\/#organization\"},\"image\":{\"@id\":\"https:\\\/\\\/historiaintelectual.com.ar\\\/escuela-de-verano-globa-l-2026\\\/#primaryimage\"},\"thumbnailUrl\":\"https:\\\/\\\/historiaintelectual.com.ar\\\/wp-content\\\/uploads\\\/2025\\\/10\\\/Tarsilia2.jpeg\",\"keywords\":[\"historia global\"],\"articleSection\":[\"Archivo de Actividades\",\"Jornadas\"],\"inLanguage\":\"en-US\"},{\"@type\":\"WebPage\",\"@id\":\"https:\\\/\\\/historiaintelectual.com.ar\\\/escuela-de-verano-globa-l-2026\\\/\",\"url\":\"https:\\\/\\\/historiaintelectual.com.ar\\\/escuela-de-verano-globa-l-2026\\\/\",\"name\":\"Escuela de Verano GlobA.L. 2026 &#187; Historia Intelectual\",\"isPartOf\":{\"@id\":\"https:\\\/\\\/historiaintelectual.com.ar\\\/#website\"},\"primaryImageOfPage\":{\"@id\":\"https:\\\/\\\/historiaintelectual.com.ar\\\/escuela-de-verano-globa-l-2026\\\/#primaryimage\"},\"image\":{\"@id\":\"https:\\\/\\\/historiaintelectual.com.ar\\\/escuela-de-verano-globa-l-2026\\\/#primaryimage\"},\"thumbnailUrl\":\"https:\\\/\\\/historiaintelectual.com.ar\\\/wp-content\\\/uploads\\\/2025\\\/10\\\/Tarsilia2.jpeg\",\"datePublished\":\"2025-10-06T18:16:17+00:00\",\"dateModified\":\"2026-02-18T18:10:33+00:00\",\"breadcrumb\":{\"@id\":\"https:\\\/\\\/historiaintelectual.com.ar\\\/escuela-de-verano-globa-l-2026\\\/#breadcrumb\"},\"inLanguage\":\"en-US\",\"potentialAction\":[{\"@type\":\"ReadAction\",\"target\":[\"https:\\\/\\\/historiaintelectual.com.ar\\\/escuela-de-verano-globa-l-2026\\\/\"]}]},{\"@type\":\"ImageObject\",\"inLanguage\":\"en-US\",\"@id\":\"https:\\\/\\\/historiaintelectual.com.ar\\\/escuela-de-verano-globa-l-2026\\\/#primaryimage\",\"url\":\"https:\\\/\\\/historiaintelectual.com.ar\\\/wp-content\\\/uploads\\\/2025\\\/10\\\/Tarsilia2.jpeg\",\"contentUrl\":\"https:\\\/\\\/historiaintelectual.com.ar\\\/wp-content\\\/uploads\\\/2025\\\/10\\\/Tarsilia2.jpeg\"},{\"@type\":\"BreadcrumbList\",\"@id\":\"https:\\\/\\\/historiaintelectual.com.ar\\\/escuela-de-verano-globa-l-2026\\\/#breadcrumb\",\"itemListElement\":[{\"@type\":\"ListItem\",\"position\":1,\"name\":\"Portada\",\"item\":\"https:\\\/\\\/historiaintelectual.com.ar\\\/\"},{\"@type\":\"ListItem\",\"position\":2,\"name\":\"Escuela de Verano GlobA.L. 2026\"}]},{\"@type\":\"WebSite\",\"@id\":\"https:\\\/\\\/historiaintelectual.com.ar\\\/#website\",\"url\":\"https:\\\/\\\/historiaintelectual.com.ar\\\/\",\"name\":\"Historia Intelectual\",\"description\":\"Centro de Historia Intelectual\",\"publisher\":{\"@id\":\"https:\\\/\\\/historiaintelectual.com.ar\\\/#organization\"},\"alternateName\":\"Centro de historia intelectual\",\"potentialAction\":[{\"@type\":\"SearchAction\",\"target\":{\"@type\":\"EntryPoint\",\"urlTemplate\":\"https:\\\/\\\/historiaintelectual.com.ar\\\/?s={search_term_string}\"},\"query-input\":{\"@type\":\"PropertyValueSpecification\",\"valueRequired\":true,\"valueName\":\"search_term_string\"}}],\"inLanguage\":\"en-US\"},{\"@type\":\"Organization\",\"@id\":\"https:\\\/\\\/historiaintelectual.com.ar\\\/#organization\",\"name\":\"Centro Historia Intelectual\",\"url\":\"https:\\\/\\\/historiaintelectual.com.ar\\\/\",\"logo\":{\"@type\":\"ImageObject\",\"inLanguage\":\"en-US\",\"@id\":\"https:\\\/\\\/historiaintelectual.com.ar\\\/#\\\/schema\\\/logo\\\/image\\\/\",\"url\":\"https:\\\/\\\/historiaintelectual.com.ar\\\/wp-content\\\/uploads\\\/2025\\\/04\\\/logo-25.png\",\"contentUrl\":\"https:\\\/\\\/historiaintelectual.com.ar\\\/wp-content\\\/uploads\\\/2025\\\/04\\\/logo-25.png\",\"width\":456,\"height\":456,\"caption\":\"Centro Historia Intelectual\"},\"image\":{\"@id\":\"https:\\\/\\\/historiaintelectual.com.ar\\\/#\\\/schema\\\/logo\\\/image\\\/\"},\"sameAs\":[\"https:\\\/\\\/www.facebook.com\\\/Centrodehistoriaintelectual\\\/\",\"https:\\\/\\\/www.youtube.com\\\/channel\\\/UCGr8q_2-dchoqKT-jT5Lmfw\",\"https:\\\/\\\/www.instagram.com\\\/chi_unq\\\/\"]},{\"@type\":\"Person\",\"@id\":\"https:\\\/\\\/historiaintelectual.com.ar\\\/#\\\/schema\\\/person\\\/769229088e15d859c56fef3de86ed3c8\",\"name\":\"Comunicacion y Redes CHI\",\"url\":\"http:\\\/\\\/historiaintelectual.com.ar\\\/eng\\\/author\\\/comunicacion\\\/\"}]}<\/script>\n<!-- \/ Yoast SEO plugin. -->","yoast_head_json":{"title":"Escuela de Verano GlobA.L. 2026 &#187; Historia Intelectual","robots":{"index":"index","follow":"follow","max-snippet":"max-snippet:-1","max-image-preview":"max-image-preview:large","max-video-preview":"max-video-preview:-1"},"canonical":"https:\/\/historiaintelectual.com.ar\/eng\/escuela-de-verano-globa-l-2026\/","og_locale":"en_US","og_type":"article","og_title":"Escuela de Verano GlobA.L. 2026 &#187; Historia Intelectual","og_description":"La Escuela de Verano GlobA.L., organizada por Lab-Mundi\/Universidad de S\u00e3o Paulo, la Universidad de la Rep\u00fablica de Montevideo y el Centro de Historia Intelectual de la Universidad de Quilmes, anuncia su primera edici\u00f3n en S\u00e3o Paulo en febrero de 2026. Una propuesta itinerante para pensar Am\u00e9rica Latina desde la Historia Global.","og_url":"https:\/\/historiaintelectual.com.ar\/eng\/escuela-de-verano-globa-l-2026\/","og_site_name":"Historia Intelectual","article_publisher":"https:\/\/www.facebook.com\/Centrodehistoriaintelectual\/","article_published_time":"2025-10-06T18:16:17+00:00","article_modified_time":"2026-02-18T18:10:33+00:00","og_image":[{"width":480,"height":362,"url":"https:\/\/historiaintelectual.com.ar\/wp-content\/uploads\/2025\/10\/Tarsilia2.jpeg","type":"image\/jpeg"}],"author":"Comunicacion y Redes CHI","schema":{"@context":"https:\/\/schema.org","@graph":[{"@type":"Article","@id":"https:\/\/historiaintelectual.com.ar\/escuela-de-verano-globa-l-2026\/#article","isPartOf":{"@id":"https:\/\/historiaintelectual.com.ar\/escuela-de-verano-globa-l-2026\/"},"author":{"name":"Comunicacion y Redes CHI","@id":"https:\/\/historiaintelectual.com.ar\/#\/schema\/person\/769229088e15d859c56fef3de86ed3c8"},"headline":"Escuela de Verano GlobA.L. 2026","datePublished":"2025-10-06T18:16:17+00:00","dateModified":"2026-02-18T18:10:33+00:00","mainEntityOfPage":{"@id":"https:\/\/historiaintelectual.com.ar\/escuela-de-verano-globa-l-2026\/"},"wordCount":436,"publisher":{"@id":"https:\/\/historiaintelectual.com.ar\/#organization"},"image":{"@id":"https:\/\/historiaintelectual.com.ar\/escuela-de-verano-globa-l-2026\/#primaryimage"},"thumbnailUrl":"https:\/\/historiaintelectual.com.ar\/wp-content\/uploads\/2025\/10\/Tarsilia2.jpeg","keywords":["historia global"],"articleSection":["Archivo de Actividades","Jornadas"],"inLanguage":"en-US"},{"@type":"WebPage","@id":"https:\/\/historiaintelectual.com.ar\/escuela-de-verano-globa-l-2026\/","url":"https:\/\/historiaintelectual.com.ar\/escuela-de-verano-globa-l-2026\/","name":"Escuela de Verano GlobA.L. 2026 &#187; Historia Intelectual","isPartOf":{"@id":"https:\/\/historiaintelectual.com.ar\/#website"},"primaryImageOfPage":{"@id":"https:\/\/historiaintelectual.com.ar\/escuela-de-verano-globa-l-2026\/#primaryimage"},"image":{"@id":"https:\/\/historiaintelectual.com.ar\/escuela-de-verano-globa-l-2026\/#primaryimage"},"thumbnailUrl":"https:\/\/historiaintelectual.com.ar\/wp-content\/uploads\/2025\/10\/Tarsilia2.jpeg","datePublished":"2025-10-06T18:16:17+00:00","dateModified":"2026-02-18T18:10:33+00:00","breadcrumb":{"@id":"https:\/\/historiaintelectual.com.ar\/escuela-de-verano-globa-l-2026\/#breadcrumb"},"inLanguage":"en-US","potentialAction":[{"@type":"ReadAction","target":["https:\/\/historiaintelectual.com.ar\/escuela-de-verano-globa-l-2026\/"]}]},{"@type":"ImageObject","inLanguage":"en-US","@id":"https:\/\/historiaintelectual.com.ar\/escuela-de-verano-globa-l-2026\/#primaryimage","url":"https:\/\/historiaintelectual.com.ar\/wp-content\/uploads\/2025\/10\/Tarsilia2.jpeg","contentUrl":"https:\/\/historiaintelectual.com.ar\/wp-content\/uploads\/2025\/10\/Tarsilia2.jpeg"},{"@type":"BreadcrumbList","@id":"https:\/\/historiaintelectual.com.ar\/escuela-de-verano-globa-l-2026\/#breadcrumb","itemListElement":[{"@type":"ListItem","position":1,"name":"Portada","item":"https:\/\/historiaintelectual.com.ar\/"},{"@type":"ListItem","position":2,"name":"Escuela de Verano GlobA.L. 2026"}]},{"@type":"WebSite","@id":"https:\/\/historiaintelectual.com.ar\/#website","url":"https:\/\/historiaintelectual.com.ar\/","name":"Historia Intelectual","description":"Center for Intellectual History","publisher":{"@id":"https:\/\/historiaintelectual.com.ar\/#organization"},"alternateName":"Centro de historia intelectual","potentialAction":[{"@type":"SearchAction","target":{"@type":"EntryPoint","urlTemplate":"https:\/\/historiaintelectual.com.ar\/?s={search_term_string}"},"query-input":{"@type":"PropertyValueSpecification","valueRequired":true,"valueName":"search_term_string"}}],"inLanguage":"en-US"},{"@type":"Organization","@id":"https:\/\/historiaintelectual.com.ar\/#organization","name":"Centro Historia Intelectual","url":"https:\/\/historiaintelectual.com.ar\/","logo":{"@type":"ImageObject","inLanguage":"en-US","@id":"https:\/\/historiaintelectual.com.ar\/#\/schema\/logo\/image\/","url":"https:\/\/historiaintelectual.com.ar\/wp-content\/uploads\/2025\/04\/logo-25.png","contentUrl":"https:\/\/historiaintelectual.com.ar\/wp-content\/uploads\/2025\/04\/logo-25.png","width":456,"height":456,"caption":"Centro Historia Intelectual"},"image":{"@id":"https:\/\/historiaintelectual.com.ar\/#\/schema\/logo\/image\/"},"sameAs":["https:\/\/www.facebook.com\/Centrodehistoriaintelectual\/","https:\/\/www.youtube.com\/channel\/UCGr8q_2-dchoqKT-jT5Lmfw","https:\/\/www.instagram.com\/chi_unq\/"]},{"@type":"Person","@id":"https:\/\/historiaintelectual.com.ar\/#\/schema\/person\/769229088e15d859c56fef3de86ed3c8","name":"Comunicacion y Redes CHI","url":"http:\/\/historiaintelectual.com.ar\/eng\/author\/comunicacion\/"}]}},"_links":{"self":[{"href":"http:\/\/historiaintelectual.com.ar\/eng\/wp-json\/wp\/v2\/posts\/10789","targetHints":{"allow":["GET"]}}],"collection":[{"href":"http:\/\/historiaintelectual.com.ar\/eng\/wp-json\/wp\/v2\/posts"}],"about":[{"href":"http:\/\/historiaintelectual.com.ar\/eng\/wp-json\/wp\/v2\/types\/post"}],"author":[{"embeddable":true,"href":"http:\/\/historiaintelectual.com.ar\/eng\/wp-json\/wp\/v2\/users\/96742469"}],"replies":[{"embeddable":true,"href":"http:\/\/historiaintelectual.com.ar\/eng\/wp-json\/wp\/v2\/comments?post=10789"}],"version-history":[{"count":12,"href":"http:\/\/historiaintelectual.com.ar\/eng\/wp-json\/wp\/v2\/posts\/10789\/revisions"}],"predecessor-version":[{"id":11195,"href":"http:\/\/historiaintelectual.com.ar\/eng\/wp-json\/wp\/v2\/posts\/10789\/revisions\/11195"}],"wp:attachment":[{"href":"http:\/\/historiaintelectual.com.ar\/eng\/wp-json\/wp\/v2\/media?parent=10789"}],"wp:term":[{"taxonomy":"category","embeddable":true,"href":"http:\/\/historiaintelectual.com.ar\/eng\/wp-json\/wp\/v2\/categories?post=10789"},{"taxonomy":"post_tag","embeddable":true,"href":"http:\/\/historiaintelectual.com.ar\/eng\/wp-json\/wp\/v2\/tags?post=10789"}],"curies":[{"name":"wp","href":"https:\/\/api.w.org\/{rel}","templated":true}]}}