{"id":10723,"date":"2025-09-30T16:05:33","date_gmt":"2025-09-30T19:05:33","guid":{"rendered":"https:\/\/historiaintelectual.com.ar\/?p=10723"},"modified":"2026-01-27T15:35:43","modified_gmt":"2026-01-27T18:35:43","slug":"perspectivas-en-historia-intelectual-un-ciclo-de-charlas-en-2020","status":"publish","type":"post","link":"http:\/\/historiaintelectual.com.ar\/eng\/perspectivas-en-historia-intelectual-un-ciclo-de-charlas-en-2020\/","title":{"rendered":"Perspectivas en Historia Intelectual: Un ciclo de charlas en 2020"},"content":{"rendered":"<div data-elementor-type=\"wp-post\" data-elementor-id=\"10723\" class=\"elementor elementor-10723\" data-elementor-post-type=\"post\">\n\t\t\t\t<div class=\"elementor-element elementor-element-08ed315 e-con-full e-flex e-con e-parent\" data-id=\"08ed315\" data-element_type=\"container\" data-e-type=\"container\">\n\t\t\t\t<div class=\"elementor-element elementor-element-9cb12fb elementor-widget elementor-widget-theme-post-title elementor-page-title elementor-widget-heading\" data-id=\"9cb12fb\" data-element_type=\"widget\" data-e-type=\"widget\" data-widget_type=\"theme-post-title.default\">\n\t\t\t\t<div class=\"elementor-widget-container\">\n\t\t\t\t\t<h2 class=\"elementor-heading-title elementor-size-default\">Perspectivas en Historia Intelectual: Un ciclo de charlas en 2020<\/h2>\t\t\t\t<\/div>\n\t\t\t\t<\/div>\n\t\t\t\t<div class=\"elementor-element elementor-element-4a4018c elementor-widget elementor-widget-text-editor\" data-id=\"4a4018c\" data-element_type=\"widget\" data-e-type=\"widget\" data-widget_type=\"text-editor.default\">\n\t\t\t\t<div class=\"elementor-widget-container\">\n\t\t\t\t\t\t\t\t\t<p><span style=\"font-weight: 400;\">En el a\u00f1o 2020, al inicio de la Maestr\u00eda en Historia Intelectual de la Universidad Nacional de Quilmes, el Centro de Historia Intelectual organiz\u00f3 un ciclo de charlas titulado &#8220;Perspectivas en Historia Intelectual&#8221;. Este evento se convirti\u00f3 en un valioso espacio de encuentro e intercambio de ideas en un contexto de aislamiento social, provocado por el comienzo de la pandemia del Covid-19. Su objetivo fue explorar la <\/span><b>pluralidad de abordajes<\/b><span style=\"font-weight: 400;\"> a la disciplina de la historia intelectual.<\/span><\/p><p><span style=\"font-weight: 400;\">El ciclo de charlas comenz\u00f3 con la participaci\u00f3n del historiador <\/span><a href=\"https:\/\/historiaintelectual.com.ar\/eng\/elias-palti\/\"><b>El\u00edas Palti<\/b> <\/a><span style=\"font-weight: 400;\">y su conferencia &#8220;La nueva historia intelectual&#8221;. En su exposici\u00f3n, Palti analiz\u00f3 la transici\u00f3n de la &#8220;historia de las ideas&#8221; a la &#8220;nueva historia intelectual&#8221;, detallando los marcos conceptuales de tres corrientes fundamentales: la <\/span><b>escuela alemana<\/b><span style=\"font-weight: 400;\">, la <\/span><b>escuela de Cambridge<\/b><span style=\"font-weight: 400;\"> y la <\/span><b>escuela francesa<\/b><span style=\"font-weight: 400;\">. <\/span><\/p>\t\t\t\t\t\t\t\t<\/div>\n\t\t\t\t<\/div>\n\t\t\t\t<div class=\"elementor-element elementor-element-67e20ce elementor-widget elementor-widget-video\" data-id=\"67e20ce\" data-element_type=\"widget\" data-e-type=\"widget\" data-settings=\"{&quot;youtube_url&quot;:&quot;https:\\\/\\\/www.youtube.com\\\/watch?v=Den2tMiaRfk&quot;,&quot;video_type&quot;:&quot;youtube&quot;,&quot;controls&quot;:&quot;yes&quot;}\" data-widget_type=\"video.default\">\n\t\t\t\t<div class=\"elementor-widget-container\">\n\t\t\t\t\t\t\t<div class=\"elementor-wrapper elementor-open-inline\">\n\t\t\t<div class=\"elementor-video\"><\/div>\t\t<\/div>\n\t\t\t\t\t\t<\/div>\n\t\t\t\t<\/div>\n\t\t\t\t<div class=\"elementor-element elementor-element-996b6a5 elementor-widget elementor-widget-text-editor\" data-id=\"996b6a5\" data-element_type=\"widget\" data-e-type=\"widget\" data-widget_type=\"text-editor.default\">\n\t\t\t\t<div class=\"elementor-widget-container\">\n\t\t\t\t\t\t\t\t\t<p><span style=\"font-weight: 400;\">La siguiente charla del ciclo estuvo a cargo de la historiadora<\/span><a href=\"https:\/\/historiaintelectual.com.ar\/eng\/flavia-fiorucci\/\"><b> Flavia Fiorucci<\/b><\/a><span style=\"font-weight: 400;\">, quien expuso &#8220;El normalismo como objeto de la historia cultural&#8221;. En esta intervenci\u00f3n, la historiadora explic\u00f3 brevemente c\u00f3mo se gest\u00f3 la creaci\u00f3n de escuelas Normales en Argentina a partir de la Ley de Educaci\u00f3n de 1884, su multiplicaci\u00f3n y expansi\u00f3n geogr\u00e1fica en pocos a\u00f1os. Adem\u00e1s, caracteriz\u00f3 este proyecto del normalismo por su igualitarismo, y se\u00f1al\u00f3 el proceso de feminizaci\u00f3n de la profesi\u00f3n docente en la Argentina entre 1888 y 1920. Finalmente, Fiorucci ofreci\u00f3 algunas reflexiones en torno a los aportes desde una historia cultural del normalismo, a partir de algunas experiencias que ha estudiado.<\/span><\/p>\t\t\t\t\t\t\t\t<\/div>\n\t\t\t\t<\/div>\n\t\t\t\t<div class=\"elementor-element elementor-element-8e404f3 elementor-widget elementor-widget-video\" data-id=\"8e404f3\" data-element_type=\"widget\" data-e-type=\"widget\" data-settings=\"{&quot;youtube_url&quot;:&quot;https:\\\/\\\/www.youtube.com\\\/watch?v=-Jywoaw2MUA&amp;t=6s&quot;,&quot;video_type&quot;:&quot;youtube&quot;,&quot;controls&quot;:&quot;yes&quot;}\" data-widget_type=\"video.default\">\n\t\t\t\t<div class=\"elementor-widget-container\">\n\t\t\t\t\t\t\t<div class=\"elementor-wrapper elementor-open-inline\">\n\t\t\t<div class=\"elementor-video\"><\/div>\t\t<\/div>\n\t\t\t\t\t\t<\/div>\n\t\t\t\t<\/div>\n\t\t\t\t<div class=\"elementor-element elementor-element-51d1435 elementor-widget elementor-widget-text-editor\" data-id=\"51d1435\" data-element_type=\"widget\" data-e-type=\"widget\" data-widget_type=\"text-editor.default\">\n\t\t\t\t<div class=\"elementor-widget-container\">\n\t\t\t\t\t\t\t\t\t<p><span style=\"font-weight: 400;\">El ciclo continu\u00f3 con la intervenci\u00f3n del soci\u00f3logo e historiador <\/span><a href=\"https:\/\/historiaintelectual.com.ar\/eng\/alejandro-blanco\/\"><b>Alejandro Blanco<\/b><\/a><span style=\"font-weight: 400;\"> y su charla \u201cLa vida social de las ideas\u201d. Blanco explic\u00f3 que las ideas no existen de forma aislada, sino que est\u00e1n profundamente <\/span><b>inmersas en un contexto social<\/b><span style=\"font-weight: 400;\">. Adem\u00e1s, identific\u00f3 los obst\u00e1culos para una comprensi\u00f3n sociol\u00f3gica de las ideas, como el denominado <\/span><b>&#8220;fetichismo de las ideas&#8221;<\/b><span style=\"font-weight: 400;\">.<\/span><\/p>\t\t\t\t\t\t\t\t<\/div>\n\t\t\t\t<\/div>\n\t\t\t\t<div class=\"elementor-element elementor-element-ca5cf0a elementor-widget elementor-widget-video\" data-id=\"ca5cf0a\" data-element_type=\"widget\" data-e-type=\"widget\" data-settings=\"{&quot;youtube_url&quot;:&quot;https:\\\/\\\/www.youtube.com\\\/watch?v=7AK7QRB9A5k&amp;t=3s&quot;,&quot;video_type&quot;:&quot;youtube&quot;,&quot;controls&quot;:&quot;yes&quot;}\" data-widget_type=\"video.default\">\n\t\t\t\t<div class=\"elementor-widget-container\">\n\t\t\t\t\t\t\t<div class=\"elementor-wrapper elementor-open-inline\">\n\t\t\t<div class=\"elementor-video\"><\/div>\t\t<\/div>\n\t\t\t\t\t\t<\/div>\n\t\t\t\t<\/div>\n\t\t\t\t<div class=\"elementor-element elementor-element-9fcff5b elementor-widget elementor-widget-text-editor\" data-id=\"9fcff5b\" data-element_type=\"widget\" data-e-type=\"widget\" data-widget_type=\"text-editor.default\">\n\t\t\t\t<div class=\"elementor-widget-container\">\n\t\t\t\t\t\t\t\t\t<p><span style=\"font-weight: 400;\">Por su parte, <a href=\"https:\/\/historiaintelectual.com.ar\/eng\/adrian-gorelik\/\">Adri\u00e1n Gorelik<\/a>, arquitecto y doctor en Historia, present\u00f3: <\/span><span style=\"font-weight: 400;\">\u201cCultura urbana latinoamericana\u201d. En esta charla, Gorelik explora la evoluci\u00f3n y din\u00e1micas sociales alrededor de la<strong> cultura urbana latinoamericana<\/strong>. Su disertaci\u00f3n abord\u00f3 los puntos de contacto entre la historia cultural, la sociolog\u00eda, la filosof\u00eda y otras disciplinas para aproximarse a la ciudad como objeto de estudio.<\/span><\/p>\t\t\t\t\t\t\t\t<\/div>\n\t\t\t\t<\/div>\n\t\t\t\t<div class=\"elementor-element elementor-element-204a401 elementor-widget elementor-widget-video\" data-id=\"204a401\" data-element_type=\"widget\" data-e-type=\"widget\" data-settings=\"{&quot;youtube_url&quot;:&quot;https:\\\/\\\/www.youtube.com\\\/watch?v=vOdr-50Y2EM&amp;t=159s&quot;,&quot;video_type&quot;:&quot;youtube&quot;,&quot;controls&quot;:&quot;yes&quot;}\" data-widget_type=\"video.default\">\n\t\t\t\t<div class=\"elementor-widget-container\">\n\t\t\t\t\t\t\t<div class=\"elementor-wrapper elementor-open-inline\">\n\t\t\t<div class=\"elementor-video\"><\/div>\t\t<\/div>\n\t\t\t\t\t\t<\/div>\n\t\t\t\t<\/div>\n\t\t\t\t<div class=\"elementor-element elementor-element-a15b3c1 elementor-widget elementor-widget-text-editor\" data-id=\"a15b3c1\" data-element_type=\"widget\" data-e-type=\"widget\" data-widget_type=\"text-editor.default\">\n\t\t\t\t<div class=\"elementor-widget-container\">\n\t\t\t\t\t\t\t\t\t<p><a href=\"https:\/\/historiaintelectual.com.ar\/eng\/ximena-espeche\/\">Ximena Espeche<\/a> abord\u00f3 algunos de sus avances de investigaci\u00f3n sobre el rol de las agencias de noticias internacionales en las disputas informativas e ideol\u00f3gicas de la Guerra Fr\u00eda.\u00a0<\/p>\t\t\t\t\t\t\t\t<\/div>\n\t\t\t\t<\/div>\n\t\t\t\t<div class=\"elementor-element elementor-element-8e5aa30 elementor-widget elementor-widget-video\" data-id=\"8e5aa30\" data-element_type=\"widget\" data-e-type=\"widget\" data-settings=\"{&quot;youtube_url&quot;:&quot;https:\\\/\\\/www.youtube.com\\\/watch?v=HQwgtImE2wU&quot;,&quot;video_type&quot;:&quot;youtube&quot;,&quot;controls&quot;:&quot;yes&quot;}\" data-widget_type=\"video.default\">\n\t\t\t\t<div class=\"elementor-widget-container\">\n\t\t\t\t\t\t\t<div class=\"elementor-wrapper elementor-open-inline\">\n\t\t\t<div class=\"elementor-video\"><\/div>\t\t<\/div>\n\t\t\t\t\t\t<\/div>\n\t\t\t\t<\/div>\n\t\t\t\t<div class=\"elementor-element elementor-element-b8a250f elementor-widget elementor-widget-text-editor\" data-id=\"b8a250f\" data-element_type=\"widget\" data-e-type=\"widget\" data-widget_type=\"text-editor.default\">\n\t\t\t\t<div class=\"elementor-widget-container\">\n\t\t\t\t\t\t\t\t\t<p><a href=\"https:\/\/historiaintelectual.com.ar\/eng\/sebastian-carassai\/\" target=\"_blank\" rel=\"noopener\">Sebasti\u00e1n Carassai<\/a> propuso reflexionar sobre los aportes de la <strong>nueva historia intelectual<\/strong> a partir de un problema espec\u00edfico: el del populismo y sus variadas acepciones contempor\u00e1neas.<\/p>\t\t\t\t\t\t\t\t<\/div>\n\t\t\t\t<\/div>\n\t\t\t\t<div class=\"elementor-element elementor-element-370dd28 elementor-widget elementor-widget-video\" data-id=\"370dd28\" data-element_type=\"widget\" data-e-type=\"widget\" data-settings=\"{&quot;youtube_url&quot;:&quot;https:\\\/\\\/www.youtube.com\\\/watch?v=VLxI1VFYkL8&quot;,&quot;video_type&quot;:&quot;youtube&quot;,&quot;controls&quot;:&quot;yes&quot;}\" data-widget_type=\"video.default\">\n\t\t\t\t<div class=\"elementor-widget-container\">\n\t\t\t\t\t\t\t<div class=\"elementor-wrapper elementor-open-inline\">\n\t\t\t<div class=\"elementor-video\"><\/div>\t\t<\/div>\n\t\t\t\t\t\t<\/div>\n\t\t\t\t<\/div>\n\t\t\t\t<div class=\"elementor-element elementor-element-98d0937 elementor-widget elementor-widget-text-editor\" data-id=\"98d0937\" data-element_type=\"widget\" data-e-type=\"widget\" data-widget_type=\"text-editor.default\">\n\t\t\t\t<div class=\"elementor-widget-container\">\n\t\t\t\t\t\t\t\t\t<p><span style=\"font-weight: 400;\">Los videos quedaron disponibles en el canal de Youtube del Centro de Historia Intelectual, con el af\u00e1n de que sirvan de recurso para investigadores, estudiantes y docentes interesados en este campo disciplinar.\u00a0<\/span><\/p><p><span style=\"font-weight: 400;\"><br \/><\/span><span style=\"font-weight: 400;\">Te invitamos a <\/span><b>suscribirte a <a href=\"https:\/\/www.youtube.com\/@CHIHistoriaIntelectual\" target=\"_blank\" rel=\"noopener\">nuestro canal<\/a><\/b><span style=\"font-weight: 400;\"> para recibir notificaciones cuando publiquemos nuevos contenidos.<\/span><\/p>\t\t\t\t\t\t\t\t<\/div>\n\t\t\t\t<\/div>\n\t\t\t\t<\/div>\n\t\t<div class=\"elementor-element elementor-element-c58ad43 e-flex e-con-boxed e-con e-parent\" data-id=\"c58ad43\" data-element_type=\"container\" data-e-type=\"container\">\n\t\t\t\t\t<div class=\"e-con-inner\">\n\t\t\t\t\t<\/div>\n\t\t\t\t<\/div>\n\t\t<div class=\"elementor-element elementor-element-f3f9976 e-flex e-con-boxed e-con e-parent\" data-id=\"f3f9976\" data-element_type=\"container\" data-e-type=\"container\">\n\t\t\t\t\t<div class=\"e-con-inner\">\n\t\t\t\t\t<\/div>\n\t\t\t\t<\/div>\n\t\t\t\t<\/div>","protected":false},"excerpt":{"rendered":"<p>En el a\u00f1o 2020, al inicio de la Maestr\u00eda en Historia Intelectual de la Universidad Nacional de Quilmes, el Centro de Historia Intelectual organiz\u00f3 un ciclo de charlas titulado &#8220;Perspectivas en Historia Intelectual&#8221;<\/p>","protected":false},"author":96742468,"featured_media":7897,"comment_status":"closed","ping_status":"closed","sticky":false,"template":"","format":"standard","meta":{"footnotes":""},"categories":[93,252],"tags":[],"class_list":["post-10723","post","type-post","status-publish","format-standard","has-post-thumbnail","hentry","category-archivo-de-actividades","category-charlas"],"yoast_head":"<!-- This site is optimized with the Yoast SEO plugin v27.3 - https:\/\/yoast.com\/product\/yoast-seo-wordpress\/ -->\n<title>Perspectivas en Historia Intelectual: Un ciclo de charlas en 2020 &#187; Historia Intelectual<\/title>\n<meta name=\"robots\" content=\"index, follow, max-snippet:-1, max-image-preview:large, max-video-preview:-1\" \/>\n<link rel=\"canonical\" href=\"https:\/\/historiaintelectual.com.ar\/eng\/perspectivas-en-historia-intelectual-un-ciclo-de-charlas-en-2020\/\" \/>\n<meta property=\"og:locale\" content=\"en_US\" \/>\n<meta property=\"og:type\" content=\"article\" \/>\n<meta property=\"og:title\" content=\"Perspectivas en Historia Intelectual: Un ciclo de charlas en 2020 &#187; Historia Intelectual\" \/>\n<meta property=\"og:description\" content=\"En el a\u00f1o 2020, al inicio de la Maestr\u00eda en Historia Intelectual de la Universidad Nacional de Quilmes, el Centro de Historia Intelectual organiz\u00f3 un ciclo de charlas titulado &quot;Perspectivas en Historia Intelectual&quot;\" \/>\n<meta property=\"og:url\" content=\"https:\/\/historiaintelectual.com.ar\/eng\/perspectivas-en-historia-intelectual-un-ciclo-de-charlas-en-2020\/\" \/>\n<meta property=\"og:site_name\" content=\"Historia Intelectual\" \/>\n<meta property=\"article:publisher\" content=\"https:\/\/www.facebook.com\/Centrodehistoriaintelectual\/\" \/>\n<meta property=\"article:published_time\" content=\"2025-09-30T19:05:33+00:00\" \/>\n<meta property=\"article:modified_time\" content=\"2026-01-27T18:35:43+00:00\" \/>\n<meta property=\"og:image\" content=\"https:\/\/historiaintelectual.com.ar\/wp-content\/uploads\/2025\/04\/logo-25_n.png\" \/>\n\t<meta property=\"og:image:width\" content=\"1113\" \/>\n\t<meta property=\"og:image:height\" content=\"1113\" \/>\n\t<meta property=\"og:image:type\" content=\"image\/png\" \/>\n<meta name=\"author\" content=\"Noel Alvarez\" \/>\n<script type=\"application\/ld+json\" class=\"yoast-schema-graph\">{\"@context\":\"https:\\\/\\\/schema.org\",\"@graph\":[{\"@type\":\"Article\",\"@id\":\"https:\\\/\\\/historiaintelectual.com.ar\\\/perspectivas-en-historia-intelectual-un-ciclo-de-charlas-en-2020\\\/#article\",\"isPartOf\":{\"@id\":\"https:\\\/\\\/historiaintelectual.com.ar\\\/perspectivas-en-historia-intelectual-un-ciclo-de-charlas-en-2020\\\/\"},\"author\":{\"name\":\"Noel Alvarez\",\"@id\":\"https:\\\/\\\/historiaintelectual.com.ar\\\/#\\\/schema\\\/person\\\/d9da125a96632badb37d306ed1d2d690\"},\"headline\":\"Perspectivas en Historia Intelectual: Un ciclo de charlas en 2020\",\"datePublished\":\"2025-09-30T19:05:33+00:00\",\"dateModified\":\"2026-01-27T18:35:43+00:00\",\"mainEntityOfPage\":{\"@id\":\"https:\\\/\\\/historiaintelectual.com.ar\\\/perspectivas-en-historia-intelectual-un-ciclo-de-charlas-en-2020\\\/\"},\"wordCount\":552,\"publisher\":{\"@id\":\"https:\\\/\\\/historiaintelectual.com.ar\\\/#organization\"},\"image\":{\"@id\":\"https:\\\/\\\/historiaintelectual.com.ar\\\/perspectivas-en-historia-intelectual-un-ciclo-de-charlas-en-2020\\\/#primaryimage\"},\"thumbnailUrl\":\"https:\\\/\\\/historiaintelectual.com.ar\\\/wp-content\\\/uploads\\\/2025\\\/04\\\/Asset-27-1.svg\",\"articleSection\":[\"Archivo de Actividades\",\"Charlas\"],\"inLanguage\":\"en-US\"},{\"@type\":\"WebPage\",\"@id\":\"https:\\\/\\\/historiaintelectual.com.ar\\\/perspectivas-en-historia-intelectual-un-ciclo-de-charlas-en-2020\\\/\",\"url\":\"https:\\\/\\\/historiaintelectual.com.ar\\\/perspectivas-en-historia-intelectual-un-ciclo-de-charlas-en-2020\\\/\",\"name\":\"Perspectivas en Historia Intelectual: Un ciclo de charlas en 2020 &#187; Historia Intelectual\",\"isPartOf\":{\"@id\":\"https:\\\/\\\/historiaintelectual.com.ar\\\/#website\"},\"primaryImageOfPage\":{\"@id\":\"https:\\\/\\\/historiaintelectual.com.ar\\\/perspectivas-en-historia-intelectual-un-ciclo-de-charlas-en-2020\\\/#primaryimage\"},\"image\":{\"@id\":\"https:\\\/\\\/historiaintelectual.com.ar\\\/perspectivas-en-historia-intelectual-un-ciclo-de-charlas-en-2020\\\/#primaryimage\"},\"thumbnailUrl\":\"https:\\\/\\\/historiaintelectual.com.ar\\\/wp-content\\\/uploads\\\/2025\\\/04\\\/Asset-27-1.svg\",\"datePublished\":\"2025-09-30T19:05:33+00:00\",\"dateModified\":\"2026-01-27T18:35:43+00:00\",\"breadcrumb\":{\"@id\":\"https:\\\/\\\/historiaintelectual.com.ar\\\/perspectivas-en-historia-intelectual-un-ciclo-de-charlas-en-2020\\\/#breadcrumb\"},\"inLanguage\":\"en-US\",\"potentialAction\":[{\"@type\":\"ReadAction\",\"target\":[\"https:\\\/\\\/historiaintelectual.com.ar\\\/perspectivas-en-historia-intelectual-un-ciclo-de-charlas-en-2020\\\/\"]}]},{\"@type\":\"ImageObject\",\"inLanguage\":\"en-US\",\"@id\":\"https:\\\/\\\/historiaintelectual.com.ar\\\/perspectivas-en-historia-intelectual-un-ciclo-de-charlas-en-2020\\\/#primaryimage\",\"url\":\"https:\\\/\\\/historiaintelectual.com.ar\\\/wp-content\\\/uploads\\\/2025\\\/04\\\/Asset-27-1.svg\",\"contentUrl\":\"https:\\\/\\\/historiaintelectual.com.ar\\\/wp-content\\\/uploads\\\/2025\\\/04\\\/Asset-27-1.svg\",\"width\":90,\"height\":90},{\"@type\":\"BreadcrumbList\",\"@id\":\"https:\\\/\\\/historiaintelectual.com.ar\\\/perspectivas-en-historia-intelectual-un-ciclo-de-charlas-en-2020\\\/#breadcrumb\",\"itemListElement\":[{\"@type\":\"ListItem\",\"position\":1,\"name\":\"Portada\",\"item\":\"https:\\\/\\\/historiaintelectual.com.ar\\\/\"},{\"@type\":\"ListItem\",\"position\":2,\"name\":\"Perspectivas en Historia Intelectual: Un ciclo de charlas en 2020\"}]},{\"@type\":\"WebSite\",\"@id\":\"https:\\\/\\\/historiaintelectual.com.ar\\\/#website\",\"url\":\"https:\\\/\\\/historiaintelectual.com.ar\\\/\",\"name\":\"Historia Intelectual\",\"description\":\"Centro de Historia Intelectual\",\"publisher\":{\"@id\":\"https:\\\/\\\/historiaintelectual.com.ar\\\/#organization\"},\"alternateName\":\"Centro de historia intelectual\",\"potentialAction\":[{\"@type\":\"SearchAction\",\"target\":{\"@type\":\"EntryPoint\",\"urlTemplate\":\"https:\\\/\\\/historiaintelectual.com.ar\\\/?s={search_term_string}\"},\"query-input\":{\"@type\":\"PropertyValueSpecification\",\"valueRequired\":true,\"valueName\":\"search_term_string\"}}],\"inLanguage\":\"en-US\"},{\"@type\":\"Organization\",\"@id\":\"https:\\\/\\\/historiaintelectual.com.ar\\\/#organization\",\"name\":\"Centro Historia Intelectual\",\"url\":\"https:\\\/\\\/historiaintelectual.com.ar\\\/\",\"logo\":{\"@type\":\"ImageObject\",\"inLanguage\":\"en-US\",\"@id\":\"https:\\\/\\\/historiaintelectual.com.ar\\\/#\\\/schema\\\/logo\\\/image\\\/\",\"url\":\"https:\\\/\\\/historiaintelectual.com.ar\\\/wp-content\\\/uploads\\\/2025\\\/04\\\/logo-25.png\",\"contentUrl\":\"https:\\\/\\\/historiaintelectual.com.ar\\\/wp-content\\\/uploads\\\/2025\\\/04\\\/logo-25.png\",\"width\":456,\"height\":456,\"caption\":\"Centro Historia Intelectual\"},\"image\":{\"@id\":\"https:\\\/\\\/historiaintelectual.com.ar\\\/#\\\/schema\\\/logo\\\/image\\\/\"},\"sameAs\":[\"https:\\\/\\\/www.facebook.com\\\/Centrodehistoriaintelectual\\\/\",\"https:\\\/\\\/www.youtube.com\\\/channel\\\/UCGr8q_2-dchoqKT-jT5Lmfw\",\"https:\\\/\\\/www.instagram.com\\\/chi_unq\\\/\"]},{\"@type\":\"Person\",\"@id\":\"https:\\\/\\\/historiaintelectual.com.ar\\\/#\\\/schema\\\/person\\\/d9da125a96632badb37d306ed1d2d690\",\"name\":\"Noel Alvarez\",\"url\":\"http:\\\/\\\/historiaintelectual.com.ar\\\/eng\\\/author\\\/noel\\\/\"}]}<\/script>\n<!-- \/ Yoast SEO plugin. -->","yoast_head_json":{"title":"Perspectivas en Historia Intelectual: Un ciclo de charlas en 2020 &#187; Historia Intelectual","robots":{"index":"index","follow":"follow","max-snippet":"max-snippet:-1","max-image-preview":"max-image-preview:large","max-video-preview":"max-video-preview:-1"},"canonical":"https:\/\/historiaintelectual.com.ar\/eng\/perspectivas-en-historia-intelectual-un-ciclo-de-charlas-en-2020\/","og_locale":"en_US","og_type":"article","og_title":"Perspectivas en Historia Intelectual: Un ciclo de charlas en 2020 &#187; Historia Intelectual","og_description":"En el a\u00f1o 2020, al inicio de la Maestr\u00eda en Historia Intelectual de la Universidad Nacional de Quilmes, el Centro de Historia Intelectual organiz\u00f3 un ciclo de charlas titulado \"Perspectivas en Historia Intelectual\"","og_url":"https:\/\/historiaintelectual.com.ar\/eng\/perspectivas-en-historia-intelectual-un-ciclo-de-charlas-en-2020\/","og_site_name":"Historia Intelectual","article_publisher":"https:\/\/www.facebook.com\/Centrodehistoriaintelectual\/","article_published_time":"2025-09-30T19:05:33+00:00","article_modified_time":"2026-01-27T18:35:43+00:00","og_image":[{"width":1113,"height":1113,"url":"https:\/\/historiaintelectual.com.ar\/wp-content\/uploads\/2025\/04\/logo-25_n.png","type":"image\/png"}],"author":"Noel Alvarez","schema":{"@context":"https:\/\/schema.org","@graph":[{"@type":"Article","@id":"https:\/\/historiaintelectual.com.ar\/perspectivas-en-historia-intelectual-un-ciclo-de-charlas-en-2020\/#article","isPartOf":{"@id":"https:\/\/historiaintelectual.com.ar\/perspectivas-en-historia-intelectual-un-ciclo-de-charlas-en-2020\/"},"author":{"name":"Noel Alvarez","@id":"https:\/\/historiaintelectual.com.ar\/#\/schema\/person\/d9da125a96632badb37d306ed1d2d690"},"headline":"Perspectivas en Historia Intelectual: Un ciclo de charlas en 2020","datePublished":"2025-09-30T19:05:33+00:00","dateModified":"2026-01-27T18:35:43+00:00","mainEntityOfPage":{"@id":"https:\/\/historiaintelectual.com.ar\/perspectivas-en-historia-intelectual-un-ciclo-de-charlas-en-2020\/"},"wordCount":552,"publisher":{"@id":"https:\/\/historiaintelectual.com.ar\/#organization"},"image":{"@id":"https:\/\/historiaintelectual.com.ar\/perspectivas-en-historia-intelectual-un-ciclo-de-charlas-en-2020\/#primaryimage"},"thumbnailUrl":"https:\/\/historiaintelectual.com.ar\/wp-content\/uploads\/2025\/04\/Asset-27-1.svg","articleSection":["Archivo de Actividades","Charlas"],"inLanguage":"en-US"},{"@type":"WebPage","@id":"https:\/\/historiaintelectual.com.ar\/perspectivas-en-historia-intelectual-un-ciclo-de-charlas-en-2020\/","url":"https:\/\/historiaintelectual.com.ar\/perspectivas-en-historia-intelectual-un-ciclo-de-charlas-en-2020\/","name":"Perspectivas en Historia Intelectual: Un ciclo de charlas en 2020 &#187; Historia Intelectual","isPartOf":{"@id":"https:\/\/historiaintelectual.com.ar\/#website"},"primaryImageOfPage":{"@id":"https:\/\/historiaintelectual.com.ar\/perspectivas-en-historia-intelectual-un-ciclo-de-charlas-en-2020\/#primaryimage"},"image":{"@id":"https:\/\/historiaintelectual.com.ar\/perspectivas-en-historia-intelectual-un-ciclo-de-charlas-en-2020\/#primaryimage"},"thumbnailUrl":"https:\/\/historiaintelectual.com.ar\/wp-content\/uploads\/2025\/04\/Asset-27-1.svg","datePublished":"2025-09-30T19:05:33+00:00","dateModified":"2026-01-27T18:35:43+00:00","breadcrumb":{"@id":"https:\/\/historiaintelectual.com.ar\/perspectivas-en-historia-intelectual-un-ciclo-de-charlas-en-2020\/#breadcrumb"},"inLanguage":"en-US","potentialAction":[{"@type":"ReadAction","target":["https:\/\/historiaintelectual.com.ar\/perspectivas-en-historia-intelectual-un-ciclo-de-charlas-en-2020\/"]}]},{"@type":"ImageObject","inLanguage":"en-US","@id":"https:\/\/historiaintelectual.com.ar\/perspectivas-en-historia-intelectual-un-ciclo-de-charlas-en-2020\/#primaryimage","url":"https:\/\/historiaintelectual.com.ar\/wp-content\/uploads\/2025\/04\/Asset-27-1.svg","contentUrl":"https:\/\/historiaintelectual.com.ar\/wp-content\/uploads\/2025\/04\/Asset-27-1.svg","width":90,"height":90},{"@type":"BreadcrumbList","@id":"https:\/\/historiaintelectual.com.ar\/perspectivas-en-historia-intelectual-un-ciclo-de-charlas-en-2020\/#breadcrumb","itemListElement":[{"@type":"ListItem","position":1,"name":"Portada","item":"https:\/\/historiaintelectual.com.ar\/"},{"@type":"ListItem","position":2,"name":"Perspectivas en Historia Intelectual: Un ciclo de charlas en 2020"}]},{"@type":"WebSite","@id":"https:\/\/historiaintelectual.com.ar\/#website","url":"https:\/\/historiaintelectual.com.ar\/","name":"Historia Intelectual","description":"Center for Intellectual History","publisher":{"@id":"https:\/\/historiaintelectual.com.ar\/#organization"},"alternateName":"Centro de historia intelectual","potentialAction":[{"@type":"SearchAction","target":{"@type":"EntryPoint","urlTemplate":"https:\/\/historiaintelectual.com.ar\/?s={search_term_string}"},"query-input":{"@type":"PropertyValueSpecification","valueRequired":true,"valueName":"search_term_string"}}],"inLanguage":"en-US"},{"@type":"Organization","@id":"https:\/\/historiaintelectual.com.ar\/#organization","name":"Centro Historia Intelectual","url":"https:\/\/historiaintelectual.com.ar\/","logo":{"@type":"ImageObject","inLanguage":"en-US","@id":"https:\/\/historiaintelectual.com.ar\/#\/schema\/logo\/image\/","url":"https:\/\/historiaintelectual.com.ar\/wp-content\/uploads\/2025\/04\/logo-25.png","contentUrl":"https:\/\/historiaintelectual.com.ar\/wp-content\/uploads\/2025\/04\/logo-25.png","width":456,"height":456,"caption":"Centro Historia Intelectual"},"image":{"@id":"https:\/\/historiaintelectual.com.ar\/#\/schema\/logo\/image\/"},"sameAs":["https:\/\/www.facebook.com\/Centrodehistoriaintelectual\/","https:\/\/www.youtube.com\/channel\/UCGr8q_2-dchoqKT-jT5Lmfw","https:\/\/www.instagram.com\/chi_unq\/"]},{"@type":"Person","@id":"https:\/\/historiaintelectual.com.ar\/#\/schema\/person\/d9da125a96632badb37d306ed1d2d690","name":"Noel Alvarez","url":"http:\/\/historiaintelectual.com.ar\/eng\/author\/noel\/"}]}},"_links":{"self":[{"href":"http:\/\/historiaintelectual.com.ar\/eng\/wp-json\/wp\/v2\/posts\/10723","targetHints":{"allow":["GET"]}}],"collection":[{"href":"http:\/\/historiaintelectual.com.ar\/eng\/wp-json\/wp\/v2\/posts"}],"about":[{"href":"http:\/\/historiaintelectual.com.ar\/eng\/wp-json\/wp\/v2\/types\/post"}],"author":[{"embeddable":true,"href":"http:\/\/historiaintelectual.com.ar\/eng\/wp-json\/wp\/v2\/users\/96742468"}],"replies":[{"embeddable":true,"href":"http:\/\/historiaintelectual.com.ar\/eng\/wp-json\/wp\/v2\/comments?post=10723"}],"version-history":[{"count":15,"href":"http:\/\/historiaintelectual.com.ar\/eng\/wp-json\/wp\/v2\/posts\/10723\/revisions"}],"predecessor-version":[{"id":11184,"href":"http:\/\/historiaintelectual.com.ar\/eng\/wp-json\/wp\/v2\/posts\/10723\/revisions\/11184"}],"wp:featuredmedia":[{"embeddable":true,"href":"http:\/\/historiaintelectual.com.ar\/eng\/wp-json\/wp\/v2\/media\/7897"}],"wp:attachment":[{"href":"http:\/\/historiaintelectual.com.ar\/eng\/wp-json\/wp\/v2\/media?parent=10723"}],"wp:term":[{"taxonomy":"category","embeddable":true,"href":"http:\/\/historiaintelectual.com.ar\/eng\/wp-json\/wp\/v2\/categories?post=10723"},{"taxonomy":"post_tag","embeddable":true,"href":"http:\/\/historiaintelectual.com.ar\/eng\/wp-json\/wp\/v2\/tags?post=10723"}],"curies":[{"name":"wp","href":"https:\/\/api.w.org\/{rel}","templated":true}]}}