{"id":10461,"date":"2025-09-18T10:38:51","date_gmt":"2025-09-18T13:38:51","guid":{"rendered":"https:\/\/historiaintelectual.com.ar\/?p=10461"},"modified":"2025-10-31T09:30:34","modified_gmt":"2025-10-31T12:30:34","slug":"2-taller-cosas-en-movimiento","status":"publish","type":"post","link":"http:\/\/historiaintelectual.com.ar\/eng\/2-taller-cosas-en-movimiento\/","title":{"rendered":"2\u00b0 Taller \u201cCosas en movimiento\u201d (2025)"},"content":{"rendered":"<div data-elementor-type=\"wp-post\" data-elementor-id=\"10461\" class=\"elementor elementor-10461\" data-elementor-post-type=\"post\">\n\t\t\t\t<div class=\"elementor-element elementor-element-08ed315 e-con-full e-flex e-con e-parent\" data-id=\"08ed315\" data-element_type=\"container\" data-e-type=\"container\">\n\t\t\t\t<div class=\"elementor-element elementor-element-9cb12fb elementor-widget elementor-widget-theme-post-title elementor-page-title elementor-widget-heading\" data-id=\"9cb12fb\" data-element_type=\"widget\" data-e-type=\"widget\" data-widget_type=\"theme-post-title.default\">\n\t\t\t\t<div class=\"elementor-widget-container\">\n\t\t\t\t\t<h2 class=\"elementor-heading-title elementor-size-default\">2\u00b0 Taller \u201cCosas en movimiento\u201d (2025)<\/h2>\t\t\t\t<\/div>\n\t\t\t\t<\/div>\n\t\t\t\t<div class=\"elementor-element elementor-element-9c1bcba elementor-widget elementor-widget-image\" data-id=\"9c1bcba\" data-element_type=\"widget\" data-e-type=\"widget\" data-widget_type=\"image.default\">\n\t\t\t\t<div class=\"elementor-widget-container\">\n\t\t\t\t\t\t\t\t\t\t\t\t\t\t\t\t<a href=\"http:\/\/historiaintelectual.com.ar\/wp-content\/uploads\/2025\/09\/LAB_Cosas_en_movimiento.png\" data-elementor-open-lightbox=\"yes\" data-elementor-lightbox-title=\"LAB_Cosas_en_movimiento\" data-e-action-hash=\"#elementor-action%3Aaction%3Dlightbox%26settings%3DeyJpZCI6MTA0NjIsInVybCI6Imh0dHBzOlwvXC9oaXN0b3JpYWludGVsZWN0dWFsLmNvbS5hclwvd3AtY29udGVudFwvdXBsb2Fkc1wvMjAyNVwvMDlcL0xBQl9Db3Nhc19lbl9tb3ZpbWllbnRvLnBuZyJ9\">\n\t\t\t\t\t\t\t<img fetchpriority=\"high\" decoding=\"async\" width=\"970\" height=\"600\" src=\"https:\/\/historiaintelectual.com.ar\/wp-content\/uploads\/2025\/09\/LAB_Cosas_en_movimiento.png\" class=\"attachment-full size-full wp-image-10462\" alt=\"\" srcset=\"https:\/\/historiaintelectual.com.ar\/wp-content\/uploads\/2025\/09\/LAB_Cosas_en_movimiento.png 970w, https:\/\/historiaintelectual.com.ar\/wp-content\/uploads\/2025\/09\/LAB_Cosas_en_movimiento-300x186.png 300w, https:\/\/historiaintelectual.com.ar\/wp-content\/uploads\/2025\/09\/LAB_Cosas_en_movimiento-768x475.png 768w\" sizes=\"(max-width: 970px) 100vw, 970px\" \/>\t\t\t\t\t\t\t\t<\/a>\n\t\t\t\t\t\t\t\t\t\t\t\t\t\t\t<\/div>\n\t\t\t\t<\/div>\n\t\t\t\t<div class=\"elementor-element elementor-element-4a4018c elementor-widget elementor-widget-text-editor\" data-id=\"4a4018c\" data-element_type=\"widget\" data-e-type=\"widget\" data-widget_type=\"text-editor.default\">\n\t\t\t\t<div class=\"elementor-widget-container\">\n\t\t\t\t\t\t\t\t\t<p><span style=\"font-weight: 400;\">El 3 de octubre se realiz\u00f3 el segundo encuentro del Taller internacional sobre movilidades m\u00e1s humanas: \u201cCosas en movimiento\u201d, organizado por el <\/span><b>Laboratorio de Espacio, Tecnolog\u00eda y Cultura<\/b><span style=\"font-weight: 400;\"> de la Universidad Nacional de Quilmes.\u00a0<\/span><\/p><p><span style=\"font-weight: 400;\">En este ciclo de talleres, el Lab se propone, en el cruce entre los estudios de movilidad y el giro material, una discusi\u00f3n te\u00f3rica acerca de la <\/span><b>\u201cmovilidad de las cosas\u201d<\/b><span style=\"font-weight: 400;\">, a partir de narrar historias acerca de la circulaci\u00f3n de objetos diversos. En este segundo encuentro, participaron once nuevos investigadores de Brasil, Chile, Estados Unidos y Argentina, abordando diferentes objetos desde m\u00faltiples disciplinas.<\/span><span style=\"font-weight: 400;\">\u00a0<\/span><\/p><p><span style=\"font-weight: 400;\">Organizado por<\/span><a href=\"https:\/\/udesa.edu.ar\/cuerpo-docente\/stephanie-mccallum\"><span style=\"font-weight: 400;\"> Stephanie McCallum <\/span><\/a><span style=\"font-weight: 400;\">(UdeSA) <\/span><a href=\"https:\/\/historiaintelectual.com.ar\/eng\/zunino-singh-dan\/\"><span style=\"font-weight: 400;\">Dhan Zunino Singh <\/span><\/a><span style=\"font-weight: 400;\">(UNQ), esta actividad se enmarca en el proyecto PICT-2021-GRF-TII-00134 \u201cObjetos, sujetos y pr\u00e1cticas en movimiento\u201d y cuenta con la participaci\u00f3n de investigadores e investigadoras de Am\u00e9rica Latina en sociolog\u00eda, antropolog\u00eda, historia, comunicaci\u00f3n y ciencias pol\u00edticas.\u00a0<\/span><\/p><p><span style=\"font-weight: 400;\">El Laboratorio es una unidad de investigaci\u00f3n radicada en el Centro de Historia Intelectual (CHI) y el Instituto de Estudios sobre la Ciencia y la Tecnolog\u00eda (IESCT-CIC-BA) de la Universidad Nacional de Quilmes.\u00a0<\/span><\/p><p><b>Informaci\u00f3n:\u00a0<\/b><\/p><p><span style=\"font-weight: 400;\">Fecha: 3 de octubre de 2025.\u00a0<\/span><\/p><p><span style=\"font-weight: 400;\">Horario: 14 a 16 (ARG).\u00a0<\/span><\/p><p><span style=\"font-weight: 400;\">\ud83d\udccd<\/span><a href=\"https:\/\/www.youtube.com\/@CHIHistoriaIntelectual\"><span style=\"font-weight: 400;\">Canal de Youtube del Centro de Historia Intelectual<\/span><\/a><\/p><p><strong>Programa<\/strong><\/p><p><span style=\"font-weight: 400;\"><strong>Tom\u00e1s Err\u00e1zuriz<\/strong> (Campus Creativo, Universidad Andr\u00e9s Bello): \u201cObjetos en disputa: Cada cosa en su lugar\u2026 \u00bfo muchos lugares para cada cosa?\u201d<\/span><\/p><p><span style=\"font-weight: 400;\"><strong>Paola Jir\u00f3n<\/strong> (Universidad de Chile): \u201cMovilidad sin Moverse. Objetos y Pr\u00e1cticas de Cuidados\u201d.\u00a0<\/span><\/p><p><span style=\"font-weight: 400;\"><strong>Luc\u00eda Ariza<\/strong> (Instituto de Investigaciones Gino Germani, UBA\/ CONICET): \u201c<\/span><span style=\"font-weight: 400;\">Fotos, cartas, bordados. Moviendo parentesco entre Ucrania y Argentina\u201d.<\/span><\/p><p><span style=\"font-weight: 400;\"><strong>Mart\u00edn Liut<\/strong> (UNQ, UBA): \u201c\u00bfC\u00f3mo se mueve un g\u00e9nero musical? El caso del desplazamiento y arraigo del samba reggae, de Salvador de Bah\u00eda, al R\u00edo de La Plata entre finales del siglo XX y comienzos del XXI\u201d.<\/span><\/p><p><span style=\"font-weight: 400;\"><strong>Ver\u00f3nica Devalle<\/strong> (CONICET, UBA, UdeSA): \u201cMesas, escritorios y sillas que se mueven. Las licencias transnacionales de dise\u00f1o\u201d.\u00a0<\/span><\/p><p><span style=\"font-weight: 400;\"><strong>Maria Alice de Faria Nogueira<\/strong> (Escola de Comunica\u00e7\u00e3o &#8211; Universidade Federal do Rio de Janeiro): \u201cDo enrere\u00e7o emprestado ao (des)preconceito do CEP&#8221; <\/span><span style=\"font-weight: 400;\">&#8220;<\/span><i><span style=\"font-weight: 400;\">De la direcci\u00f3n prestada hasta el (des)prejuicio del c\u00f3digo postal<\/span><\/i><span style=\"font-weight: 400;\">&#8220;\u201d.\u00a0<\/span><\/p><p><span style=\"font-weight: 400;\"><strong>Rachel Cypher<\/strong> (Universidad de Pennsylvania): \u201cUn r\u00edo lo atravesaba: La forma m\u00f3vil del agua en el Oeste americano\u201d.\u00a0<\/span><\/p><p><span style=\"font-weight: 400;\"><strong>Cecilia Mercuri<\/strong> (CONICET, ICSOH):\u00a0 \u201cDel lito al litio. Las mismas fuentes, distintos objetivos\u201d.<\/span><\/p><p><span style=\"font-weight: 400;\"><strong>Pablo Mansilla Qui\u00f1ones<\/strong> (Geograf\u00eda, Pontificia Universidad Cat\u00f3lica de Valpara\u00edso): \u201cAnimales como m\u00e1quinas en movimiento: Hibridaciones entre caballos y motores\u201d.<\/span><\/p><p><span style=\"font-weight: 400;\"><strong>Alejandro Rascovan<\/strong> (UBA-EHESS): \u201cLegalidades e ilegalidades. Movilidades transfronterizas entre Argentina y Bolivia\u201d.<\/span><\/p><p><span style=\"font-weight: 400;\"><strong>Ricardo Jim\u00e9nez Palacios<\/strong> (Universidad de Chile) \u201c<\/span><span style=\"font-weight: 400;\">La historia de una camisa azul en el desierto atacame\u00f1o\u201d.<\/span><\/p><p><span style=\"font-weight: 400;\">\u00a0<\/span><\/p>\t\t\t\t\t\t\t\t<\/div>\n\t\t\t\t<\/div>\n\t\t\t\t<div class=\"elementor-element elementor-element-7e0bde2 elementor-widget elementor-widget-video\" data-id=\"7e0bde2\" data-element_type=\"widget\" data-e-type=\"widget\" data-settings=\"{&quot;youtube_url&quot;:&quot;https:\\\/\\\/www.youtube.com\\\/watch?v=2AxD7Bc3ThY&amp;t=378s&quot;,&quot;video_type&quot;:&quot;youtube&quot;,&quot;controls&quot;:&quot;yes&quot;}\" data-widget_type=\"video.default\">\n\t\t\t\t<div class=\"elementor-widget-container\">\n\t\t\t\t\t\t\t<div class=\"elementor-wrapper elementor-open-inline\">\n\t\t\t<div class=\"elementor-video\"><\/div>\t\t<\/div>\n\t\t\t\t\t\t<\/div>\n\t\t\t\t<\/div>\n\t\t\t\t<\/div>\n\t\t<div class=\"elementor-element elementor-element-c58ad43 e-flex e-con-boxed e-con e-parent\" data-id=\"c58ad43\" data-element_type=\"container\" data-e-type=\"container\">\n\t\t\t\t\t<div class=\"e-con-inner\">\n\t\t\t\t\t<\/div>\n\t\t\t\t<\/div>\n\t\t<div class=\"elementor-element elementor-element-f3f9976 e-flex e-con-boxed e-con e-parent\" data-id=\"f3f9976\" data-element_type=\"container\" data-e-type=\"container\">\n\t\t\t\t\t<div class=\"e-con-inner\">\n\t\t\t\t\t<\/div>\n\t\t\t\t<\/div>\n\t\t\t\t<\/div>","protected":false},"excerpt":{"rendered":"<p>El Laboratorio de Espacio, Tecnolog\u00eda y Cultura de la Universidad Nacional de Quilmes organiz\u00f3 el segundo encuentro del Taller internacional sobre movilidades m\u00e1s humanas: \u201cCosas en movimiento\u201d, que se realiz\u00f3 el viernes 3 de octubre.<\/p>","protected":false},"author":96742468,"featured_media":0,"comment_status":"closed","ping_status":"closed","sticky":false,"template":"","format":"standard","meta":{"footnotes":""},"categories":[93,253],"tags":[],"class_list":["post-10461","post","type-post","status-publish","format-standard","hentry","category-archivo-de-actividades","category-talleres"],"yoast_head":"<!-- This site is optimized with the Yoast SEO plugin v27.3 - https:\/\/yoast.com\/product\/yoast-seo-wordpress\/ -->\n<title>2\u00b0 Taller \u201cCosas en movimiento\u201d (2025) &#187; Historia Intelectual<\/title>\n<meta name=\"robots\" content=\"index, follow, max-snippet:-1, max-image-preview:large, max-video-preview:-1\" \/>\n<link rel=\"canonical\" href=\"https:\/\/historiaintelectual.com.ar\/eng\/2-taller-cosas-en-movimiento\/\" \/>\n<meta property=\"og:locale\" content=\"en_US\" \/>\n<meta property=\"og:type\" content=\"article\" \/>\n<meta property=\"og:title\" content=\"2\u00b0 Taller \u201cCosas en movimiento\u201d (2025) &#187; Historia Intelectual\" \/>\n<meta property=\"og:description\" content=\"El Laboratorio de Espacio, Tecnolog\u00eda y Cultura de la Universidad Nacional de Quilmes organiz\u00f3 el segundo encuentro del Taller internacional sobre movilidades m\u00e1s humanas: \u201cCosas en movimiento\u201d, que se realiz\u00f3 el viernes 3 de octubre.\" \/>\n<meta property=\"og:url\" content=\"https:\/\/historiaintelectual.com.ar\/eng\/2-taller-cosas-en-movimiento\/\" \/>\n<meta property=\"og:site_name\" content=\"Historia Intelectual\" \/>\n<meta property=\"article:publisher\" content=\"https:\/\/www.facebook.com\/Centrodehistoriaintelectual\/\" \/>\n<meta property=\"article:published_time\" content=\"2025-09-18T13:38:51+00:00\" \/>\n<meta property=\"article:modified_time\" content=\"2025-10-31T12:30:34+00:00\" \/>\n<meta property=\"og:image\" content=\"http:\/\/historiaintelectual.com.ar\/wp-content\/uploads\/2025\/09\/LAB_Cosas_en_movimiento.png\" \/>\n<meta name=\"author\" content=\"Noel Alvarez\" \/>\n<script type=\"application\/ld+json\" class=\"yoast-schema-graph\">{\"@context\":\"https:\\\/\\\/schema.org\",\"@graph\":[{\"@type\":\"Article\",\"@id\":\"https:\\\/\\\/historiaintelectual.com.ar\\\/2-taller-cosas-en-movimiento\\\/#article\",\"isPartOf\":{\"@id\":\"https:\\\/\\\/historiaintelectual.com.ar\\\/2-taller-cosas-en-movimiento\\\/\"},\"author\":{\"name\":\"Noel Alvarez\",\"@id\":\"https:\\\/\\\/historiaintelectual.com.ar\\\/#\\\/schema\\\/person\\\/d9da125a96632badb37d306ed1d2d690\"},\"headline\":\"2\u00b0 Taller \u201cCosas en movimiento\u201d (2025)\",\"datePublished\":\"2025-09-18T13:38:51+00:00\",\"dateModified\":\"2025-10-31T12:30:34+00:00\",\"mainEntityOfPage\":{\"@id\":\"https:\\\/\\\/historiaintelectual.com.ar\\\/2-taller-cosas-en-movimiento\\\/\"},\"wordCount\":466,\"publisher\":{\"@id\":\"https:\\\/\\\/historiaintelectual.com.ar\\\/#organization\"},\"image\":{\"@id\":\"https:\\\/\\\/historiaintelectual.com.ar\\\/2-taller-cosas-en-movimiento\\\/#primaryimage\"},\"thumbnailUrl\":\"http:\\\/\\\/historiaintelectual.com.ar\\\/wp-content\\\/uploads\\\/2025\\\/09\\\/LAB_Cosas_en_movimiento.png\",\"articleSection\":[\"Archivo de Actividades\",\"Talleres\"],\"inLanguage\":\"en-US\"},{\"@type\":\"WebPage\",\"@id\":\"https:\\\/\\\/historiaintelectual.com.ar\\\/2-taller-cosas-en-movimiento\\\/\",\"url\":\"https:\\\/\\\/historiaintelectual.com.ar\\\/2-taller-cosas-en-movimiento\\\/\",\"name\":\"2\u00b0 Taller \u201cCosas en movimiento\u201d (2025) &#187; Historia Intelectual\",\"isPartOf\":{\"@id\":\"https:\\\/\\\/historiaintelectual.com.ar\\\/#website\"},\"primaryImageOfPage\":{\"@id\":\"https:\\\/\\\/historiaintelectual.com.ar\\\/2-taller-cosas-en-movimiento\\\/#primaryimage\"},\"image\":{\"@id\":\"https:\\\/\\\/historiaintelectual.com.ar\\\/2-taller-cosas-en-movimiento\\\/#primaryimage\"},\"thumbnailUrl\":\"http:\\\/\\\/historiaintelectual.com.ar\\\/wp-content\\\/uploads\\\/2025\\\/09\\\/LAB_Cosas_en_movimiento.png\",\"datePublished\":\"2025-09-18T13:38:51+00:00\",\"dateModified\":\"2025-10-31T12:30:34+00:00\",\"breadcrumb\":{\"@id\":\"https:\\\/\\\/historiaintelectual.com.ar\\\/2-taller-cosas-en-movimiento\\\/#breadcrumb\"},\"inLanguage\":\"en-US\",\"potentialAction\":[{\"@type\":\"ReadAction\",\"target\":[\"https:\\\/\\\/historiaintelectual.com.ar\\\/2-taller-cosas-en-movimiento\\\/\"]}]},{\"@type\":\"ImageObject\",\"inLanguage\":\"en-US\",\"@id\":\"https:\\\/\\\/historiaintelectual.com.ar\\\/2-taller-cosas-en-movimiento\\\/#primaryimage\",\"url\":\"http:\\\/\\\/historiaintelectual.com.ar\\\/wp-content\\\/uploads\\\/2025\\\/09\\\/LAB_Cosas_en_movimiento.png\",\"contentUrl\":\"http:\\\/\\\/historiaintelectual.com.ar\\\/wp-content\\\/uploads\\\/2025\\\/09\\\/LAB_Cosas_en_movimiento.png\"},{\"@type\":\"BreadcrumbList\",\"@id\":\"https:\\\/\\\/historiaintelectual.com.ar\\\/2-taller-cosas-en-movimiento\\\/#breadcrumb\",\"itemListElement\":[{\"@type\":\"ListItem\",\"position\":1,\"name\":\"Portada\",\"item\":\"https:\\\/\\\/historiaintelectual.com.ar\\\/\"},{\"@type\":\"ListItem\",\"position\":2,\"name\":\"2\u00b0 Taller \u201cCosas en movimiento\u201d (2025)\"}]},{\"@type\":\"WebSite\",\"@id\":\"https:\\\/\\\/historiaintelectual.com.ar\\\/#website\",\"url\":\"https:\\\/\\\/historiaintelectual.com.ar\\\/\",\"name\":\"Historia Intelectual\",\"description\":\"Centro de Historia Intelectual\",\"publisher\":{\"@id\":\"https:\\\/\\\/historiaintelectual.com.ar\\\/#organization\"},\"alternateName\":\"Centro de historia intelectual\",\"potentialAction\":[{\"@type\":\"SearchAction\",\"target\":{\"@type\":\"EntryPoint\",\"urlTemplate\":\"https:\\\/\\\/historiaintelectual.com.ar\\\/?s={search_term_string}\"},\"query-input\":{\"@type\":\"PropertyValueSpecification\",\"valueRequired\":true,\"valueName\":\"search_term_string\"}}],\"inLanguage\":\"en-US\"},{\"@type\":\"Organization\",\"@id\":\"https:\\\/\\\/historiaintelectual.com.ar\\\/#organization\",\"name\":\"Centro Historia Intelectual\",\"url\":\"https:\\\/\\\/historiaintelectual.com.ar\\\/\",\"logo\":{\"@type\":\"ImageObject\",\"inLanguage\":\"en-US\",\"@id\":\"https:\\\/\\\/historiaintelectual.com.ar\\\/#\\\/schema\\\/logo\\\/image\\\/\",\"url\":\"https:\\\/\\\/historiaintelectual.com.ar\\\/wp-content\\\/uploads\\\/2025\\\/04\\\/logo-25.png\",\"contentUrl\":\"https:\\\/\\\/historiaintelectual.com.ar\\\/wp-content\\\/uploads\\\/2025\\\/04\\\/logo-25.png\",\"width\":456,\"height\":456,\"caption\":\"Centro Historia Intelectual\"},\"image\":{\"@id\":\"https:\\\/\\\/historiaintelectual.com.ar\\\/#\\\/schema\\\/logo\\\/image\\\/\"},\"sameAs\":[\"https:\\\/\\\/www.facebook.com\\\/Centrodehistoriaintelectual\\\/\",\"https:\\\/\\\/www.youtube.com\\\/channel\\\/UCGr8q_2-dchoqKT-jT5Lmfw\",\"https:\\\/\\\/www.instagram.com\\\/chi_unq\\\/\"]},{\"@type\":\"Person\",\"@id\":\"https:\\\/\\\/historiaintelectual.com.ar\\\/#\\\/schema\\\/person\\\/d9da125a96632badb37d306ed1d2d690\",\"name\":\"Noel Alvarez\",\"url\":\"http:\\\/\\\/historiaintelectual.com.ar\\\/eng\\\/author\\\/noel\\\/\"}]}<\/script>\n<!-- \/ Yoast SEO plugin. -->","yoast_head_json":{"title":"2\u00b0 Taller \u201cCosas en movimiento\u201d (2025) &#187; Historia Intelectual","robots":{"index":"index","follow":"follow","max-snippet":"max-snippet:-1","max-image-preview":"max-image-preview:large","max-video-preview":"max-video-preview:-1"},"canonical":"https:\/\/historiaintelectual.com.ar\/eng\/2-taller-cosas-en-movimiento\/","og_locale":"en_US","og_type":"article","og_title":"2\u00b0 Taller \u201cCosas en movimiento\u201d (2025) &#187; Historia Intelectual","og_description":"El Laboratorio de Espacio, Tecnolog\u00eda y Cultura de la Universidad Nacional de Quilmes organiz\u00f3 el segundo encuentro del Taller internacional sobre movilidades m\u00e1s humanas: \u201cCosas en movimiento\u201d, que se realiz\u00f3 el viernes 3 de octubre.","og_url":"https:\/\/historiaintelectual.com.ar\/eng\/2-taller-cosas-en-movimiento\/","og_site_name":"Historia Intelectual","article_publisher":"https:\/\/www.facebook.com\/Centrodehistoriaintelectual\/","article_published_time":"2025-09-18T13:38:51+00:00","article_modified_time":"2025-10-31T12:30:34+00:00","og_image":[{"url":"http:\/\/historiaintelectual.com.ar\/wp-content\/uploads\/2025\/09\/LAB_Cosas_en_movimiento.png","type":"","width":"","height":""}],"author":"Noel Alvarez","schema":{"@context":"https:\/\/schema.org","@graph":[{"@type":"Article","@id":"https:\/\/historiaintelectual.com.ar\/2-taller-cosas-en-movimiento\/#article","isPartOf":{"@id":"https:\/\/historiaintelectual.com.ar\/2-taller-cosas-en-movimiento\/"},"author":{"name":"Noel Alvarez","@id":"https:\/\/historiaintelectual.com.ar\/#\/schema\/person\/d9da125a96632badb37d306ed1d2d690"},"headline":"2\u00b0 Taller \u201cCosas en movimiento\u201d (2025)","datePublished":"2025-09-18T13:38:51+00:00","dateModified":"2025-10-31T12:30:34+00:00","mainEntityOfPage":{"@id":"https:\/\/historiaintelectual.com.ar\/2-taller-cosas-en-movimiento\/"},"wordCount":466,"publisher":{"@id":"https:\/\/historiaintelectual.com.ar\/#organization"},"image":{"@id":"https:\/\/historiaintelectual.com.ar\/2-taller-cosas-en-movimiento\/#primaryimage"},"thumbnailUrl":"http:\/\/historiaintelectual.com.ar\/wp-content\/uploads\/2025\/09\/LAB_Cosas_en_movimiento.png","articleSection":["Archivo de Actividades","Talleres"],"inLanguage":"en-US"},{"@type":"WebPage","@id":"https:\/\/historiaintelectual.com.ar\/2-taller-cosas-en-movimiento\/","url":"https:\/\/historiaintelectual.com.ar\/2-taller-cosas-en-movimiento\/","name":"2\u00b0 Taller \u201cCosas en movimiento\u201d (2025) &#187; Historia Intelectual","isPartOf":{"@id":"https:\/\/historiaintelectual.com.ar\/#website"},"primaryImageOfPage":{"@id":"https:\/\/historiaintelectual.com.ar\/2-taller-cosas-en-movimiento\/#primaryimage"},"image":{"@id":"https:\/\/historiaintelectual.com.ar\/2-taller-cosas-en-movimiento\/#primaryimage"},"thumbnailUrl":"http:\/\/historiaintelectual.com.ar\/wp-content\/uploads\/2025\/09\/LAB_Cosas_en_movimiento.png","datePublished":"2025-09-18T13:38:51+00:00","dateModified":"2025-10-31T12:30:34+00:00","breadcrumb":{"@id":"https:\/\/historiaintelectual.com.ar\/2-taller-cosas-en-movimiento\/#breadcrumb"},"inLanguage":"en-US","potentialAction":[{"@type":"ReadAction","target":["https:\/\/historiaintelectual.com.ar\/2-taller-cosas-en-movimiento\/"]}]},{"@type":"ImageObject","inLanguage":"en-US","@id":"https:\/\/historiaintelectual.com.ar\/2-taller-cosas-en-movimiento\/#primaryimage","url":"http:\/\/historiaintelectual.com.ar\/wp-content\/uploads\/2025\/09\/LAB_Cosas_en_movimiento.png","contentUrl":"http:\/\/historiaintelectual.com.ar\/wp-content\/uploads\/2025\/09\/LAB_Cosas_en_movimiento.png"},{"@type":"BreadcrumbList","@id":"https:\/\/historiaintelectual.com.ar\/2-taller-cosas-en-movimiento\/#breadcrumb","itemListElement":[{"@type":"ListItem","position":1,"name":"Portada","item":"https:\/\/historiaintelectual.com.ar\/"},{"@type":"ListItem","position":2,"name":"2\u00b0 Taller \u201cCosas en movimiento\u201d (2025)"}]},{"@type":"WebSite","@id":"https:\/\/historiaintelectual.com.ar\/#website","url":"https:\/\/historiaintelectual.com.ar\/","name":"Historia Intelectual","description":"Center for Intellectual History","publisher":{"@id":"https:\/\/historiaintelectual.com.ar\/#organization"},"alternateName":"Centro de historia intelectual","potentialAction":[{"@type":"SearchAction","target":{"@type":"EntryPoint","urlTemplate":"https:\/\/historiaintelectual.com.ar\/?s={search_term_string}"},"query-input":{"@type":"PropertyValueSpecification","valueRequired":true,"valueName":"search_term_string"}}],"inLanguage":"en-US"},{"@type":"Organization","@id":"https:\/\/historiaintelectual.com.ar\/#organization","name":"Centro Historia Intelectual","url":"https:\/\/historiaintelectual.com.ar\/","logo":{"@type":"ImageObject","inLanguage":"en-US","@id":"https:\/\/historiaintelectual.com.ar\/#\/schema\/logo\/image\/","url":"https:\/\/historiaintelectual.com.ar\/wp-content\/uploads\/2025\/04\/logo-25.png","contentUrl":"https:\/\/historiaintelectual.com.ar\/wp-content\/uploads\/2025\/04\/logo-25.png","width":456,"height":456,"caption":"Centro Historia Intelectual"},"image":{"@id":"https:\/\/historiaintelectual.com.ar\/#\/schema\/logo\/image\/"},"sameAs":["https:\/\/www.facebook.com\/Centrodehistoriaintelectual\/","https:\/\/www.youtube.com\/channel\/UCGr8q_2-dchoqKT-jT5Lmfw","https:\/\/www.instagram.com\/chi_unq\/"]},{"@type":"Person","@id":"https:\/\/historiaintelectual.com.ar\/#\/schema\/person\/d9da125a96632badb37d306ed1d2d690","name":"Noel Alvarez","url":"http:\/\/historiaintelectual.com.ar\/eng\/author\/noel\/"}]}},"_links":{"self":[{"href":"http:\/\/historiaintelectual.com.ar\/eng\/wp-json\/wp\/v2\/posts\/10461","targetHints":{"allow":["GET"]}}],"collection":[{"href":"http:\/\/historiaintelectual.com.ar\/eng\/wp-json\/wp\/v2\/posts"}],"about":[{"href":"http:\/\/historiaintelectual.com.ar\/eng\/wp-json\/wp\/v2\/types\/post"}],"author":[{"embeddable":true,"href":"http:\/\/historiaintelectual.com.ar\/eng\/wp-json\/wp\/v2\/users\/96742468"}],"replies":[{"embeddable":true,"href":"http:\/\/historiaintelectual.com.ar\/eng\/wp-json\/wp\/v2\/comments?post=10461"}],"version-history":[{"count":16,"href":"http:\/\/historiaintelectual.com.ar\/eng\/wp-json\/wp\/v2\/posts\/10461\/revisions"}],"predecessor-version":[{"id":10965,"href":"http:\/\/historiaintelectual.com.ar\/eng\/wp-json\/wp\/v2\/posts\/10461\/revisions\/10965"}],"wp:attachment":[{"href":"http:\/\/historiaintelectual.com.ar\/eng\/wp-json\/wp\/v2\/media?parent=10461"}],"wp:term":[{"taxonomy":"category","embeddable":true,"href":"http:\/\/historiaintelectual.com.ar\/eng\/wp-json\/wp\/v2\/categories?post=10461"},{"taxonomy":"post_tag","embeddable":true,"href":"http:\/\/historiaintelectual.com.ar\/eng\/wp-json\/wp\/v2\/tags?post=10461"}],"curies":[{"name":"wp","href":"https:\/\/api.w.org\/{rel}","templated":true}]}}