{"id":10325,"date":"2025-08-27T13:00:45","date_gmt":"2025-08-27T16:00:45","guid":{"rendered":"https:\/\/historiaintelectual.com.ar\/?p=10325"},"modified":"2025-12-12T11:55:49","modified_gmt":"2025-12-12T14:55:49","slug":"vii-congreso-de-historia-intelectual-de-america-latina","status":"publish","type":"post","link":"http:\/\/historiaintelectual.com.ar\/eng\/vii-congreso-de-historia-intelectual-de-america-latina\/","title":{"rendered":"VII Congreso de Historia Intelectual de Am\u00e9rica Latina (2025)"},"content":{"rendered":"<div data-elementor-type=\"wp-post\" data-elementor-id=\"10325\" class=\"elementor elementor-10325\" data-elementor-post-type=\"post\">\n\t\t\t\t<div class=\"elementor-element elementor-element-08ed315 e-con-full e-flex e-con e-parent\" data-id=\"08ed315\" data-element_type=\"container\" data-e-type=\"container\">\n\t\t\t\t<div class=\"elementor-element elementor-element-9cb12fb elementor-widget elementor-widget-theme-post-title elementor-page-title elementor-widget-heading\" data-id=\"9cb12fb\" data-element_type=\"widget\" data-e-type=\"widget\" data-widget_type=\"theme-post-title.default\">\n\t\t\t\t<div class=\"elementor-widget-container\">\n\t\t\t\t\t<h2 class=\"elementor-heading-title elementor-size-default\">VII Congreso de Historia Intelectual de Am\u00e9rica Latina (2025)<\/h2>\t\t\t\t<\/div>\n\t\t\t\t<\/div>\n\t\t\t\t<div class=\"elementor-element elementor-element-9c1bcba elementor-widget elementor-widget-image\" data-id=\"9c1bcba\" data-element_type=\"widget\" data-e-type=\"widget\" data-widget_type=\"image.default\">\n\t\t\t\t<div class=\"elementor-widget-container\">\n\t\t\t\t\t\t\t\t\t\t\t\t\t\t\t\t<a href=\"http:\/\/historiaintelectual.com.ar\/wp-content\/uploads\/2025\/08\/chial-_2025.png\" data-elementor-open-lightbox=\"yes\" data-elementor-lightbox-title=\"chial _2025\" data-e-action-hash=\"#elementor-action%3Aaction%3Dlightbox%26settings%3DeyJpZCI6MTAzMjcsInVybCI6Imh0dHBzOlwvXC9oaXN0b3JpYWludGVsZWN0dWFsLmNvbS5hclwvd3AtY29udGVudFwvdXBsb2Fkc1wvMjAyNVwvMDhcL2NoaWFsLV8yMDI1LnBuZyJ9\">\n\t\t\t\t\t\t\t<img fetchpriority=\"high\" decoding=\"async\" width=\"1920\" height=\"1080\" src=\"https:\/\/historiaintelectual.com.ar\/wp-content\/uploads\/2025\/08\/chial-_2025.png\" class=\"attachment-full size-full wp-image-10327\" alt=\"\" srcset=\"https:\/\/historiaintelectual.com.ar\/wp-content\/uploads\/2025\/08\/chial-_2025.png 1920w, https:\/\/historiaintelectual.com.ar\/wp-content\/uploads\/2025\/08\/chial-_2025-300x169.png 300w, https:\/\/historiaintelectual.com.ar\/wp-content\/uploads\/2025\/08\/chial-_2025-1024x576.png 1024w, https:\/\/historiaintelectual.com.ar\/wp-content\/uploads\/2025\/08\/chial-_2025-768x432.png 768w, https:\/\/historiaintelectual.com.ar\/wp-content\/uploads\/2025\/08\/chial-_2025-1536x864.png 1536w\" sizes=\"(max-width: 1920px) 100vw, 1920px\" \/>\t\t\t\t\t\t\t\t<\/a>\n\t\t\t\t\t\t\t\t\t\t\t\t\t\t\t<\/div>\n\t\t\t\t<\/div>\n\t\t\t\t<div class=\"elementor-element elementor-element-4a4018c elementor-widget elementor-widget-text-editor\" data-id=\"4a4018c\" data-element_type=\"widget\" data-e-type=\"widget\" data-widget_type=\"text-editor.default\">\n\t\t\t\t<div class=\"elementor-widget-container\">\n\t\t\t\t\t\t\t\t\t<p><span style=\"font-weight: 400;\">Entre el <\/span><b>23 y el 26 de septiembre de 2025<\/b><span style=\"font-weight: 400;\">, la ciudad de <\/span><b>Bogot\u00e1, Colombia<\/b><span style=\"font-weight: 400;\">, fue sede del <\/span><b>VII Congreso de Historia Intelectual de Am\u00e9rica Latina<\/b><span style=\"font-weight: 400;\">. Este encuentro, que se celebra cada dos a\u00f1os desde 2012, se ha consolidado como uno de los espacios m\u00e1s importantes para el intercambio en torno a los debates, balances y perspectivas de la historia intelectual en nuestra regi\u00f3n.<\/span><\/p><p><span style=\"font-weight: 400;\">Durante cuatro jornadas, investigadores e investigadoras de distintos pa\u00edses se reunieron para dialogar sobre temas centrales de la disciplina. El <\/span><b>Center for Intellectual History<\/b><span style=\"font-weight: 400;\"> particip\u00f3 activamente en esta edici\u00f3n del congreso a trav\u00e9s de la presencia de <\/span><b><a href=\"https:\/\/historiaintelectual.com.ar\/eng\/martin-bergel\/\">Mart\u00edn Bergel,<\/a> <a href=\"https:\/\/historiaintelectual.com.ar\/eng\/ximena-espeche\/\">Ximena Espeche<\/a>, <a href=\"https:\/\/historiaintelectual.com.ar\/eng\/martina-garategaray\/\">Martina Garategaray<\/a> and <a href=\"https:\/\/historiaintelectual.com.ar\/eng\/ana-lucia-magrini\/\">Ana Luc\u00eda Magrini<\/a><\/b><span style=\"font-weight: 400;\">, quienes intervinieron en diversas instancias del programa acad\u00e9mico y en presentaciones p\u00fablicas de libros y revistas.<\/span><\/p><h5><b>Actividades destacadas<\/b><\/h5><ul><li style=\"font-weight: 400;\" aria-level=\"1\"><b>Presentaci\u00f3n del libro <\/b><b><i>El Estado editor en Am\u00e9rica Latina.\u00a0<\/i><\/b><b><i><br \/><\/i><\/b><span style=\"font-weight: 400;\"> El 23 de septiembre a las 4.30 pm, en la <\/span><b>Librer\u00eda Garabato de la Biblioteca Luis \u00c1ngel Arango<\/b><span style=\"font-weight: 400;\"> (Calle 11 #4-14, Bogot\u00e1), <\/span><b>Mart\u00edn Bergel<\/b><span style=\"font-weight: 400;\"> presentar\u00e1 este volumen colectivo publicado por la editorial Tren en movimiento en 2025, que coordin\u00f3 junto a <\/span>Carlos Aguirre<span style=\"font-weight: 400;\"> and <\/span>Sebasti\u00e1n Rivera Mir<span style=\"font-weight: 400;\">.\u00a0<\/span><\/li><li style=\"font-weight: 400;\" aria-level=\"1\"><b>Presentaci\u00f3n de la \u00faltima edici\u00f3n de <\/b><b><i>Prismas. Revista de historia intelectual.\u00a0<\/i><\/b><b><i><br \/><\/i><\/b><span style=\"font-weight: 400;\"> En una mesa integrada por <\/span><b>Mart\u00edn Bergel, Ximena Espeche y Martina Garategaray<\/b><span style=\"font-weight: 400;\">, se presentar\u00e1 el m\u00e1s reciente n\u00famero de esta publicaci\u00f3n de referencia. El 24 de septiembre, a las 4pm, en la Universidad Nacional de Colombia, en el edificio Aulas, sal\u00f3n 202.\u00a0<\/span><\/li><li style=\"font-weight: 400;\" aria-level=\"1\"><b>Conferencia de Ana Luc\u00eda Magrini.\u00a0<\/b><b><br \/><\/b><span style=\"font-weight: 400;\"> El 26 de septiembre a las 6pm, en el <\/span>Edificio Jorge Hoyos, piso 3, sal\u00f3n 302<span style=\"font-weight: 400;\">, <\/span>Ana Luc\u00eda Magrini<span style=\"font-weight: 400;\"> dictar\u00e1 la conferencia <\/span><i><span style=\"font-weight: 400;\">\u201cItinerarios de investigaci\u00f3n en comunicaci\u00f3n, pol\u00edtica e historia: hacia una comprensi\u00f3n renovada del <strong>populismo<\/strong> y las <strong>identidades pol\u00edticas<\/strong> en Am\u00e9rica Latina\u201d<\/span><\/i><span style=\"font-weight: 400;\">.\u00a0<\/span><\/li><li style=\"font-weight: 400;\" aria-level=\"1\"><span style=\"font-weight: 400;\">En el cierre, Mart\u00edn Bergel participar\u00e1 de la Mesa redonda: \u201cBalances y perspectivas de la Historia Intelectual en Am\u00e9rica Latina\u201d. La cita es a las 4pm en la Pontificia Universidad Javeriana Auditorio Jaime Hoyos.\u00a0<\/span><\/li><\/ul><p><span style=\"font-weight: 400;\">Ver programa completo <\/span><a href=\"https:\/\/drive.google.com\/file\/d\/1afqBHFUGRxbIytoI3W11QXPRjQc7ivoF\/view?usp=sharing\"><span style=\"font-weight: 400;\">here<\/span><\/a><span style=\"font-weight: 400;\">.<\/span><span style=\"font-weight: 400;\">\u00a0<\/span><\/p><p><a href=\"https:\/\/www.caroycuervo.gov.co\/7o-congreso-de-historia-intelectual-de-america-latina-balances-debates-y-perspectivas-conectadas\/\" target=\"_blank\" rel=\"noopener\"><span style=\"font-weight: 400;\">Learn more.<\/span><\/a><span style=\"font-weight: 400;\">.\u00a0<\/span><\/p><h5><b>Actividad especial fuera del programa oficial<\/b><\/h5><p><span style=\"font-weight: 400;\">El s\u00e1bado <\/span>27 de septiembre a las 17:30 horas<span style=\"font-weight: 400;\">, en la <\/span>Librer\u00eda M\u00e9xico del Centro Cultural Gabriel Garc\u00eda M\u00e1rquez<span style=\"font-weight: 400;\">, <\/span><b>Mart\u00edn Bergel<\/b><span style=\"font-weight: 400;\"> present\u00f3 la reedici\u00f3n centenaria de <\/span><i><span style=\"font-weight: 400;\">La escena contempor\u00e1nea<\/span><\/i><span style=\"font-weight: 400;\">, de Jos\u00e9 Carlos Mari\u00e1tegui, publicada por el Fondo de Cultura Econ\u00f3mica.\u00a0<\/span><\/p>\t\t\t\t\t\t\t\t<\/div>\n\t\t\t\t<\/div>\n\t\t\t\t<\/div>\n\t\t<div class=\"elementor-element elementor-element-c58ad43 e-flex e-con-boxed e-con e-parent\" data-id=\"c58ad43\" data-element_type=\"container\" data-e-type=\"container\">\n\t\t\t\t\t<div class=\"e-con-inner\">\n\t\t\t\t\t<\/div>\n\t\t\t\t<\/div>\n\t\t<div class=\"elementor-element elementor-element-f3f9976 e-flex e-con-boxed e-con e-parent\" data-id=\"f3f9976\" data-element_type=\"container\" data-e-type=\"container\">\n\t\t\t\t\t<div class=\"e-con-inner\">\n\t\t\t\t\t<\/div>\n\t\t\t\t<\/div>\n\t\t\t\t<\/div>","protected":false},"excerpt":{"rendered":"<p>Entre el 23 y el 26 de septiembre de 2025, la ciudad de Bogot\u00e1, Colombia, ser\u00e1 sede de una nueva edici\u00f3n de este importante encuentro para el intercambio en torno a los debates, balances y perspectivas de la historia intelectual en nuestra regi\u00f3n.<\/p>","protected":false},"author":96742468,"featured_media":0,"comment_status":"closed","ping_status":"closed","sticky":false,"template":"","format":"standard","meta":{"footnotes":""},"categories":[93,251],"tags":[],"class_list":["post-10325","post","type-post","status-publish","format-standard","hentry","category-archivo-de-actividades","category-jornadas"],"yoast_head":"<!-- This site is optimized with the Yoast SEO plugin v27.3 - https:\/\/yoast.com\/product\/yoast-seo-wordpress\/ -->\n<title>VII Congreso de Historia Intelectual de Am\u00e9rica Latina (2025) &#187; Historia Intelectual<\/title>\n<meta name=\"robots\" content=\"index, follow, max-snippet:-1, max-image-preview:large, max-video-preview:-1\" \/>\n<link rel=\"canonical\" href=\"https:\/\/historiaintelectual.com.ar\/eng\/vii-congreso-de-historia-intelectual-de-america-latina\/\" \/>\n<meta property=\"og:locale\" content=\"en_US\" \/>\n<meta property=\"og:type\" content=\"article\" \/>\n<meta property=\"og:title\" content=\"VII Congreso de Historia Intelectual de Am\u00e9rica Latina (2025) &#187; Historia Intelectual\" \/>\n<meta property=\"og:description\" content=\"Entre el 23 y el 26 de septiembre de 2025, la ciudad de Bogot\u00e1, Colombia, ser\u00e1 sede de una nueva edici\u00f3n de este importante encuentro para el intercambio en torno a los debates, balances y perspectivas de la historia intelectual en nuestra regi\u00f3n.\" \/>\n<meta property=\"og:url\" content=\"https:\/\/historiaintelectual.com.ar\/eng\/vii-congreso-de-historia-intelectual-de-america-latina\/\" \/>\n<meta property=\"og:site_name\" content=\"Historia Intelectual\" \/>\n<meta property=\"article:publisher\" content=\"https:\/\/www.facebook.com\/Centrodehistoriaintelectual\/\" \/>\n<meta property=\"article:published_time\" content=\"2025-08-27T16:00:45+00:00\" \/>\n<meta property=\"article:modified_time\" content=\"2025-12-12T14:55:49+00:00\" \/>\n<meta property=\"og:image\" content=\"https:\/\/historiaintelectual.com.ar\/wp-content\/uploads\/2025\/08\/chial-_2025.png\" \/>\n\t<meta property=\"og:image:width\" content=\"1920\" \/>\n\t<meta property=\"og:image:height\" content=\"1080\" \/>\n\t<meta property=\"og:image:type\" content=\"image\/png\" \/>\n<meta name=\"author\" content=\"Noel Alvarez\" \/>\n<script type=\"application\/ld+json\" class=\"yoast-schema-graph\">{\"@context\":\"https:\\\/\\\/schema.org\",\"@graph\":[{\"@type\":\"Article\",\"@id\":\"https:\\\/\\\/historiaintelectual.com.ar\\\/vii-congreso-de-historia-intelectual-de-america-latina\\\/#article\",\"isPartOf\":{\"@id\":\"https:\\\/\\\/historiaintelectual.com.ar\\\/vii-congreso-de-historia-intelectual-de-america-latina\\\/\"},\"author\":{\"name\":\"Noel Alvarez\",\"@id\":\"https:\\\/\\\/historiaintelectual.com.ar\\\/#\\\/schema\\\/person\\\/d9da125a96632badb37d306ed1d2d690\"},\"headline\":\"VII Congreso de Historia Intelectual de Am\u00e9rica Latina (2025)\",\"datePublished\":\"2025-08-27T16:00:45+00:00\",\"dateModified\":\"2025-12-12T14:55:49+00:00\",\"mainEntityOfPage\":{\"@id\":\"https:\\\/\\\/historiaintelectual.com.ar\\\/vii-congreso-de-historia-intelectual-de-america-latina\\\/\"},\"wordCount\":412,\"publisher\":{\"@id\":\"https:\\\/\\\/historiaintelectual.com.ar\\\/#organization\"},\"image\":{\"@id\":\"https:\\\/\\\/historiaintelectual.com.ar\\\/vii-congreso-de-historia-intelectual-de-america-latina\\\/#primaryimage\"},\"thumbnailUrl\":\"https:\\\/\\\/historiaintelectual.com.ar\\\/wp-content\\\/uploads\\\/2025\\\/08\\\/chial-_2025.png\",\"articleSection\":[\"Archivo de Actividades\",\"Jornadas\"],\"inLanguage\":\"en-US\"},{\"@type\":\"WebPage\",\"@id\":\"https:\\\/\\\/historiaintelectual.com.ar\\\/vii-congreso-de-historia-intelectual-de-america-latina\\\/\",\"url\":\"https:\\\/\\\/historiaintelectual.com.ar\\\/vii-congreso-de-historia-intelectual-de-america-latina\\\/\",\"name\":\"VII Congreso de Historia Intelectual de Am\u00e9rica Latina (2025) &#187; Historia Intelectual\",\"isPartOf\":{\"@id\":\"https:\\\/\\\/historiaintelectual.com.ar\\\/#website\"},\"primaryImageOfPage\":{\"@id\":\"https:\\\/\\\/historiaintelectual.com.ar\\\/vii-congreso-de-historia-intelectual-de-america-latina\\\/#primaryimage\"},\"image\":{\"@id\":\"https:\\\/\\\/historiaintelectual.com.ar\\\/vii-congreso-de-historia-intelectual-de-america-latina\\\/#primaryimage\"},\"thumbnailUrl\":\"https:\\\/\\\/historiaintelectual.com.ar\\\/wp-content\\\/uploads\\\/2025\\\/08\\\/chial-_2025.png\",\"datePublished\":\"2025-08-27T16:00:45+00:00\",\"dateModified\":\"2025-12-12T14:55:49+00:00\",\"breadcrumb\":{\"@id\":\"https:\\\/\\\/historiaintelectual.com.ar\\\/vii-congreso-de-historia-intelectual-de-america-latina\\\/#breadcrumb\"},\"inLanguage\":\"en-US\",\"potentialAction\":[{\"@type\":\"ReadAction\",\"target\":[\"https:\\\/\\\/historiaintelectual.com.ar\\\/vii-congreso-de-historia-intelectual-de-america-latina\\\/\"]}]},{\"@type\":\"ImageObject\",\"inLanguage\":\"en-US\",\"@id\":\"https:\\\/\\\/historiaintelectual.com.ar\\\/vii-congreso-de-historia-intelectual-de-america-latina\\\/#primaryimage\",\"url\":\"https:\\\/\\\/historiaintelectual.com.ar\\\/wp-content\\\/uploads\\\/2025\\\/08\\\/chial-_2025.png\",\"contentUrl\":\"https:\\\/\\\/historiaintelectual.com.ar\\\/wp-content\\\/uploads\\\/2025\\\/08\\\/chial-_2025.png\"},{\"@type\":\"BreadcrumbList\",\"@id\":\"https:\\\/\\\/historiaintelectual.com.ar\\\/vii-congreso-de-historia-intelectual-de-america-latina\\\/#breadcrumb\",\"itemListElement\":[{\"@type\":\"ListItem\",\"position\":1,\"name\":\"Portada\",\"item\":\"https:\\\/\\\/historiaintelectual.com.ar\\\/\"},{\"@type\":\"ListItem\",\"position\":2,\"name\":\"VII Congreso de Historia Intelectual de Am\u00e9rica Latina (2025)\"}]},{\"@type\":\"WebSite\",\"@id\":\"https:\\\/\\\/historiaintelectual.com.ar\\\/#website\",\"url\":\"https:\\\/\\\/historiaintelectual.com.ar\\\/\",\"name\":\"Historia Intelectual\",\"description\":\"Centro de Historia Intelectual\",\"publisher\":{\"@id\":\"https:\\\/\\\/historiaintelectual.com.ar\\\/#organization\"},\"alternateName\":\"Centro de historia intelectual\",\"potentialAction\":[{\"@type\":\"SearchAction\",\"target\":{\"@type\":\"EntryPoint\",\"urlTemplate\":\"https:\\\/\\\/historiaintelectual.com.ar\\\/?s={search_term_string}\"},\"query-input\":{\"@type\":\"PropertyValueSpecification\",\"valueRequired\":true,\"valueName\":\"search_term_string\"}}],\"inLanguage\":\"en-US\"},{\"@type\":\"Organization\",\"@id\":\"https:\\\/\\\/historiaintelectual.com.ar\\\/#organization\",\"name\":\"Centro Historia Intelectual\",\"url\":\"https:\\\/\\\/historiaintelectual.com.ar\\\/\",\"logo\":{\"@type\":\"ImageObject\",\"inLanguage\":\"en-US\",\"@id\":\"https:\\\/\\\/historiaintelectual.com.ar\\\/#\\\/schema\\\/logo\\\/image\\\/\",\"url\":\"https:\\\/\\\/historiaintelectual.com.ar\\\/wp-content\\\/uploads\\\/2025\\\/04\\\/logo-25.png\",\"contentUrl\":\"https:\\\/\\\/historiaintelectual.com.ar\\\/wp-content\\\/uploads\\\/2025\\\/04\\\/logo-25.png\",\"width\":456,\"height\":456,\"caption\":\"Centro Historia Intelectual\"},\"image\":{\"@id\":\"https:\\\/\\\/historiaintelectual.com.ar\\\/#\\\/schema\\\/logo\\\/image\\\/\"},\"sameAs\":[\"https:\\\/\\\/www.facebook.com\\\/Centrodehistoriaintelectual\\\/\",\"https:\\\/\\\/www.youtube.com\\\/channel\\\/UCGr8q_2-dchoqKT-jT5Lmfw\",\"https:\\\/\\\/www.instagram.com\\\/chi_unq\\\/\"]},{\"@type\":\"Person\",\"@id\":\"https:\\\/\\\/historiaintelectual.com.ar\\\/#\\\/schema\\\/person\\\/d9da125a96632badb37d306ed1d2d690\",\"name\":\"Noel Alvarez\",\"url\":\"http:\\\/\\\/historiaintelectual.com.ar\\\/eng\\\/author\\\/noel\\\/\"}]}<\/script>\n<!-- \/ Yoast SEO plugin. -->","yoast_head_json":{"title":"VII Congreso de Historia Intelectual de Am\u00e9rica Latina (2025) &#187; Historia Intelectual","robots":{"index":"index","follow":"follow","max-snippet":"max-snippet:-1","max-image-preview":"max-image-preview:large","max-video-preview":"max-video-preview:-1"},"canonical":"https:\/\/historiaintelectual.com.ar\/eng\/vii-congreso-de-historia-intelectual-de-america-latina\/","og_locale":"en_US","og_type":"article","og_title":"VII Congreso de Historia Intelectual de Am\u00e9rica Latina (2025) &#187; Historia Intelectual","og_description":"Entre el 23 y el 26 de septiembre de 2025, la ciudad de Bogot\u00e1, Colombia, ser\u00e1 sede de una nueva edici\u00f3n de este importante encuentro para el intercambio en torno a los debates, balances y perspectivas de la historia intelectual en nuestra regi\u00f3n.","og_url":"https:\/\/historiaintelectual.com.ar\/eng\/vii-congreso-de-historia-intelectual-de-america-latina\/","og_site_name":"Historia Intelectual","article_publisher":"https:\/\/www.facebook.com\/Centrodehistoriaintelectual\/","article_published_time":"2025-08-27T16:00:45+00:00","article_modified_time":"2025-12-12T14:55:49+00:00","og_image":[{"width":1920,"height":1080,"url":"https:\/\/historiaintelectual.com.ar\/wp-content\/uploads\/2025\/08\/chial-_2025.png","type":"image\/png"}],"author":"Noel Alvarez","schema":{"@context":"https:\/\/schema.org","@graph":[{"@type":"Article","@id":"https:\/\/historiaintelectual.com.ar\/vii-congreso-de-historia-intelectual-de-america-latina\/#article","isPartOf":{"@id":"https:\/\/historiaintelectual.com.ar\/vii-congreso-de-historia-intelectual-de-america-latina\/"},"author":{"name":"Noel Alvarez","@id":"https:\/\/historiaintelectual.com.ar\/#\/schema\/person\/d9da125a96632badb37d306ed1d2d690"},"headline":"VII Congreso de Historia Intelectual de Am\u00e9rica Latina (2025)","datePublished":"2025-08-27T16:00:45+00:00","dateModified":"2025-12-12T14:55:49+00:00","mainEntityOfPage":{"@id":"https:\/\/historiaintelectual.com.ar\/vii-congreso-de-historia-intelectual-de-america-latina\/"},"wordCount":412,"publisher":{"@id":"https:\/\/historiaintelectual.com.ar\/#organization"},"image":{"@id":"https:\/\/historiaintelectual.com.ar\/vii-congreso-de-historia-intelectual-de-america-latina\/#primaryimage"},"thumbnailUrl":"https:\/\/historiaintelectual.com.ar\/wp-content\/uploads\/2025\/08\/chial-_2025.png","articleSection":["Archivo de Actividades","Jornadas"],"inLanguage":"en-US"},{"@type":"WebPage","@id":"https:\/\/historiaintelectual.com.ar\/vii-congreso-de-historia-intelectual-de-america-latina\/","url":"https:\/\/historiaintelectual.com.ar\/vii-congreso-de-historia-intelectual-de-america-latina\/","name":"VII Congreso de Historia Intelectual de Am\u00e9rica Latina (2025) &#187; Historia Intelectual","isPartOf":{"@id":"https:\/\/historiaintelectual.com.ar\/#website"},"primaryImageOfPage":{"@id":"https:\/\/historiaintelectual.com.ar\/vii-congreso-de-historia-intelectual-de-america-latina\/#primaryimage"},"image":{"@id":"https:\/\/historiaintelectual.com.ar\/vii-congreso-de-historia-intelectual-de-america-latina\/#primaryimage"},"thumbnailUrl":"https:\/\/historiaintelectual.com.ar\/wp-content\/uploads\/2025\/08\/chial-_2025.png","datePublished":"2025-08-27T16:00:45+00:00","dateModified":"2025-12-12T14:55:49+00:00","breadcrumb":{"@id":"https:\/\/historiaintelectual.com.ar\/vii-congreso-de-historia-intelectual-de-america-latina\/#breadcrumb"},"inLanguage":"en-US","potentialAction":[{"@type":"ReadAction","target":["https:\/\/historiaintelectual.com.ar\/vii-congreso-de-historia-intelectual-de-america-latina\/"]}]},{"@type":"ImageObject","inLanguage":"en-US","@id":"https:\/\/historiaintelectual.com.ar\/vii-congreso-de-historia-intelectual-de-america-latina\/#primaryimage","url":"https:\/\/historiaintelectual.com.ar\/wp-content\/uploads\/2025\/08\/chial-_2025.png","contentUrl":"https:\/\/historiaintelectual.com.ar\/wp-content\/uploads\/2025\/08\/chial-_2025.png"},{"@type":"BreadcrumbList","@id":"https:\/\/historiaintelectual.com.ar\/vii-congreso-de-historia-intelectual-de-america-latina\/#breadcrumb","itemListElement":[{"@type":"ListItem","position":1,"name":"Portada","item":"https:\/\/historiaintelectual.com.ar\/"},{"@type":"ListItem","position":2,"name":"VII Congreso de Historia Intelectual de Am\u00e9rica Latina (2025)"}]},{"@type":"WebSite","@id":"https:\/\/historiaintelectual.com.ar\/#website","url":"https:\/\/historiaintelectual.com.ar\/","name":"Historia Intelectual","description":"Center for Intellectual History","publisher":{"@id":"https:\/\/historiaintelectual.com.ar\/#organization"},"alternateName":"Centro de historia intelectual","potentialAction":[{"@type":"SearchAction","target":{"@type":"EntryPoint","urlTemplate":"https:\/\/historiaintelectual.com.ar\/?s={search_term_string}"},"query-input":{"@type":"PropertyValueSpecification","valueRequired":true,"valueName":"search_term_string"}}],"inLanguage":"en-US"},{"@type":"Organization","@id":"https:\/\/historiaintelectual.com.ar\/#organization","name":"Centro Historia Intelectual","url":"https:\/\/historiaintelectual.com.ar\/","logo":{"@type":"ImageObject","inLanguage":"en-US","@id":"https:\/\/historiaintelectual.com.ar\/#\/schema\/logo\/image\/","url":"https:\/\/historiaintelectual.com.ar\/wp-content\/uploads\/2025\/04\/logo-25.png","contentUrl":"https:\/\/historiaintelectual.com.ar\/wp-content\/uploads\/2025\/04\/logo-25.png","width":456,"height":456,"caption":"Centro Historia Intelectual"},"image":{"@id":"https:\/\/historiaintelectual.com.ar\/#\/schema\/logo\/image\/"},"sameAs":["https:\/\/www.facebook.com\/Centrodehistoriaintelectual\/","https:\/\/www.youtube.com\/channel\/UCGr8q_2-dchoqKT-jT5Lmfw","https:\/\/www.instagram.com\/chi_unq\/"]},{"@type":"Person","@id":"https:\/\/historiaintelectual.com.ar\/#\/schema\/person\/d9da125a96632badb37d306ed1d2d690","name":"Noel Alvarez","url":"http:\/\/historiaintelectual.com.ar\/eng\/author\/noel\/"}]}},"_links":{"self":[{"href":"http:\/\/historiaintelectual.com.ar\/eng\/wp-json\/wp\/v2\/posts\/10325","targetHints":{"allow":["GET"]}}],"collection":[{"href":"http:\/\/historiaintelectual.com.ar\/eng\/wp-json\/wp\/v2\/posts"}],"about":[{"href":"http:\/\/historiaintelectual.com.ar\/eng\/wp-json\/wp\/v2\/types\/post"}],"author":[{"embeddable":true,"href":"http:\/\/historiaintelectual.com.ar\/eng\/wp-json\/wp\/v2\/users\/96742468"}],"replies":[{"embeddable":true,"href":"http:\/\/historiaintelectual.com.ar\/eng\/wp-json\/wp\/v2\/comments?post=10325"}],"version-history":[{"count":23,"href":"http:\/\/historiaintelectual.com.ar\/eng\/wp-json\/wp\/v2\/posts\/10325\/revisions"}],"predecessor-version":[{"id":11109,"href":"http:\/\/historiaintelectual.com.ar\/eng\/wp-json\/wp\/v2\/posts\/10325\/revisions\/11109"}],"wp:attachment":[{"href":"http:\/\/historiaintelectual.com.ar\/eng\/wp-json\/wp\/v2\/media?parent=10325"}],"wp:term":[{"taxonomy":"category","embeddable":true,"href":"http:\/\/historiaintelectual.com.ar\/eng\/wp-json\/wp\/v2\/categories?post=10325"},{"taxonomy":"post_tag","embeddable":true,"href":"http:\/\/historiaintelectual.com.ar\/eng\/wp-json\/wp\/v2\/tags?post=10325"}],"curies":[{"name":"wp","href":"https:\/\/api.w.org\/{rel}","templated":true}]}}